{"id":163345,"date":"2025-03-15T03:35:42","date_gmt":"2025-03-15T03:35:42","guid":{"rendered":"http:\/\/cordobadirecto.com\/index.php\/2025\/03\/15\/se-lanzo-la-expo-parques-industriales-2025-duplicara-en-escala-a-la-edicion-del-ano-pasado\/"},"modified":"2025-03-15T03:35:42","modified_gmt":"2025-03-15T03:35:42","slug":"se-lanzo-la-expo-parques-industriales-2025-duplicara-en-escala-a-la-edicion-del-ano-pasado","status":"publish","type":"post","link":"http:\/\/cordobadirecto.com\/index.php\/2025\/03\/15\/se-lanzo-la-expo-parques-industriales-2025-duplicara-en-escala-a-la-edicion-del-ano-pasado\/","title":{"rendered":"Se lanz\u00f3 la Expo Parques Industriales 2025: duplicar\u00e1 en escala a la edici\u00f3n del a\u00f1o pasado"},"content":{"rendered":"<p>Se desarrollar\u00e1 el 27 y 28 de agosto en el Centro de Convenciones <b>C\u00f3rdoba<\/b>. Los ejes de este a\u00f1o ser\u00e1n eficiencia energ\u00e9tica, <b>econom\u00eda<\/b> circular e&nbsp;&#8230; <\/p>\n","protected":false},"excerpt":{"rendered":"<p>Se desarrollar\u00e1 el 27 y 28 de agosto en el Centro de Convenciones C\u00f3rdoba. Los ejes de este a\u00f1o ser\u00e1n eficiencia energ\u00e9tica, econom\u00eda circular e&nbsp;&#8230;<\/p>\n","protected":false},"author":1,"featured_media":0,"comment_status":"closed","ping_status":"closed","sticky":false,"template":"","format":"standard","meta":[],"categories":[40],"tags":[],"_links":{"self":[{"href":"http:\/\/cordobadirecto.com\/index.php\/wp-json\/wp\/v2\/posts\/163345"}],"collection":[{"href":"http:\/\/cordobadirecto.com\/index.php\/wp-json\/wp\/v2\/posts"}],"about":[{"href":"http:\/\/cordobadirecto.com\/index.php\/wp-json\/wp\/v2\/types\/post"}],"author":[{"embeddable":true,"href":"http:\/\/cordobadirecto.com\/index.php\/wp-json\/wp\/v2\/users\/1"}],"replies":[{"embeddable":true,"href":"http:\/\/cordobadirecto.com\/index.php\/wp-json\/wp\/v2\/comments?post=163345"}],"version-history":[{"count":0,"href":"http:\/\/cordobadirecto.com\/index.php\/wp-json\/wp\/v2\/posts\/163345\/revisions"}],"wp:attachment":[{"href":"http:\/\/cordobadirecto.com\/index.php\/wp-json\/wp\/v2\/media?parent=163345"}],"wp:term":[{"taxonomy":"category","embeddable":true,"href":"http:\/\/cordobadirecto.com\/index.php\/wp-json\/wp\/v2\/categories?post=163345"},{"taxonomy":"post_tag","embeddable":true,"href":"http:\/\/cordobadirecto.com\/index.php\/wp-json\/wp\/v2\/tags?post=163345"}],"curies":[{"name":"wp","href":"https:\/\/api.w.org\/{rel}","templated":true}]}}