{"id":163367,"date":"2025-03-15T10:30:38","date_gmt":"2025-03-15T10:30:38","guid":{"rendered":"https:\/\/www.ole.com.ar\/autos\/formula-1-gp-australia-qualy-parrilla-salida_0_XgF7JerMQe.html"},"modified":"2025-03-15T10:30:38","modified_gmt":"2025-03-15T10:30:38","slug":"se-definio-la-parrilla-de-salida-del-gp-de-australia-quien-consiguio-la-pole-y-que-puestos-ocuparon-los-pilotos-de-alpine","status":"publish","type":"post","link":"http:\/\/cordobadirecto.com\/index.php\/2025\/03\/15\/se-definio-la-parrilla-de-salida-del-gp-de-australia-quien-consiguio-la-pole-y-que-puestos-ocuparon-los-pilotos-de-alpine\/","title":{"rendered":"Se defini\u00f3 la parrilla de salida del GP de Australia: qui\u00e9n consigui\u00f3 la pole y qu\u00e9 puestos ocuparon los pilotos de Alpine"},"content":{"rendered":"<p><span class=\"createDate\">15\/03\/2025 07:30hs.<\/span><time class=\"modificatedDate\" datetime=\"2025-03-15T07:35:47-03:00\"> Actualizado al 15\/03\/2025 07:35hs.<\/time><\/p>\n<div id=\"storyBody\">\n<div class=\"custom-text \" readability=\"31.202764976959\">\n<p>La <strong><a href=\"https:\/\/www.ole.com.ar\/tema\/formula-1.html\" target=\"_blank\" title=\"F\u00f3rmula 1\" alt=\"F\u00f3rmula 1\" rel=\"noopener\">F\u00f3rmula 1<\/a><\/strong> comenz\u00f3 su cuenta regresiva de cara al <strong><a href=\"https:\/\/www.ole.com.ar\/autos\/formula-1-gran-premio-australia-dias-horarios-tv-ver_0_bXNv8gosx7.html\" target=\"_blank\" title=\"Gran Premio de Australia\" alt=\"Gran Premio de Australia\" rel=\"noopener\">Gran Premio de Australia<\/a><\/strong>, el primer circuito de la temporada. Por lo tanto, con la clasificaci\u00f3n terminada, qued\u00f3 definida la parrilla de salida para el domingo.<\/p>\n<\/div>\n<div class=\"custom-text \" readability=\"31.549815498155\">\n<p>En esta oportunidad, <strong><a href=\"https:\/\/www.ole.com.ar\/tema\/mclaren.html\" target=\"_blank\" title=\"McLaren\" alt=\"McLaren\" rel=\"noopener\">McLaren<\/a><\/strong> domin\u00f3 ampliamente la qualy. <strong><a href=\"https:\/\/www.ole.com.ar\/tema\/lando-norris.html\" target=\"_blank\" title=\"Lando Norris\" alt=\"Lando Norris\" rel=\"noopener\">Lando Norris<\/a><\/strong> consigui\u00f3 la pole position y fue escoltado por <strong><a href=\"https:\/\/www.ole.com.ar\/tema\/oscar-piastri.html\" target=\"_blank\" title=\"Oscar Piastri\" alt=\"Oscar Piastri\" rel=\"noopener\">Oscar Piastri<\/a><\/strong>, su compa\u00f1ero de equipo. Luego, el podio de largada lo complet\u00f3 el ic\u00f3nico <strong><a href=\"https:\/\/www.ole.com.ar\/tema\/max-verstappen.html\" target=\"_blank\" title=\"Max Verstappen\" alt=\"Max Verstappen\" rel=\"noopener\">Max Verstappen<\/a><\/strong>, hombre que partir\u00e1 desde el tercer puesto.<\/p>\n<\/div>\n<div class=\"sc-e7b891c4-0 ifHnQL image-embed\"><img alt=\"Lando Norris celebra la pole position. (REUTER)\" loading=\"lazy\" width=\"720\" height=\"100\" decoding=\"async\" data-nimg=\"1\" src=\"http:\/\/cordobadirecto.com\/wp-content\/uploads\/2025\/03\/se-definio-la-parrilla-de-salida-del-gp-de-australia-quien-consiguio-la-pole-y-que-puestos-ocuparon-los-pilotos-de-alpine.jpg\"><span class=\"epigraphe\">Lando Norris celebra la pole position. (REUTER)<\/span><\/div>\n<div class=\"custom-text \" readability=\"39\">\n<p>Por otro lado, la escuder\u00eda a la que pertenece <strong>Franco Colapinto<\/strong> tuvo una jornada agridulce. Si bien <strong>Pierre Gasly<\/strong> (el primer piloto) qued\u00f3 noveno, el que qued\u00f3 fuera del top ten fue <strong>Jack Doohan<\/strong>, corredor con el que el argentino se disputa el puesto. Luego de realizar maniobras bastante arriesgadas en la pr\u00e1ctica, <strong>el australiano se ubic\u00f3 en la 14\u00b0 posici\u00f3n<\/strong>.<\/p>\n<\/div>\n<div class=\"sc-e7b891c4-0 ifHnQL image-embed\"><img alt=\"Jack Doohan en Alpine. (AP)\" loading=\"lazy\" width=\"720\" height=\"100\" decoding=\"async\" data-nimg=\"1\" src=\"http:\/\/cordobadirecto.com\/wp-content\/uploads\/2025\/03\/se-definio-la-parrilla-de-salida-del-gp-de-australia-quien-consiguio-la-pole-y-que-puestos-ocuparon-los-pilotos-de-alpine-1.jpg\"><span class=\"epigraphe\">Jack Doohan en Alpine. (AP)<\/span><\/div>\n<p><h2>C\u00f3mo qued\u00f3 la parrilla de salida para el GP de Australia<\/h2>\n<\/p>\n<div class=\"custom-text \">\n<ol>\n<li>Lando Norris<\/li>\n<li>Oscar Piastri<\/li>\n<li>Max Verstappen<\/li>\n<li>George Russell <\/li>\n<li>Yuki Tsunoda <\/li>\n<li>Alexander Albon<\/li>\n<li>Charles Leclerc<\/li>\n<li>Lewis Hamilton<\/li>\n<li>Pierre Gasly<\/li>\n<li>Carlos Sainz<\/li>\n<li>Isack Hadjar<\/li>\n<li>Fernando Alonso<\/li>\n<li>Lance Stroll<\/li>\n<li>Jack Doohan<\/li>\n<li>Gabriel Bortoleto<\/li>\n<li>Andrea Kimi Antonelli <\/li>\n<li>Nico Hulkenberg <\/li>\n<li>Liam Lawson<\/li>\n<li>Esteban Ocon<\/li>\n<li>Oliver Bearman<\/li>\n<\/ol>\n<\/div>\n<p><h2>A qu\u00e9 hora es el GP de Australia y c\u00f3mo ver en Argentina<\/h2>\n<\/p>\n<div class=\"custom-text \" readability=\"33\">\n<p>El <strong>Gran Premio de Australia<\/strong> se llevar\u00e1 a cabo el <strong>domingo 16 de marzo <\/strong>a la 1 de la madrugada y se podr\u00e1 ver a trav\u00e9s de Fox Sports y Disney+. <\/p>\n<\/div>\n<p><h2>C\u00f3mo sigue la actividad tras la carrera inaugural<\/h2>\n<\/p>\n<div class=\"custom-text \" readability=\"35\">\n<p>Luego del <strong>Gran Premio de Australia<\/strong>, habr\u00e1 otras <strong>23 carreras<\/strong> a lo largo de la temporada. A continuaci\u00f3n, d\u00f3nde y cu\u00e1ndo ser\u00e1 cada una de ellas.<\/p>\n<\/div>\n<div class=\"custom-text \">\n<ul>\n<li>China | Shangai: 21 al 23 de marzo<\/li>\n<\/ul>\n<\/div>\n<div class=\"custom-text \">\n<ul>\n<li>Jap\u00f3n | Suzuka: 4 al 6 de abril<\/li>\n<\/ul>\n<\/div>\n<div class=\"custom-text \">\n<ul>\n<li>Bahr\u00e9in | Sakhir: 11 al 13 de abril<\/li>\n<\/ul>\n<\/div>\n<div class=\"custom-text \">\n<ul>\n<li>Arabia Saudita | Yedda: 18 al 20 de abril<\/li>\n<\/ul>\n<\/div>\n<div class=\"custom-text \">\n<ul>\n<li>Estados Unidos | Miami: 2 al 4 de mayo<\/li>\n<\/ul>\n<\/div>\n<div class=\"custom-text \">\n<ul>\n<li>Italia | Imola: 16 al 18 de mayo<\/li>\n<\/ul>\n<\/div>\n<div class=\"custom-text \">\n<ul>\n<li>M\u00f3naco | M\u00f3naco: 23 al 25 de mayo<\/li>\n<\/ul>\n<\/div>\n<div class=\"custom-text \">\n<ul>\n<li>Espa\u00f1a | Barcelona: 30 de mayo al 1\u00b0 de junio<\/li>\n<\/ul>\n<\/div>\n<div class=\"custom-text \">\n<ul>\n<li>Canad\u00e1 | Montreal: 13 al 15 de junio<\/li>\n<\/ul>\n<\/div>\n<div class=\"custom-text \">\n<ul>\n<li>Austria | Spielberg: 27 al 29 de junio<\/li>\n<\/ul>\n<\/div>\n<div class=\"custom-text \">\n<ul>\n<li>Reino Unido | Silverstone: 4 al 6 de julio<\/li>\n<\/ul>\n<\/div>\n<div class=\"custom-text \">\n<ul>\n<li>B\u00e9lgica | Spa-Francorchamps: 25 al 27 de julio<\/li>\n<\/ul>\n<\/div>\n<div class=\"custom-text \">\n<ul>\n<li>Hungr\u00eda | Budapest: 1 al 3 de agosto<\/li>\n<\/ul>\n<\/div>\n<div class=\"custom-text \">\n<ul>\n<li>Pa\u00edses Bajos | Zandvoort: 29 al 31 de agosto<\/li>\n<\/ul>\n<\/div>\n<div class=\"custom-text \">\n<ul>\n<li>Italia | Monza: 5 al 7 de septiembre<\/li>\n<\/ul>\n<\/div>\n<div class=\"custom-text \">\n<ul>\n<li>Azerbaiy\u00e1n | Bak\u00fa: 19 al 21 de septiembre<\/li>\n<\/ul>\n<\/div>\n<div class=\"custom-text \">\n<ul>\n<li>Singapur | Singapur: 3 al 5 de octubre<\/li>\n<\/ul>\n<\/div>\n<div class=\"custom-text \">\n<ul>\n<li>Estados Unidos | Austin: 17 al 19 de octubre<\/li>\n<\/ul>\n<\/div>\n<div class=\"custom-text \">\n<ul>\n<li>M\u00e9xico | Ciudad de M\u00e9xico: 24 al 26 de octubre<\/li>\n<\/ul>\n<\/div>\n<div class=\"custom-text \">\n<ul>\n<li>Brasil | San Pablo: 7 al 9 de noviembre<\/li>\n<\/ul>\n<\/div>\n<div class=\"custom-text \">\n<ul>\n<li>Estados Unidos | Las Vegas: 20 al 22 de noviembre<\/li>\n<\/ul>\n<\/div>\n<div class=\"custom-text \">\n<ul>\n<li>Qatar | Lusail: 28 al 30 de noviembre<\/li>\n<\/ul>\n<\/div>\n<div class=\"custom-text \">\n<ul>\n<li>Abu Dhabi | Yas Marina: 5 al 7 de diciembre<\/li>\n<\/ul>\n<\/div>\n<div class=\"sc-a7166897-0 eoLsBE\" readability=\"6\">\n<section readability=\"2\"><picture><img alt=\"Todo lo que hay que saber de la F\u00f3rmula 1 antes de que se largue en Australia\" loading=\"lazy\" width=\"290\" height=\"290\" decoding=\"async\" data-nimg=\"1\" src=\"http:\/\/cordobadirecto.com\/wp-content\/uploads\/2025\/03\/se-definio-la-parrilla-de-salida-del-gp-de-australia-quien-consiguio-la-pole-y-que-puestos-ocuparon-los-pilotos-de-alpine-2.jpg\"><\/picture>\n<p><span>Mir\u00e1 tambi\u00e9n<\/span><\/p>\n<hr>\n<h3>Todo lo que hay que saber de la F\u00f3rmula 1 antes de que se largue en Australia<\/h3>\n<\/p>\n<\/section>\n<\/div>\n<div class=\"sc-a7166897-0 eoLsBE\" readability=\"6\">\n<section readability=\"2\"><picture><img alt=\"El sorprendente arranque de Valent\u00edn Perrone en el GP de Argentina de Moto3\" loading=\"lazy\" width=\"290\" height=\"290\" decoding=\"async\" data-nimg=\"1\" src=\"http:\/\/cordobadirecto.com\/wp-content\/uploads\/2025\/03\/se-definio-la-parrilla-de-salida-del-gp-de-australia-quien-consiguio-la-pole-y-que-puestos-ocuparon-los-pilotos-de-alpine-3.jpg\"><\/picture>\n<p><span>Mir\u00e1 tambi\u00e9n<\/span><\/p>\n<hr>\n<h3>El sorprendente arranque de Valent\u00edn Perrone en el GP de Argentina de Moto3<\/h3>\n<\/p>\n<\/section>\n<\/div>\n<div class=\"sc-a7166897-0 eoLsBE\" readability=\"6.5\">\n<section readability=\"3\"><picture><img alt=\"Leclerc y su Ferrari hicieron el mejor tiempo en la segunda sesi\u00f3n de entrenamientos libres en el GP de Australia\" loading=\"lazy\" width=\"290\" height=\"290\" decoding=\"async\" data-nimg=\"1\" src=\"http:\/\/cordobadirecto.com\/wp-content\/uploads\/2025\/03\/se-definio-la-parrilla-de-salida-del-gp-de-australia-quien-consiguio-la-pole-y-que-puestos-ocuparon-los-pilotos-de-alpine-4.jpg\"><\/picture>\n<p><span>Mir\u00e1 tambi\u00e9n<\/span><\/p>\n<hr>\n<h3>Leclerc y su Ferrari hicieron el mejor tiempo en la segunda sesi\u00f3n de entrenamientos libres en el GP de Australia<\/h3>\n<\/p>\n<\/section>\n<\/div>\n<\/div>\n","protected":false},"excerpt":{"rendered":"<p>15\/03\/2025 07:30hs. Actualizado al 15\/03\/2025 07:35hs. La F\u00f3rmula 1 comenz\u00f3 su cuenta regresiva de cara al Gran Premio de Australia, el primer circuito de la temporada. Por lo tanto, con la clasificaci\u00f3n terminada, qued\u00f3 definida la parrilla de salida para el domingo. En esta oportunidad, McLaren domin\u00f3 ampliamente la qualy. Lando Norris consigui\u00f3 la pole [&hellip;]<\/p>\n","protected":false},"author":1,"featured_media":163368,"comment_status":"closed","ping_status":"closed","sticky":false,"template":"","format":"standard","meta":[],"categories":[21],"tags":[],"_links":{"self":[{"href":"http:\/\/cordobadirecto.com\/index.php\/wp-json\/wp\/v2\/posts\/163367"}],"collection":[{"href":"http:\/\/cordobadirecto.com\/index.php\/wp-json\/wp\/v2\/posts"}],"about":[{"href":"http:\/\/cordobadirecto.com\/index.php\/wp-json\/wp\/v2\/types\/post"}],"author":[{"embeddable":true,"href":"http:\/\/cordobadirecto.com\/index.php\/wp-json\/wp\/v2\/users\/1"}],"replies":[{"embeddable":true,"href":"http:\/\/cordobadirecto.com\/index.php\/wp-json\/wp\/v2\/comments?post=163367"}],"version-history":[{"count":0,"href":"http:\/\/cordobadirecto.com\/index.php\/wp-json\/wp\/v2\/posts\/163367\/revisions"}],"wp:featuredmedia":[{"embeddable":true,"href":"http:\/\/cordobadirecto.com\/index.php\/wp-json\/wp\/v2\/media\/163368"}],"wp:attachment":[{"href":"http:\/\/cordobadirecto.com\/index.php\/wp-json\/wp\/v2\/media?parent=163367"}],"wp:term":[{"taxonomy":"category","embeddable":true,"href":"http:\/\/cordobadirecto.com\/index.php\/wp-json\/wp\/v2\/categories?post=163367"},{"taxonomy":"post_tag","embeddable":true,"href":"http:\/\/cordobadirecto.com\/index.php\/wp-json\/wp\/v2\/tags?post=163367"}],"curies":[{"name":"wp","href":"https:\/\/api.w.org\/{rel}","templated":true}]}}