{"id":163369,"date":"2025-03-15T00:31:15","date_gmt":"2025-03-15T00:31:15","guid":{"rendered":"https:\/\/www.ole.com.ar\/autos\/alex-rins-newells-argentina-gran-premio-gp-termas-rio-hondo-piloto-espanol-yamaha-diego-maradona_0_QW4y9iq61s.html"},"modified":"2025-03-15T00:31:15","modified_gmt":"2025-03-15T00:31:15","slug":"un-piloto-de-motogp-homenajeo-a-maradona-en-el-gp-de-termas","status":"publish","type":"post","link":"http:\/\/cordobadirecto.com\/index.php\/2025\/03\/15\/un-piloto-de-motogp-homenajeo-a-maradona-en-el-gp-de-termas\/","title":{"rendered":"Un piloto de MotoGP homenaje\u00f3 a Maradona en el GP de Termas"},"content":{"rendered":"<p><time class=\"createDate\" datetime=\"2025-03-14T21:31:15-03:00\">14\/03\/2025 21:31hs.<\/time><\/p>\n<div id=\"storyBody\">\n<div class=\"custom-text \" readability=\"38\">\n<p><strong>En el marco de una nueva edici\u00f3n del MotoGP<\/strong> en la ciudad de Termas de R\u00edo Hondo, tras estar afuera del calendario mundial de la m\u00e1xima categor\u00eda, <strong>el piloto \u00c1lex Rins<\/strong> apareci\u00f3 en el circuito con una <strong>camiseta de Newell&#8217;s muy especial<\/strong> con la que atrajo tanto a sus hinchas como a todos los medios de comunicaci\u00f3n tras manifestarse fan\u00e1tico de uno de los mejores deportistas de la historia de Argentina: el que sigue con nosotros, Diego Armando Maradona.<\/p>\n<\/div>\n<div class=\"custom-text \" readability=\"44\">\n<p>Mientras estuvo recorriendo la pista y el Museo de Las Termas,<strong> Rins mostr\u00f3 su camiseta de Newell&#8217;s Old Boys<\/strong>, el club en el que Diego dej\u00f3 una huella imborrable, y comparti\u00f3 con gran emoci\u00f3n el significado de ese gesto. &#8220;<strong>Decid\u00ed levar la camiseta de Maradona porque \u00e9l es una leyenda ac\u00e1 en Argentina<\/strong>, un s\u00edmbolo de este . Es un lugar especial, lleno de historia, y adem\u00e1s es la que us\u00f3 Messi en su paso por el club. <strong>Me siento muy afortunado de poder llevarl<\/strong>a&#8221;, cerr\u00f3 el espa\u00f1ol, que corre con la Yamaha, visiblemente emocionado por la oportunidad de rendir homenaje a dos de los m\u00e1s grandes \u00edconos del deporte argentino.<\/p>\n<\/div>\n<div class=\"sc-e7b891c4-0 ifHnQL image-embed\"><img alt=\"\u00c1lex Rins homenaje\u00f3 a Maradona poni\u00e9ndose la camiseta de Newell's en el GP de Argentina de MotoGP. (IG)\" loading=\"lazy\" width=\"720\" height=\"100\" decoding=\"async\" data-nimg=\"1\" src=\"http:\/\/cordobadirecto.com\/wp-content\/uploads\/2025\/03\/un-piloto-de-motogp-homenajeo-a-maradona-en-el-gp-de-termas.jpg\"><span class=\"epigraphe\">\u00c1lex Rins homenaje\u00f3 a Maradona poni\u00e9ndose la camiseta de Newell&#8217;s en el GP de Argentina de MotoGP. (IG)<\/span><\/div>\n<p><h2><strong>Marc M\u00e1rquez sigue volando con la Ducati oficial, esta vez en Termas<\/strong><\/h2>\n<\/p>\n<div class=\"custom-text \" readability=\"45\">\n<p>En la jornada de este viernes, el heptacampe\u00f3n mundial, <strong>Marc M\u00e1rquez<\/strong>, quien no compet\u00eda en el pa\u00eds desde hac\u00eda cinco a\u00f1os, <strong>marc\u00f3 el mejor tiempo<\/strong> en las primeras dos sesiones y es el gran favorito a llevarse todo, la Pole, la Sprint y la carrera del domingo. <strong>El espa\u00f1ol par\u00f3 el cron\u00f3metro en su mejor giro en 1:38.937<\/strong>, completaron el podio de la primera pr\u00e1ctica oficial en el circuito de Termas un sorpresivo Johann Zarco y Alex M\u00e1rquez, quien compiti\u00f3 mano a mano con su hermano por la victoria en el Gran Premio de Tailandia. El compa\u00f1ero de equipo de Marc, Pecco Bagnaia, qued\u00f3 en la 16\u00b0 posici\u00f3n con la Ducati.<\/p>\n<\/div>\n<p><h2><strong>D\u00edas, horarios y TV del Gran Premio de MotoGP en Argentina.<\/strong><\/h2>\n<\/p>\n<div class=\"custom-text \" readability=\"42\">\n<p><strong>La actividad para este s\u00e1bado<\/strong>, en el horario matutino, ser\u00e1 la <strong>FP2<\/strong> con una duraci\u00f3n de 30m de 10.10 a 10.40.Tambi\u00e9n tendremos las <strong>dos Qualys<\/strong>, la primera ser\u00e1 de 10.50 a 11.05 y la segunda de 11.15 a 11.30. Luego, en el <strong>horario vespertino<\/strong>, a las 15 se correr\u00e1 la <strong>Sprint a 13 vueltas<\/strong>. Y, el plato principal del fin de semana ser\u00e1 <strong>la carrera del domingo<\/strong> a las 15 <strong>con un total de 25 giros<\/strong>, la televisa Disney+ y ESPN2.<\/p>\n<\/div>\n<div class=\"sc-a7166897-0 eoLsBE\" readability=\"6\">\n<section readability=\"2\"><picture><img alt=\"La raz\u00f3n por la que Marc M\u00e1rquez no se quiso poner la camiseta de Messi\" loading=\"lazy\" width=\"290\" height=\"290\" decoding=\"async\" data-nimg=\"1\" src=\"http:\/\/cordobadirecto.com\/wp-content\/uploads\/2025\/03\/un-piloto-de-motogp-homenajeo-a-maradona-en-el-gp-de-termas-1.jpg\"><\/picture>\n<p><span>Mir\u00e1 tambi\u00e9n<\/span><\/p>\n<hr>\n<h3>La raz\u00f3n por la que Marc M\u00e1rquez no se quiso poner la camiseta de Messi<\/h3>\n<\/p>\n<\/section>\n<\/div>\n<div class=\"sc-a7166897-0 eoLsBE\" readability=\"6\">\n<section readability=\"2\"><picture><img alt=\"OnlyFans y el MotoGP se unieron en el Gran Premio de Argentina\" loading=\"lazy\" width=\"290\" height=\"290\" decoding=\"async\" data-nimg=\"1\" src=\"http:\/\/cordobadirecto.com\/wp-content\/uploads\/2025\/03\/un-piloto-de-motogp-homenajeo-a-maradona-en-el-gp-de-termas-2.jpg\"><\/picture>\n<p><span>Mir\u00e1 tambi\u00e9n<\/span><\/p>\n<hr>\n<h3>OnlyFans y el MotoGP se unieron en el Gran Premio de Argentina<\/h3>\n<\/p>\n<\/section>\n<\/div>\n<div class=\"sc-a7166897-0 eoLsBE\" readability=\"6\">\n<section readability=\"2\"><picture><img alt=\"El sorprendente arranque de Valent\u00edn Perrone en el GP de Argentina de Moto3\" loading=\"lazy\" width=\"290\" height=\"290\" decoding=\"async\" data-nimg=\"1\" src=\"http:\/\/cordobadirecto.com\/wp-content\/uploads\/2025\/03\/un-piloto-de-motogp-homenajeo-a-maradona-en-el-gp-de-termas-3.jpg\"><\/picture>\n<p><span>Mir\u00e1 tambi\u00e9n<\/span><\/p>\n<hr>\n<h3>El sorprendente arranque de Valent\u00edn Perrone en el GP de Argentina de Moto3<\/h3>\n<\/p>\n<\/section>\n<\/div>\n<div class=\"sc-a7166897-0 eoLsBE\" readability=\"6\">\n<section readability=\"2\"><picture><img alt=\"Vuelve la Moto GP a Termas: cu\u00e1ndo es y c\u00f3mo ver la segunda fecha en Argentina\" loading=\"lazy\" width=\"290\" height=\"290\" decoding=\"async\" data-nimg=\"1\" src=\"http:\/\/cordobadirecto.com\/wp-content\/uploads\/2025\/03\/un-piloto-de-motogp-homenajeo-a-maradona-en-el-gp-de-termas-4.jpg\"><\/picture>\n<p><span>Mir\u00e1 tambi\u00e9n<\/span><\/p>\n<hr>\n<h3>Vuelve la Moto GP a Termas: cu\u00e1ndo es y c\u00f3mo ver la segunda fecha en Argentina<\/h3>\n<\/p>\n<\/section>\n<\/div>\n<\/div>\n","protected":false},"excerpt":{"rendered":"<p>14\/03\/2025 21:31hs. En el marco de una nueva edici\u00f3n del MotoGP en la ciudad de Termas de R\u00edo Hondo, tras estar afuera del calendario mundial de la m\u00e1xima categor\u00eda, el piloto \u00c1lex Rins apareci\u00f3 en el circuito con una camiseta de Newell&#8217;s muy especial con la que atrajo tanto a sus hinchas como a todos [&hellip;]<\/p>\n","protected":false},"author":1,"featured_media":163370,"comment_status":"closed","ping_status":"closed","sticky":false,"template":"","format":"standard","meta":[],"categories":[21],"tags":[],"_links":{"self":[{"href":"http:\/\/cordobadirecto.com\/index.php\/wp-json\/wp\/v2\/posts\/163369"}],"collection":[{"href":"http:\/\/cordobadirecto.com\/index.php\/wp-json\/wp\/v2\/posts"}],"about":[{"href":"http:\/\/cordobadirecto.com\/index.php\/wp-json\/wp\/v2\/types\/post"}],"author":[{"embeddable":true,"href":"http:\/\/cordobadirecto.com\/index.php\/wp-json\/wp\/v2\/users\/1"}],"replies":[{"embeddable":true,"href":"http:\/\/cordobadirecto.com\/index.php\/wp-json\/wp\/v2\/comments?post=163369"}],"version-history":[{"count":0,"href":"http:\/\/cordobadirecto.com\/index.php\/wp-json\/wp\/v2\/posts\/163369\/revisions"}],"wp:featuredmedia":[{"embeddable":true,"href":"http:\/\/cordobadirecto.com\/index.php\/wp-json\/wp\/v2\/media\/163370"}],"wp:attachment":[{"href":"http:\/\/cordobadirecto.com\/index.php\/wp-json\/wp\/v2\/media?parent=163369"}],"wp:term":[{"taxonomy":"category","embeddable":true,"href":"http:\/\/cordobadirecto.com\/index.php\/wp-json\/wp\/v2\/categories?post=163369"},{"taxonomy":"post_tag","embeddable":true,"href":"http:\/\/cordobadirecto.com\/index.php\/wp-json\/wp\/v2\/tags?post=163369"}],"curies":[{"name":"wp","href":"https:\/\/api.w.org\/{rel}","templated":true}]}}