{"id":163413,"date":"2025-03-15T21:40:40","date_gmt":"2025-03-15T21:40:40","guid":{"rendered":"https:\/\/www.ole.com.ar\/autos\/mclaren-campeon-vaticinio-piloto-estrella-formula-1-f1-george-russell_0_TQm8FQAWpM.html"},"modified":"2025-03-15T21:40:40","modified_gmt":"2025-03-15T21:40:40","slug":"mclaren-ya-es-campeon-el-vaticinio-de-una-estrella-de-la-formula-1","status":"publish","type":"post","link":"http:\/\/cordobadirecto.com\/index.php\/2025\/03\/15\/mclaren-ya-es-campeon-el-vaticinio-de-una-estrella-de-la-formula-1\/","title":{"rendered":"\u00bfMcLaren ya es campe\u00f3n? El vaticinio de una estrella de la F\u00f3rmula 1"},"content":{"rendered":"<p><time class=\"createDate\" datetime=\"2025-03-15T18:40:40-03:00\">15\/03\/2025 18:40hs.<\/time><\/p>\n<div id=\"storyBody\">\n<div class=\"custom-text \" readability=\"43\">\n<p>Por c\u00f3mo hab\u00eda terminado el 2024, qued\u00e1ndose con el <strong>campeonato de constructores<\/strong>; por la situaci\u00f3n reglamentaria, que daba a pensar que habr\u00eda pocos cambios de cara a la temporada siguiente (2026 ser\u00e1 el a\u00f1o para arrancar de cero), y por lo visto en los test de Bahrein, que sirvieron para ver qu\u00e9 tan buen trabajo se hab\u00eda hecho durante las vacaciones, <strong>es que McLaren arranc\u00f3 el 2025 como el grand\u00edsimo candidato a llev\u00e1rselo todo en la F\u00f3rmula 1<\/strong>. Una buena dupla como la que conforman el brit\u00e1nico Lando Norris y el australiano Oscar Piastri -a vigilar que no se peleen entre ellos- fue potenciada por un autazo, el MCL39, y el resto de la grilla empez\u00f3 a transmitir su temor. <strong>Es m\u00e1s, una estrella ya habl\u00f3 de pensar en el 2026&#8230;<\/strong><\/p>\n<\/div>\n<div class=\"custom-text \" readability=\"39\">\n<p>El que se anim\u00f3 a tirar la bomba verbal fue <strong>George Russell<\/strong>, que desde que Lewis Hamilton se march\u00f3 a Ferrari se volvi\u00f3 la figura central del proyecto Mercedes. Luego de haber finalizado 4\u00b0 en la clasificaci\u00f3n del GP de Australia, y de haber terminado a casi medio segundo del puntero (hubo 1-2 de las Papayas con Norris y Piastri, respectivamente), <strong>el piloto brit\u00e1nico habl\u00f3 de la superioridad inmensa de McLaren.<\/strong><\/p>\n<\/div>\n<div class=\"sc-e7b891c4-0 ifHnQL image-embed\"><img alt=\"George Russell ve lejos a McLaren. (REUTERS\/Tracey Nearmy)\" loading=\"lazy\" width=\"720\" height=\"100\" decoding=\"async\" data-nimg=\"1\" src=\"http:\/\/cordobadirecto.com\/wp-content\/uploads\/2025\/03\/mclaren-ya-es-campeon-el-vaticinio-de-una-estrella-de-la-formula-1.jpg\"><span class=\"epigraphe\">George Russell ve lejos a McLaren. (REUTERS\/Tracey Nearmy)<\/span><\/div>\n<div class=\"custom-text \" readability=\"40\">\n<p>&#8220;<strong>Sacan tanta ventaja que pueden frenar el desarrollo del auto ahora y dedicarse de lleno al 2026<\/strong>. Esper\u00e1bamos que pudieran estar m\u00e1s cerca, pero esa ha sido la realidad y bien hecho por ellos. Es dif\u00edcil superar esa diferencia. Cuentan con una ventaja de seis d\u00e9cimas a principio de a\u00f1o, <strong>y nadie encuentra seis d\u00e9cimas en el transcurso de una temporada&#8230;<\/strong> McLaren est\u00e1 en una posici\u00f3n privilegiada para ahora y para el futuro&#8221;, sostuvo Russell. Detr\u00e1s de ellos, en cambio, la pelea asoma ajustada.<\/p>\n<\/div>\n<div class=\"custom-text \" readability=\"42\">\n<p>&#8220;Es m\u00e1s o menos como lo esper\u00e1bamos, con McLaren al frente con una c\u00f3moda diferencia, y luego siento que <strong>puede ser un juego de cualquiera entre nosotros, Red Bull y Ferrari<\/strong>&#8220;, desarroll\u00f3 el piloto de 27 a\u00f1os, que este domingo podr\u00eda contar con la carta de la lluvia -se prev\u00e9 un cielo cubierto en el primer GP del a\u00f1o- para achicarle distancias a McLaren y, por qu\u00e9 no, so\u00f1ar con la victoria.<\/p>\n<\/div>\n<div class=\"sc-e7b891c4-0 ifHnQL image-embed\"><img alt=\"George Russell felicit\u00f3 a Lando Norris tras la qualy. (REUTERS\/Tracey Nearmy)\" loading=\"lazy\" width=\"720\" height=\"100\" decoding=\"async\" data-nimg=\"1\" src=\"http:\/\/cordobadirecto.com\/wp-content\/uploads\/2025\/03\/mclaren-ya-es-campeon-el-vaticinio-de-una-estrella-de-la-formula-1-1.jpg\"><span class=\"epigraphe\">George Russell felicit\u00f3 a Lando Norris tras la qualy. (REUTERS\/Tracey Nearmy)<\/span><\/div>\n<p><h2><strong>A qu\u00e9 hora ser\u00e1 el GP de Australia y c\u00f3mo se podr\u00e1 ver<\/strong><\/h2>\n<\/p>\n<div class=\"custom-text \" readability=\"39\">\n<p>Pasada la medianoche, <strong>a la 1.00hs del domingo<\/strong>, se largar\u00e1 la primera carrera de la F\u00f3rmula 1. El Gran Premio de Australia ser\u00e1 transmitido tanto por TV, por la pantalla de <strong>Fox Sports<\/strong>, como por streaming, por la plataforma <strong>Disney+ Premium<\/strong>.<\/p>\n<\/div>\n<div class=\"sc-e7b891c4-0 ifHnQL image-embed\"><img alt=\"Norris y Piastri arrancaron el a\u00f1o con el pie derecho. (EFE\/EPA\/Joel Carrett)\" loading=\"lazy\" width=\"720\" height=\"100\" decoding=\"async\" data-nimg=\"1\" src=\"http:\/\/cordobadirecto.com\/wp-content\/uploads\/2025\/03\/mclaren-ya-es-campeon-el-vaticinio-de-una-estrella-de-la-formula-1-2.jpg\"><span class=\"epigraphe\">Norris y Piastri arrancaron el a\u00f1o con el pie derecho. (EFE\/EPA\/Joel Carrett)<\/span><\/div>\n<div class=\"sc-a7166897-0 eoLsBE\" readability=\"6\">\n<section readability=\"2\"><picture><img alt=\"F1 en Australia: a qu\u00e9 hora es la carrera y c\u00f3mo ver por TV\" loading=\"lazy\" width=\"290\" height=\"290\" decoding=\"async\" data-nimg=\"1\" src=\"http:\/\/cordobadirecto.com\/wp-content\/uploads\/2025\/03\/mclaren-ya-es-campeon-el-vaticinio-de-una-estrella-de-la-formula-1-3.jpg\"><\/picture>\n<p><span>Mir\u00e1 tambi\u00e9n<\/span><\/p>\n<hr>\n<h3>F1 en Australia: a qu\u00e9 hora es la carrera y c\u00f3mo ver por TV<\/h3>\n<\/p>\n<\/section>\n<\/div>\n<div class=\"sc-a7166897-0 eoLsBE\" readability=\"7.5\">\n<section readability=\"5\"><picture><img alt=\"Qu\u00e9 dijo Jack Doohan, compa\u00f1ero de Colapinto, tras la clasificaci\u00f3n de la F1 en Australia\" loading=\"lazy\" width=\"290\" height=\"290\" decoding=\"async\" data-nimg=\"1\" src=\"http:\/\/cordobadirecto.com\/wp-content\/uploads\/2025\/03\/mclaren-ya-es-campeon-el-vaticinio-de-una-estrella-de-la-formula-1-4.jpg\"><\/picture>\n<p><span>Mir\u00e1 tambi\u00e9n<\/span><\/p>\n<hr>\n<h3>Qu\u00e9 dijo Jack Doohan, compa\u00f1ero de Colapinto, tras la clasificaci\u00f3n de la F1 en Australia<\/h3>\n<\/p>\n<\/section>\n<\/div>\n<div class=\"sc-a7166897-0 eoLsBE\" readability=\"6.5\">\n<section readability=\"3\"><picture><img alt=\"Se defini\u00f3 la parrilla de salida del GP de Australia: qui\u00e9n consigui\u00f3 la pole y qu\u00e9 puestos ocuparon los pilotos de Alpine\" loading=\"lazy\" width=\"290\" height=\"290\" decoding=\"async\" data-nimg=\"1\" src=\"http:\/\/cordobadirecto.com\/wp-content\/uploads\/2025\/03\/mclaren-ya-es-campeon-el-vaticinio-de-una-estrella-de-la-formula-1-5.jpg\"><\/picture>\n<p><span>Mir\u00e1 tambi\u00e9n<\/span><\/p>\n<hr>\n<h3>Se defini\u00f3 la parrilla de salida del GP de Australia: qui\u00e9n consigui\u00f3 la pole y qu\u00e9 puestos ocuparon los pilotos de Alpine<\/h3>\n<\/p>\n<\/section>\n<\/div>\n<div class=\"sc-a7166897-0 eoLsBE\" readability=\"7\">\n<section readability=\"4\"><picture><img alt=\"Choc\u00f3 dos veces en las pr\u00e1cticas libres, no pudo correr la primera qualy por un problema mec\u00e1nico y largar\u00e1 \u00faltimo en el GP de Australia\" loading=\"lazy\" width=\"290\" height=\"290\" decoding=\"async\" data-nimg=\"1\" src=\"http:\/\/cordobadirecto.com\/wp-content\/uploads\/2025\/03\/mclaren-ya-es-campeon-el-vaticinio-de-una-estrella-de-la-formula-1-6.jpg\"><\/picture>\n<p><span>Mir\u00e1 tambi\u00e9n<\/span><\/p>\n<hr>\n<h3>Choc\u00f3 dos veces en las pr\u00e1cticas libres, no pudo correr la primera qualy por un problema mec\u00e1nico y largar\u00e1 \u00faltimo en el GP de Australia<\/h3>\n<\/p>\n<\/section>\n<\/div>\n<div class=\"sc-a7166897-0 eoLsBE\" readability=\"6.5\">\n<section readability=\"3\"><picture><img alt=\"La banca de Flavio Briatore a Jack Doohan luego de la aceptable qualy que hizo en el Gran Premio de Australia\" loading=\"lazy\" width=\"290\" height=\"290\" decoding=\"async\" data-nimg=\"1\" src=\"http:\/\/cordobadirecto.com\/wp-content\/uploads\/2025\/03\/mclaren-ya-es-campeon-el-vaticinio-de-una-estrella-de-la-formula-1-7.jpg\"><\/picture>\n<p><span>Mir\u00e1 tambi\u00e9n<\/span><\/p>\n<hr>\n<h3>La banca de Flavio Briatore a Jack Doohan luego de la aceptable qualy que hizo en el Gran Premio de Australia<\/h3>\n<\/p>\n<\/section>\n<\/div>\n<\/div>\n","protected":false},"excerpt":{"rendered":"<p>15\/03\/2025 18:40hs. Por c\u00f3mo hab\u00eda terminado el 2024, qued\u00e1ndose con el campeonato de constructores; por la situaci\u00f3n reglamentaria, que daba a pensar que habr\u00eda pocos cambios de cara a la temporada siguiente (2026 ser\u00e1 el a\u00f1o para arrancar de cero), y por lo visto en los test de Bahrein, que sirvieron para ver qu\u00e9 tan [&hellip;]<\/p>\n","protected":false},"author":1,"featured_media":163414,"comment_status":"closed","ping_status":"closed","sticky":false,"template":"","format":"standard","meta":[],"categories":[21],"tags":[],"_links":{"self":[{"href":"http:\/\/cordobadirecto.com\/index.php\/wp-json\/wp\/v2\/posts\/163413"}],"collection":[{"href":"http:\/\/cordobadirecto.com\/index.php\/wp-json\/wp\/v2\/posts"}],"about":[{"href":"http:\/\/cordobadirecto.com\/index.php\/wp-json\/wp\/v2\/types\/post"}],"author":[{"embeddable":true,"href":"http:\/\/cordobadirecto.com\/index.php\/wp-json\/wp\/v2\/users\/1"}],"replies":[{"embeddable":true,"href":"http:\/\/cordobadirecto.com\/index.php\/wp-json\/wp\/v2\/comments?post=163413"}],"version-history":[{"count":0,"href":"http:\/\/cordobadirecto.com\/index.php\/wp-json\/wp\/v2\/posts\/163413\/revisions"}],"wp:featuredmedia":[{"embeddable":true,"href":"http:\/\/cordobadirecto.com\/index.php\/wp-json\/wp\/v2\/media\/163414"}],"wp:attachment":[{"href":"http:\/\/cordobadirecto.com\/index.php\/wp-json\/wp\/v2\/media?parent=163413"}],"wp:term":[{"taxonomy":"category","embeddable":true,"href":"http:\/\/cordobadirecto.com\/index.php\/wp-json\/wp\/v2\/categories?post=163413"},{"taxonomy":"post_tag","embeddable":true,"href":"http:\/\/cordobadirecto.com\/index.php\/wp-json\/wp\/v2\/tags?post=163413"}],"curies":[{"name":"wp","href":"https:\/\/api.w.org\/{rel}","templated":true}]}}