{"id":163417,"date":"2025-03-14T17:06:35","date_gmt":"2025-03-14T17:06:35","guid":{"rendered":"https:\/\/es.digitaltrends.com\/?p=1062021"},"modified":"2025-03-14T17:06:35","modified_gmt":"2025-03-14T17:06:35","slug":"este-es-el-libro-prohibido-por-mark-zuckerberg-y-meta","status":"publish","type":"post","link":"http:\/\/cordobadirecto.com\/index.php\/2025\/03\/14\/este-es-el-libro-prohibido-por-mark-zuckerberg-y-meta\/","title":{"rendered":"Este es el libro prohibido por Mark Zuckerberg y Meta"},"content":{"rendered":"<div class=\"b-toc h-toc\"> <label for=\"dt-toc\"> Tabla de contenidos\t<\/label> <\/p>\n<div class=\"b-drop\"> <svg viewBox=\"0 0 35 20\">\n<polygon points=\"35,2.2 32.8,0 17.5,15.6 2.2,0 0,2.2 17.5,20\" \/>\n<\/svg> <\/div><\/div>\n<p>De alguna forma, <a href=\"https:\/\/es.digitaltrends.com\/tendencias\/libros-recomendados-mark-zuckerberg\/\"><strong>Mark Zuckerberg<\/strong><\/a>&nbsp;se puede cambiar la ropa, tratar de dinamizar m\u00e1s su estilo visual, pero en la profundidad siempre hay algo conservador en su pensamiento, sobre todo cuando se trata de cr\u00edticas a su empresa Meta.<\/p>\n<p>Y esto es lo que \u00faltimamente tiene al fundador de Facebook con excesiva preocupaci\u00f3n: el libro <em><strong><a href=\"https:\/\/bookshop.org\/p\/books\/careless-people-a-cautionary-tale-of-power-greed-and-lost-idealism\/22213433?ean=9781250391230&amp;next=t\" target=\"_blank\" rel=\"sponsored noopener\">Careless People: A Cautionary Tale of Power, Greed, and Lost Idealism<\/a>, <\/strong><\/em>unas memorias de la denunciante de Meta, Sarah Wynn-Williams, que detalla los intentos de la empresa de entrar en China y varios secretos internos.<\/p>\n<div class=\"b-connatix b-connatix--video\" id=\"dt-cnx-container-67d469e4dce20\">\n<div class=\"b-connatix__label\"> Recommended Videos <\/div>\n<div class=\"b-connatix__container\"> <\/div>\n<\/div>\n<p>Un \u00e1rbitro dio a Meta un fallo favorable este 14 de marzo, tras una reuni\u00f3n de emergencia. El fallo dice que Wynn-Williams ya no puede promocionar el libro y que debe, lo mejor que pueda, detener su publicaci\u00f3n.<\/p>\n<figure id=\"attachment_1062023\" aria-describedby=\"caption-attachment-1062023\" class=\"wp-caption alignnone\"><img src=\"http:\/\/cordobadirecto.com\/wp-content\/uploads\/2025\/03\/este-es-el-libro-prohibido-por-mark-zuckerberg-y-meta.gif\" data-dt-lazy-src=\"https:\/\/es.digitaltrends.com\/wp-content\/uploads\/2025\/03\/Sarah-Wynn-Williams.jpeg?fit=1450%2C742&amp;p=1\" decoding=\"async\" class=\" size-full wp-image-1062023 h-lightbox is-zoomable dt-lazy-load dt-lazy-pending\" alt><figcaption id=\"caption-attachment-1062023\" class=\"wp-caption-text\"><span class=\"credit\">Imagen utilizada con permiso del titular de los derechos de autor<\/span><\/figcaption><\/figure>\n<h2>De qu\u00e9 se trata el libro de Wynn-Williams y por qu\u00e9 preocupa a Meta hasta el nivel de censurarlo<\/h2>\n<ul>\n<li>Careless People es un relato en primera persona de lo que Wynn-Williams vio mientras trabajaba en Meta al m\u00e1s alto nivel. Form\u00f3 parte de la empresa de 2011 a 2017 y trabaj\u00f3 junto a ejecutivos como Mark Zuckerberg, Sheryl Sandberg y Joel Kaplan.<\/li>\n<li>Algunos secretos que revel\u00f3: que Zuckerberg elogi\u00f3 a Andrew Jackson como el mejor presidente de Estados Unidos porque \u00abhizo las cosas\u00bb. Tambi\u00e9n dice que el fundador de Meta necesitaba un grupo de un mill\u00f3n de personas reunidas para \u00e9l en China para que pudiera ser \u00abacosado suavemente\u00bb. Y quiz\u00e1s lo m\u00e1s bizarro, que Sandberg le compr\u00f3 lencer\u00eda y se molest\u00f3 cuando Wynn-Williams no comparti\u00f3 cama con ella en un vuelo de 12 horas. Lo m\u00e1s grave, que Kaplan la acos\u00f3 sexualmente.<\/li>\n<li>Wynn-Williams denunci\u00f3 a Kaplan a Meta por acoso sexual y abandon\u00f3 la empresa tras la investigaci\u00f3n. Meta&nbsp;<a href=\"https:\/\/www.nbcnews.com\/tech\/social-media\/facebook-alleges-harassment-sandberg-kaplan-sarah-wynn-williams-rcna195130\" data-mrf-link=\"https:\/\/www.nbcnews.com\/tech\/social-media\/facebook-alleges-harassment-sandberg-kaplan-sarah-wynn-williams-rcna195130\">le dijo a NBC News<\/a>&nbsp;que la investigaci\u00f3n dur\u00f3 42 d\u00edas e incluy\u00f3 entrevistas con 17 testigos. Meta dijo que su investigaci\u00f3n absolvi\u00f3 a Kaplan de irregularidades. Le dijo a NBC que hab\u00eda \u00abdeterminado que [Wynn-Williams] hizo acusaciones enga\u00f1osas e infundadas de acoso\u00bb y que fue despedida por \u00abmal desempe\u00f1o y comportamiento t\u00f3xico\u00bb.<\/li>\n<\/ul>\n<h2>Qu\u00e9 dice Meta sobre el libro de Wynn-Williams<\/h2>\n<figure id=\"attachment_1062025\" aria-describedby=\"caption-attachment-1062025\" class=\"wp-caption alignnone\"><img src=\"http:\/\/cordobadirecto.com\/wp-content\/uploads\/2025\/03\/este-es-el-libro-prohibido-por-mark-zuckerberg-y-meta.gif\" data-dt-lazy-src=\"https:\/\/es.digitaltrends.com\/wp-content\/uploads\/2025\/03\/Sarah-Wynn-Williams-y-Zuckerberg-1.jpeg?fit=694%2C433&amp;p=1\" decoding=\"async\" class=\" size-full wp-image-1062025 h-lightbox is-zoomable dt-lazy-load dt-lazy-pending\" alt><figcaption id=\"caption-attachment-1062025\" class=\"wp-caption-text\"><span class=\"credit\">Imagen utilizada con permiso del titular de los derechos de autor<\/span><\/figcaption><\/figure>\n<p>\u00abSe trata de una mezcla de afirmaciones desactualizadas y previamente informadas sobre la empresa y falsas acusaciones sobre nuestros ejecutivos\u00bb, dijo Meta en un comunicado de prensa.<\/p>\n<p>Meta comenz\u00f3 ganando la batalla, ya que Wynn-Williams firm\u00f3 un acuerdo de no menosprecio y arbitraje cuando dej\u00f3 la empresa en 2017. Present\u00f3 una solicitud de emergencia el 7 de marzo y recibi\u00f3 su respuesta del \u00e1rbitro el 13 de marzo. Seg\u00fan el fallo, Wynn-Williams y su editor ignoraron los llamados de la compa\u00f1\u00eda para acudir a arbitraje.<\/p>\n<p>\u00abEn la ma\u00f1ana del 12 de marzo de 2025, la demandada Wynn-Williams aparentemente apareci\u00f3 en un popular podcast donde discuti\u00f3 su libro y los intentos del demandante de \u2018cerrar este libro&#8217;\u00bb, dice el fallo.<\/p>\n<p>El fallo busca evitar que Wynn-Williams \u00absiga promocionando Careless People: A Cautionary Tale of Power, Greed, and Lost Idealism en una gira de presentaci\u00f3n de libros o de otra manera, incluso con respecto a las versiones electr\u00f3nicas y de audio del libro\u00bb, tambi\u00e9n le dice que debe, en la medida de sus posibilidades, dejar de publicar y vender el libro.<\/p>\n<p>Andy Stone, vocero de Meta<a href=\"https:\/\/www.threads.net\/@andymstone\/post\/DHHWKxixxS5\" data-mrf-link=\"https:\/\/www.threads.net\/@andymstone\/post\/DHHWKxixxS5\"> comparti\u00f3 en Threads el fallo<\/a>. \u00abEste fallo afirma que el libro falso y difamatorio de Sarah Wynn Williams nunca deber\u00eda haber sido publicado\u00bb, dijo. \u00abEsta acci\u00f3n legal urgente fue hecha necesaria por Williams, quien m\u00e1s de ocho a\u00f1os despu\u00e9s de ser despedida por la compa\u00f1\u00eda, ocult\u00f3 deliberadamente la existencia de su proyecto de libro y evit\u00f3 el proceso est\u00e1ndar de verificaci\u00f3n de hechos de la industria para apresurarlo a los estantes despu\u00e9s de esperar durante ocho a\u00f1os\u00bb.<\/p>\n<p>El fallo de arbitraje no es judicial, por lo tanto ahora podr\u00eda abrirse una nueva batalla en los tribunales.<\/p>\n<p> <span id=\"publisher-md\" itemprop=\"publisher\" itemscope itemtype=\"https:\/\/schema.org\/Organization\"> <span itemprop=\"url\" itemtype=\"https:\/\/schema.org\/Url\" content=\"https:\/\/es.digitaltrends.com\"> <span itemprop=\"logo\" itemscope itemtype=\"https:\/\/schema.org\/ImageObject\"> <meta itemprop=\"url\" content=\"https:\/\/cdn.dtcn.com\/dt\/dt-logo-small.png\"> <meta itemprop=\"width\" content=\"0\"> <meta itemprop=\"height\" content=\"0\"> <\/span> <meta itemprop=\"name\" content=\"Digital Trends Espa\u00f1ol\"> <\/span> <span itemprop=\"image\" itemscope itemtype=\"https:\/\/schema.org\/ImageObject\"> <meta itemprop=\"url\" content=\"https:\/\/es.digitaltrends.com\/wp-content\/uploads\/2025\/03\/Careless-People.jpeg?p=1\"> <\/span> <\/span> <\/p>\n","protected":false},"excerpt":{"rendered":"<p>Tabla de contenidos De alguna forma, Mark Zuckerberg&nbsp;se puede cambiar la ropa, tratar de dinamizar m\u00e1s su estilo visual, pero en la profundidad siempre hay algo conservador en su pensamiento, sobre todo cuando se trata de cr\u00edticas a su empresa Meta. Y esto es lo que \u00faltimamente tiene al fundador de Facebook con excesiva preocupaci\u00f3n: [&hellip;]<\/p>\n","protected":false},"author":1,"featured_media":163418,"comment_status":"closed","ping_status":"closed","sticky":false,"template":"","format":"standard","meta":[],"categories":[26],"tags":[],"_links":{"self":[{"href":"http:\/\/cordobadirecto.com\/index.php\/wp-json\/wp\/v2\/posts\/163417"}],"collection":[{"href":"http:\/\/cordobadirecto.com\/index.php\/wp-json\/wp\/v2\/posts"}],"about":[{"href":"http:\/\/cordobadirecto.com\/index.php\/wp-json\/wp\/v2\/types\/post"}],"author":[{"embeddable":true,"href":"http:\/\/cordobadirecto.com\/index.php\/wp-json\/wp\/v2\/users\/1"}],"replies":[{"embeddable":true,"href":"http:\/\/cordobadirecto.com\/index.php\/wp-json\/wp\/v2\/comments?post=163417"}],"version-history":[{"count":0,"href":"http:\/\/cordobadirecto.com\/index.php\/wp-json\/wp\/v2\/posts\/163417\/revisions"}],"wp:featuredmedia":[{"embeddable":true,"href":"http:\/\/cordobadirecto.com\/index.php\/wp-json\/wp\/v2\/media\/163418"}],"wp:attachment":[{"href":"http:\/\/cordobadirecto.com\/index.php\/wp-json\/wp\/v2\/media?parent=163417"}],"wp:term":[{"taxonomy":"category","embeddable":true,"href":"http:\/\/cordobadirecto.com\/index.php\/wp-json\/wp\/v2\/categories?post=163417"},{"taxonomy":"post_tag","embeddable":true,"href":"http:\/\/cordobadirecto.com\/index.php\/wp-json\/wp\/v2\/tags?post=163417"}],"curies":[{"name":"wp","href":"https:\/\/api.w.org\/{rel}","templated":true}]}}