{"id":163425,"date":"2025-03-15T19:23:58","date_gmt":"2025-03-15T19:23:58","guid":{"rendered":"https:\/\/cordoba.gob.ar\/?p=75615"},"modified":"2025-03-15T19:23:58","modified_gmt":"2025-03-15T19:23:58","slug":"asi-fue-la-sexta-edicion-del-carnaval-de-jazz","status":"publish","type":"post","link":"http:\/\/cordobadirecto.com\/index.php\/2025\/03\/15\/asi-fue-la-sexta-edicion-del-carnaval-de-jazz\/","title":{"rendered":"As\u00ed fue la sexta edici\u00f3n del Carnaval de Jazz"},"content":{"rendered":"<div><img src=\"http:\/\/cordobadirecto.com\/wp-content\/uploads\/2025\/03\/asi-fue-la-sexta-edicion-del-carnaval-de-jazz.jpg\" class=\"ff-og-image-inserted\"><\/div>\n<ul class=\"ak-ul\" data-prosemirror-content-type=\"node\" data-prosemirror-node-name=\"bulletList\" data-prosemirror-node-block=\"true\" data-pm-slice=\"3 1 []\" readability=\"1\">\n<li data-prosemirror-content-type=\"node\" data-prosemirror-node-name=\"listItem\" data-prosemirror-node-block=\"true\" readability=\"3\">\n<p data-prosemirror-content-type=\"node\" data-prosemirror-node-name=\"paragraph\" data-prosemirror-node-block=\"true\"><strong>Con desfile de m\u00fasicos, bailarines, p\u00fablico y shows inolvidables, la ciudad sell\u00f3 la sexta edici\u00f3n de esta fiesta popular.<\/strong><\/p>\n<\/li>\n<li data-prosemirror-content-type=\"node\" data-prosemirror-node-name=\"listItem\" data-prosemirror-node-block=\"true\" readability=\"-1\">\n<p data-prosemirror-content-type=\"node\" data-prosemirror-node-name=\"paragraph\" data-prosemirror-node-block=\"true\"><strong>Passerini comparti\u00f3 el evento junto a cientos de vecinos y vecinas.<\/strong><\/p>\n<\/li>\n<\/ul>\n<hr>\n<p data-prosemirror-content-type=\"node\" data-prosemirror-node-name=\"paragraph\" data-prosemirror-node-block=\"true\">La Municipalidad de C\u00f3rdoba llev\u00f3 adelante el \u201cCarnaval de Jazz 2025\u201d, una propuesta cultural que se sum\u00f3 a los tradicionales Carnavales Comunitarios en los diferentes barrios de la ciudad.<\/p>\n<p data-prosemirror-content-type=\"node\" data-prosemirror-node-name=\"paragraph\" data-prosemirror-node-block=\"true\">La sexta edici\u00f3n se realiz\u00f3 a puro swing, improvisaci\u00f3n y timbres instrumentales: la verdadera alma del Jazz.<\/p>\n<p data-prosemirror-content-type=\"node\" data-prosemirror-node-name=\"paragraph\" data-prosemirror-node-block=\"true\">El intendente Passerini particip\u00f3 de los shows que colmaron el Paseo Sobremonte.<\/p>\n<p data-prosemirror-content-type=\"node\" data-prosemirror-node-name=\"paragraph\" data-prosemirror-node-block=\"true\">Una gran festividad que comenz\u00f3 a vibrar en el coraz\u00f3n de barrio G\u00fcemes, hasta llegar a la explanada del Palacio 6 de Julio, con una en\u00e9rgica participaci\u00f3n de la gente.<\/p>\n<p data-prosemirror-content-type=\"node\" data-prosemirror-node-name=\"paragraph\" data-prosemirror-node-block=\"true\">El despliegue del desfile, fue encabezado por los m\u00fasicos de la Small Jazz Band y Alapar, junto a bailarines de los colectivos C\u00f3rdoba Swing y Dai Zapata, Tap y Swing, vestidos con atuendos de los a\u00f1os 20 y otros con el look de carnaval.<\/p>\n<p data-prosemirror-content-type=\"node\" data-prosemirror-node-name=\"paragraph\" data-prosemirror-node-block=\"true\">Los pasos fueron a ritmo de un g\u00e9nero que comprende una variedad de estilos y tradiciones musicales que se originaron a principios del siglo XX, fueron algunas de las se\u00f1as de identidad de esta emblem\u00e1tica fiesta nacida en Nueva Orleans, EEUU.<\/p>\n<p data-prosemirror-content-type=\"node\" data-prosemirror-node-name=\"paragraph\" data-prosemirror-node-block=\"true\">Adem\u00e1s, unos 15 m\u00fasicos de diferentes instituciones y espacios, tambi\u00e9n se sumaron a la caravana de esta gran fiesta popular, con ra\u00edces en el famoso Mardi Gras.<\/p>\n<p data-prosemirror-content-type=\"node\" data-prosemirror-node-name=\"paragraph\" data-prosemirror-node-block=\"true\">Y el ic\u00f3nico&nbsp;\u201cGrand Marshall\u201d, un personaje de traje negro con paraguas que a manera de bastonero fue el encargado de dirigir&nbsp;el recorrido.<\/p>\n<p data-prosemirror-content-type=\"node\" data-prosemirror-node-name=\"paragraph\" data-prosemirror-node-block=\"true\">El festejo continu\u00f3 con diferentes&nbsp;shows montados sobre el escenario en la explanada y escalinatas del Palacio Municipal, con la&nbsp; presentaci\u00f3n&nbsp; de la &nbsp;\u201cSmall Jazz Band\u201d, \u201cAlapar\u201d, \u201cBlues Velvet\u201d, \u201cC\u00e9sar Valdomir Blues Band\u201d, acompa\u00f1ando con baile \u201cC\u00f3rdoba Swing\u201d y \u201cDai Zapata, Tap y Swing\u201d.<\/p>\n","protected":false},"excerpt":{"rendered":"<p>Con desfile de m\u00fasicos, bailarines, p\u00fablico y shows inolvidables, la ciudad sell\u00f3 la sexta edici\u00f3n de esta fiesta popular. Passerini comparti\u00f3 el evento junto a cientos de vecinos y vecinas. La Municipalidad de C\u00f3rdoba llev\u00f3 adelante el \u201cCarnaval de Jazz 2025\u201d, una propuesta cultural que se sum\u00f3 a los tradicionales Carnavales Comunitarios en los diferentes [&hellip;]<\/p>\n","protected":false},"author":1,"featured_media":163426,"comment_status":"closed","ping_status":"closed","sticky":false,"template":"","format":"standard","meta":[],"categories":[44],"tags":[],"_links":{"self":[{"href":"http:\/\/cordobadirecto.com\/index.php\/wp-json\/wp\/v2\/posts\/163425"}],"collection":[{"href":"http:\/\/cordobadirecto.com\/index.php\/wp-json\/wp\/v2\/posts"}],"about":[{"href":"http:\/\/cordobadirecto.com\/index.php\/wp-json\/wp\/v2\/types\/post"}],"author":[{"embeddable":true,"href":"http:\/\/cordobadirecto.com\/index.php\/wp-json\/wp\/v2\/users\/1"}],"replies":[{"embeddable":true,"href":"http:\/\/cordobadirecto.com\/index.php\/wp-json\/wp\/v2\/comments?post=163425"}],"version-history":[{"count":0,"href":"http:\/\/cordobadirecto.com\/index.php\/wp-json\/wp\/v2\/posts\/163425\/revisions"}],"wp:featuredmedia":[{"embeddable":true,"href":"http:\/\/cordobadirecto.com\/index.php\/wp-json\/wp\/v2\/media\/163426"}],"wp:attachment":[{"href":"http:\/\/cordobadirecto.com\/index.php\/wp-json\/wp\/v2\/media?parent=163425"}],"wp:term":[{"taxonomy":"category","embeddable":true,"href":"http:\/\/cordobadirecto.com\/index.php\/wp-json\/wp\/v2\/categories?post=163425"},{"taxonomy":"post_tag","embeddable":true,"href":"http:\/\/cordobadirecto.com\/index.php\/wp-json\/wp\/v2\/tags?post=163425"}],"curies":[{"name":"wp","href":"https:\/\/api.w.org\/{rel}","templated":true}]}}