{"id":163455,"date":"2025-03-16T19:54:30","date_gmt":"2025-03-16T19:54:30","guid":{"rendered":"https:\/\/cordoba.gob.ar\/?p=75587"},"modified":"2025-03-16T19:54:30","modified_gmt":"2025-03-16T19:54:30","slug":"los-cpc-vuelven-a-abrir-en-horario-verspertino-y-los-sabados","status":"publish","type":"post","link":"http:\/\/cordobadirecto.com\/index.php\/2025\/03\/16\/los-cpc-vuelven-a-abrir-en-horario-verspertino-y-los-sabados\/","title":{"rendered":"Los CPC vuelven a abrir en horario verspertino y los s\u00e1bados"},"content":{"rendered":"<div><img src=\"http:\/\/cordobadirecto.com\/wp-content\/uploads\/2025\/03\/los-cpc-vuelven-a-abrir-en-horario-verspertino-y-los-sabados.jpg\" class=\"ff-og-image-inserted\"><\/div>\n<ul>\n<li data-prosemirror-content-type=\"node\" data-prosemirror-node-name=\"paragraph\" data-prosemirror-node-block=\"true\"><strong>Esta semana ser\u00e1 el turnos de Arg\u00fcello, Jard\u00edn, Empalme y Rancagua.<\/strong><\/li>\n<li data-prosemirror-content-type=\"node\" data-prosemirror-node-name=\"paragraph\" data-prosemirror-node-block=\"true\"><strong><strong>Cronograma de las pr\u00f3ximas semanas.<\/strong><\/strong><br \/>\n<hr>\n<\/li>\n<\/ul>\n<p data-prosemirror-content-type=\"node\" data-prosemirror-node-name=\"paragraph\" data-prosemirror-node-block=\"true\">Este lunes 17 de marzo, los Centros de Participaci\u00f3n Comunal de la ciudad volver\u00e1n a atender rotativamente en horario extendido.<\/p>\n<p data-prosemirror-content-type=\"node\" data-prosemirror-node-name=\"paragraph\" data-prosemirror-node-block=\"true\">Para esta primera semana, ser\u00e1n los CPC de Arg\u00fcello, Jard\u00edn, Empalme y Rancagua los que abran sus puertas de 08:00 a 18:00. El s\u00e1bado el horario de atenci\u00f3n es de 08:00 a 14:00 horas.<\/p>\n<p data-prosemirror-content-type=\"node\" data-prosemirror-node-name=\"paragraph\" data-prosemirror-node-block=\"true\">Los vecinos que por alg\u00fan motivo no puedan acercarse al CPC de su jurisdicci\u00f3n durante la ma\u00f1ana podr\u00e1n realizar todos los tr\u00e1mites habituales en horario vespertino y el fin de semana.<\/p>\n<p data-prosemirror-content-type=\"node\" data-prosemirror-node-name=\"paragraph\" data-prosemirror-node-block=\"true\">Cronograma de las pr\u00f3ximas semanas:<\/p>\n<ul class=\"ak-ul\" data-prosemirror-content-type=\"node\" data-prosemirror-node-name=\"bulletList\" data-prosemirror-node-block=\"true\" readability=\"4\">\n<li data-prosemirror-content-type=\"node\" data-prosemirror-node-name=\"listItem\" data-prosemirror-node-block=\"true\" readability=\"2\">\n<p data-prosemirror-content-type=\"node\" data-prosemirror-node-name=\"paragraph\" data-prosemirror-node-block=\"true\">Del 25 al 29 de marzo: Mercantil, Ruta 20, General Paz, Capdevila y San Felipe<\/p>\n<\/li>\n<li data-prosemirror-content-type=\"node\" data-prosemirror-node-name=\"listItem\" data-prosemirror-node-block=\"true\" readability=\"2\">\n<p data-prosemirror-content-type=\"node\" data-prosemirror-node-name=\"paragraph\" data-prosemirror-node-block=\"true\">Del 31 de este mes al 5 de abril: Monse\u00f1or Pablo Cabrera, Mercado de la Ciudad, San Vicente y Centro Am\u00e9rica.<\/p>\n<\/li>\n<li data-prosemirror-content-type=\"node\" data-prosemirror-node-name=\"listItem\" data-prosemirror-node-block=\"true\" readability=\"1\">\n<p data-prosemirror-content-type=\"node\" data-prosemirror-node-name=\"paragraph\" data-prosemirror-node-block=\"true\">Del 7 al 12 de abril: Col\u00f3n, Villa El Libertador, Pueyrred\u00f3n y Gui\u00f1az\u00fa.<\/p>\n<\/li>\n<\/ul>\n<p data-prosemirror-content-type=\"node\" data-prosemirror-node-name=\"paragraph\" data-prosemirror-node-block=\"true\">De esta forma, durante los pr\u00f3ximos 30 d\u00edas, los vecinos tendr\u00e1n oportunidades de asistir en horario vespertino al CPC m\u00e1s cercano a su domicilio.<\/p>\n","protected":false},"excerpt":{"rendered":"<p>Esta semana ser\u00e1 el turnos de Arg\u00fcello, Jard\u00edn, Empalme y Rancagua. Cronograma de las pr\u00f3ximas semanas. Este lunes 17 de marzo, los Centros de Participaci\u00f3n Comunal de la ciudad volver\u00e1n a atender rotativamente en horario extendido. Para esta primera semana, ser\u00e1n los CPC de Arg\u00fcello, Jard\u00edn, Empalme y Rancagua los que abran sus puertas de [&hellip;]<\/p>\n","protected":false},"author":1,"featured_media":163456,"comment_status":"closed","ping_status":"closed","sticky":false,"template":"","format":"standard","meta":[],"categories":[44],"tags":[],"_links":{"self":[{"href":"http:\/\/cordobadirecto.com\/index.php\/wp-json\/wp\/v2\/posts\/163455"}],"collection":[{"href":"http:\/\/cordobadirecto.com\/index.php\/wp-json\/wp\/v2\/posts"}],"about":[{"href":"http:\/\/cordobadirecto.com\/index.php\/wp-json\/wp\/v2\/types\/post"}],"author":[{"embeddable":true,"href":"http:\/\/cordobadirecto.com\/index.php\/wp-json\/wp\/v2\/users\/1"}],"replies":[{"embeddable":true,"href":"http:\/\/cordobadirecto.com\/index.php\/wp-json\/wp\/v2\/comments?post=163455"}],"version-history":[{"count":0,"href":"http:\/\/cordobadirecto.com\/index.php\/wp-json\/wp\/v2\/posts\/163455\/revisions"}],"wp:featuredmedia":[{"embeddable":true,"href":"http:\/\/cordobadirecto.com\/index.php\/wp-json\/wp\/v2\/media\/163456"}],"wp:attachment":[{"href":"http:\/\/cordobadirecto.com\/index.php\/wp-json\/wp\/v2\/media?parent=163455"}],"wp:term":[{"taxonomy":"category","embeddable":true,"href":"http:\/\/cordobadirecto.com\/index.php\/wp-json\/wp\/v2\/categories?post=163455"},{"taxonomy":"post_tag","embeddable":true,"href":"http:\/\/cordobadirecto.com\/index.php\/wp-json\/wp\/v2\/tags?post=163455"}],"curies":[{"name":"wp","href":"https:\/\/api.w.org\/{rel}","templated":true}]}}