{"id":163457,"date":"2025-03-16T20:58:48","date_gmt":"2025-03-16T20:58:48","guid":{"rendered":"https:\/\/www.ole.com.ar\/autos\/marquez-marc-gp-gran-premio-carrera-dominio-espanol-argentina-termas-rio-hondo_0_i18gSZ6m2E.html"},"modified":"2025-03-16T20:58:48","modified_gmt":"2025-03-16T20:58:48","slug":"dominio-de-marc-marquez-en-el-gp-de-argentina","status":"publish","type":"post","link":"http:\/\/cordobadirecto.com\/index.php\/2025\/03\/16\/dominio-de-marc-marquez-en-el-gp-de-argentina\/","title":{"rendered":"Dominio de Marc M\u00e1rquez en el GP de Argentina"},"content":{"rendered":"<p><time class=\"createDate\" datetime=\"2025-03-16T17:58:48-03:00\">16\/03\/2025 17:58hs.<\/time><\/p>\n<div id=\"storyBody\">\n<div class=\"custom-text \" readability=\"37\">\n<p><strong>Marc M\u00e1rquez volvi\u00f3 a domina<\/strong>r durante todo el fin de semana en el <strong>Gran Premio de Argentina<\/strong>, el espa\u00f1ol a bordo de su Ducati Oficial se mostr\u00f3 imbatible en la segunda carrera de la temporada en el <strong>circuito de Termas de R\u00edo Hondo<\/strong>, y con su nueva victoria se aleja de sus m\u00e1ximos competidores por la lucha en el campeonato de pilotos.<\/p>\n<\/div>\n<div class=\"custom-text \" readability=\"41\">\n<p><strong>El piloto espa\u00f1o<\/strong>l, con el dorsal 93 en su moto, <strong>enlaz\u00f3 su segundo pleno tras volver a llevarse la Pole, la Sprint del s\u00e1bado y la carrera del domingo<\/strong>. En la previa al arranque de la temporada, M\u00e1rquez confirm\u00f3 que ahora s\u00ed ten\u00eda una moto para pelear (la Ducati Oficial), lo que hab\u00eda que comprobar era si el jinete estaba para hacerlo, <em>es evidente que Marc est\u00e1 en plenitud de condiciones<\/em> para lograr el tan ansiado s\u00e9ptimo campeonato de MotoGP.<\/p>\n<\/div>\n<div class=\"sc-e7b891c4-0 ifHnQL image-embed\"><img alt=\"El espa\u00f1ol Marc M\u00e1rquez arriba de su Ducati en el Gran Premio de Argentina de MotoGP 2025 (EFE\/ Juan Ignacio Roncoroni)\" loading=\"lazy\" width=\"720\" height=\"100\" decoding=\"async\" data-nimg=\"1\" src=\"http:\/\/cordobadirecto.com\/wp-content\/uploads\/2025\/03\/dominio-de-marc-marquez-en-el-gp-de-argentina.jpg\"><span class=\"epigraphe\">El espa\u00f1ol Marc M\u00e1rquez arriba de su Ducati en el Gran Premio de Argentina de MotoGP 2025 (EFE\/ Juan Ignacio Roncoroni)<\/span><\/div>\n<p><h2><strong>L\u00edder intratable&#8230; y ahora llega Austin<\/strong><\/h2>\n<\/p>\n<div class=\"custom-text \" readability=\"36\">\n<p><strong>M\u00e1rquez<\/strong> encabeza la tabla de posiciones con <strong>74 puntos<\/strong>, y para colmo la siguiente cita es Austin, un circuito fetiche para el espa\u00f1ol . <strong>El segundo del mundial<\/strong> es su hermano \u00c1lex que se encuentra a <em>16 unidades<\/em> y el <strong>tercero<\/strong> es Pecco Bagnaia que <strong>qued\u00f3 a 31<\/strong>.<\/p>\n<\/div>\n<p><h2><strong>Declaraciones de Marc M\u00e1rquez tras su victoria<\/strong><\/h2>\n<\/p>\n<div class=\"custom-text \" readability=\"42\">\n<p>&#8220;<strong>No estuvo todo controlado esta vez<\/strong>. En Tailandia lo ten\u00eda todo controlado. Ac\u00e1 ten\u00e9s que ver la distancia con el tercero. \u00c1lex estaba yendo muy r\u00e1pido. Se puede ver en las im\u00e1genes que casi me caigo dos o tres veces. <strong>Hoy me toc\u00f3 empujar m\u00e1s de la cuenta<\/strong>. El plan era intentar liderar toda la carrera, pero comet\u00ed ese error en la curva 1 y no pod\u00eda adelantarle. Por ahora, mi hermano, es el principal rival para el t\u00edtulo, pero, bueno, mejor \u00e9l que no otro\u201d, se\u00f1al\u00f3 el multicampe\u00f3n con mirada anal\u00edtica.<\/p>\n<\/div>\n<div class=\"sc-a7166897-0 eoLsBE\" readability=\"6\">\n<section readability=\"2\"><picture><img alt=\"Un piloto de MotoGP homenaje\u00f3 a Maradona en el GP de Termas\" loading=\"lazy\" width=\"290\" height=\"290\" decoding=\"async\" data-nimg=\"1\" src=\"http:\/\/cordobadirecto.com\/wp-content\/uploads\/2025\/03\/dominio-de-marc-marquez-en-el-gp-de-argentina-1.jpg\"><\/picture>\n<p><span>Mir\u00e1 tambi\u00e9n<\/span><\/p>\n<hr>\n<h3>Un piloto de MotoGP homenaje\u00f3 a Maradona en el GP de Termas<\/h3>\n<\/p>\n<\/section>\n<\/div>\n<div class=\"sc-a7166897-0 eoLsBE\" readability=\"6\">\n<section readability=\"2\"><picture><img alt=\"La raz\u00f3n por la que Marc M\u00e1rquez no se quiso poner la camiseta de Messi\" loading=\"lazy\" width=\"290\" height=\"290\" decoding=\"async\" data-nimg=\"1\" src=\"http:\/\/cordobadirecto.com\/wp-content\/uploads\/2025\/03\/dominio-de-marc-marquez-en-el-gp-de-argentina-2.jpg\"><\/picture>\n<p><span>Mir\u00e1 tambi\u00e9n<\/span><\/p>\n<hr>\n<h3>La raz\u00f3n por la que Marc M\u00e1rquez no se quiso poner la camiseta de Messi<\/h3>\n<\/p>\n<\/section>\n<\/div>\n<div class=\"sc-a7166897-0 eoLsBE\" readability=\"6.5\">\n<section readability=\"3\"><picture><img alt=\"El dur\u00edsimo accidente de Valent\u00edn Perrone por el que debi\u00f3 ser trasladado en ambulancia\" loading=\"lazy\" width=\"290\" height=\"290\" decoding=\"async\" data-nimg=\"1\" src=\"http:\/\/cordobadirecto.com\/wp-content\/uploads\/2025\/03\/dominio-de-marc-marquez-en-el-gp-de-argentina-3.jpg\"><\/picture>\n<p><span>Mir\u00e1 tambi\u00e9n<\/span><\/p>\n<hr>\n<h3>El dur\u00edsimo accidente de Valent\u00edn Perrone por el que debi\u00f3 ser trasladado en ambulancia<\/h3>\n<\/p>\n<\/section>\n<\/div>\n<\/div>\n","protected":false},"excerpt":{"rendered":"<p>16\/03\/2025 17:58hs. Marc M\u00e1rquez volvi\u00f3 a dominar durante todo el fin de semana en el Gran Premio de Argentina, el espa\u00f1ol a bordo de su Ducati Oficial se mostr\u00f3 imbatible en la segunda carrera de la temporada en el circuito de Termas de R\u00edo Hondo, y con su nueva victoria se aleja de sus m\u00e1ximos [&hellip;]<\/p>\n","protected":false},"author":1,"featured_media":163458,"comment_status":"closed","ping_status":"closed","sticky":false,"template":"","format":"standard","meta":[],"categories":[21],"tags":[],"_links":{"self":[{"href":"http:\/\/cordobadirecto.com\/index.php\/wp-json\/wp\/v2\/posts\/163457"}],"collection":[{"href":"http:\/\/cordobadirecto.com\/index.php\/wp-json\/wp\/v2\/posts"}],"about":[{"href":"http:\/\/cordobadirecto.com\/index.php\/wp-json\/wp\/v2\/types\/post"}],"author":[{"embeddable":true,"href":"http:\/\/cordobadirecto.com\/index.php\/wp-json\/wp\/v2\/users\/1"}],"replies":[{"embeddable":true,"href":"http:\/\/cordobadirecto.com\/index.php\/wp-json\/wp\/v2\/comments?post=163457"}],"version-history":[{"count":0,"href":"http:\/\/cordobadirecto.com\/index.php\/wp-json\/wp\/v2\/posts\/163457\/revisions"}],"wp:featuredmedia":[{"embeddable":true,"href":"http:\/\/cordobadirecto.com\/index.php\/wp-json\/wp\/v2\/media\/163458"}],"wp:attachment":[{"href":"http:\/\/cordobadirecto.com\/index.php\/wp-json\/wp\/v2\/media?parent=163457"}],"wp:term":[{"taxonomy":"category","embeddable":true,"href":"http:\/\/cordobadirecto.com\/index.php\/wp-json\/wp\/v2\/categories?post=163457"},{"taxonomy":"post_tag","embeddable":true,"href":"http:\/\/cordobadirecto.com\/index.php\/wp-json\/wp\/v2\/tags?post=163457"}],"curies":[{"name":"wp","href":"https:\/\/api.w.org\/{rel}","templated":true}]}}