{"id":163474,"date":"2025-03-17T21:53:52","date_gmt":"2025-03-17T21:53:52","guid":{"rendered":"https:\/\/cordoba.gob.ar\/?p=75668"},"modified":"2025-03-17T21:53:52","modified_gmt":"2025-03-17T21:53:52","slug":"cronograma-de-actividades-por-el-dia-nacional-de-la-memoria-por-la-verdad-y-la-justicia","status":"publish","type":"post","link":"http:\/\/cordobadirecto.com\/index.php\/2025\/03\/17\/cronograma-de-actividades-por-el-dia-nacional-de-la-memoria-por-la-verdad-y-la-justicia\/","title":{"rendered":"Cronograma de actividades por el D\u00eda Nacional de la Memoria por la Verdad y la Justicia"},"content":{"rendered":"<div><img src=\"http:\/\/cordobadirecto.com\/wp-content\/uploads\/2025\/03\/cronograma-de-actividades-por-el-dia-nacional-de-la-memoria-por-la-verdad-y-la-justicia.jpg\" class=\"ff-og-image-inserted\"><\/div>\n<p data-prosemirror-content-type=\"node\" data-prosemirror-node-name=\"paragraph\" data-prosemirror-node-block=\"true\" data-pm-slice=\"1 1 []\">En el marco de la conmemoraci\u00f3n del D\u00eda Nacional de la Memoria por la Verdad y la Justicia, la Municipalidad de C\u00f3rdoba llevar\u00e1 adelante distintas actividades en la ciudad con participaci\u00f3n gratuita.<\/p>\n<p data-prosemirror-content-type=\"node\" data-prosemirror-node-name=\"paragraph\" data-prosemirror-node-block=\"true\">Desde hoy, se puede visitar la muestra fotogr\u00e1fica \u201cUniversitarios y Universitarias presentes\u201d en los CPC Ruta 20 y Centro Am\u00e9rica, en el marco de una actividad conjunta con la Universidad Nacional de C\u00f3rdoba.<\/p>\n<p data-prosemirror-content-type=\"node\" data-prosemirror-node-name=\"paragraph\" data-prosemirror-node-block=\"true\">Contiene fotograf\u00edas de v\u00edctimas del terrorismo de Estado que transitaron por la UNC en diferentes roles. Se podr\u00e1 visitar durante dos semanas.<\/p>\n<p data-prosemirror-content-type=\"node\" data-prosemirror-node-name=\"paragraph\" data-prosemirror-node-block=\"true\">Las muestras se complementar\u00e1n con una charla debate: ser\u00e1n el viernes 21 a las 16:00 horas en Ruta 20 y el viernes 28 en el mismo horario en Centro Am\u00e9rica. Participar\u00e1n el director de Derechos Humanos de la Municipalidad de C\u00f3rdoba, Guillermo Ruibal; la integrante del Observatorio de Derechos Humanos de la Secretar\u00eda de Extensi\u00f3n de la UNC, Guadalupe M\u00edas; el profesor de la UNC e investigador del CONICET, Dr. Cristi\u00e1n Fatauros; y el antrop\u00f3logo, Dar\u00edo Olmo.<\/p>\n<p data-prosemirror-content-type=\"node\" data-prosemirror-node-name=\"paragraph\" data-prosemirror-node-block=\"true\">El CPC Empalme, por su parte, proyectar\u00e1 la pel\u00edcula \u201cArgentina 1985\u201d para estudiantes de 4\u00b0, 5\u00b0 y 6\u00b0 a\u00f1o de colegios secundarios de la zona. La inscripci\u00f3n para las instituciones que quieran participar se informar\u00e1 oportunamente a trav\u00e9s de las redes sociales del CPC: @cpcempalmemunicba.<\/p>\n<p data-prosemirror-content-type=\"node\" data-prosemirror-node-name=\"paragraph\" data-prosemirror-node-block=\"true\">Los d\u00edas 21, 22, 27 y 28 de marzo a las 18:00 horas, con entrada gratuita e <a href=\"https:\/\/docs.google.com\/forms\/d\/e\/1FAIpQLScSEvCpWYnqc77W0pOLt89HQwKWE70JEElVexJzOP3zxFTEMw\/viewform\">inscripci\u00f3n previa<\/a>, el Elenco Municipal de Danza Teatro protagonizar\u00e1 \u00abProyecto Existir\u00bb, una obra basada en testimonios de sobrevivientes del Centro Clandestino de Campo de la Ribera. La actividad se realiza junto con el Espacio para la Memoria, Promoci\u00f3n y Defensa de los DDHH Campo de la Ribera.<\/p>\n<p data-prosemirror-content-type=\"node\" data-prosemirror-node-name=\"paragraph\" data-prosemirror-node-block=\"true\">La propuesta esc\u00e9nica parte de palabras y testimonios de sobrevivientes, que dialogan con el lenguaje del movimiento para reconstruir la memoria en el mismo sitio donde ocurrieron los hechos. La obra es dirigida por Ariana Andreoli con asistencia de Camila Rossa y con dramaturgia de ambas.<\/p>\n<p data-prosemirror-content-type=\"node\" data-prosemirror-node-name=\"paragraph\" data-prosemirror-node-block=\"true\">El s\u00e1bado 22 a las 10:00 horas, se realizar\u00e1 un homenaje a los y las trabajadoras municipales v\u00edctimas del terrorismo de Estado en la cochera del Palacio 6 de Julio, donde funcion\u00f3 un sitio de detenci\u00f3n y tortura.<\/p>\n<p data-prosemirror-content-type=\"node\" data-prosemirror-node-name=\"paragraph\" data-prosemirror-node-block=\"true\">El lunes 24 de marzo se realizar\u00e1 el acto central en el que se conmemorar\u00e1 a los desaparecidos de C\u00f3rdoba en el Cementerio San Vicente, con invitaci\u00f3n abierta al p\u00fablico general.<\/p>\n<p data-prosemirror-content-type=\"node\" data-prosemirror-node-name=\"paragraph\" data-prosemirror-node-block=\"true\">Posterior a la actividad se proyectar\u00e1 en el zoom del espacio de la memoria el documental \u201cSe\u00f1or Presidente\u201d, realizado por Liliana Arraya y Eugenia Monti en 2007, acerca del trabajo del Equipo Argentino de Antropolog\u00eda Forense en la provincia de C\u00f3rdoba.<\/p>\n<p data-prosemirror-content-type=\"node\" data-prosemirror-node-name=\"paragraph\" data-prosemirror-node-block=\"true\">El documental expone la historia de varios sobrevivientes del golpe militar a trav\u00e9s de la reconstrucci\u00f3n del caso de Sara Castro, una mujer que busca a su madre y quien relata las circunstancias de su secuestro y asesinato, y la b\u00fasqueda de sus restos por parte de sus familiares. El relato pasa del testimonio de los sobrevivientes a la recreaci\u00f3n ficcionalizada de lo sucedido con los empleados de la morgue de C\u00f3rdoba. Lo curioso es que justo aquello que se ficcionaliza es lo que constituye la evidencia documental real, que es la carta enviada por los empleados de la morgue al presidente de facto Jorge Rafael Videla.<\/p>\n<p data-prosemirror-content-type=\"node\" data-prosemirror-node-name=\"paragraph\" data-prosemirror-node-block=\"true\">Para m\u00e1s actividades consultar la<a href=\"http:\/\/cordoba.gob.ar\/agenda\"> agenda municipal&nbsp;<\/a><\/p>\n","protected":false},"excerpt":{"rendered":"<p>En el marco de la conmemoraci\u00f3n del D\u00eda Nacional de la Memoria por la Verdad y la Justicia, la Municipalidad de C\u00f3rdoba llevar\u00e1 adelante distintas actividades en la ciudad con participaci\u00f3n gratuita. Desde hoy, se puede visitar la muestra fotogr\u00e1fica \u201cUniversitarios y Universitarias presentes\u201d en los CPC Ruta 20 y Centro Am\u00e9rica, en el marco [&hellip;]<\/p>\n","protected":false},"author":1,"featured_media":163475,"comment_status":"closed","ping_status":"closed","sticky":false,"template":"","format":"standard","meta":[],"categories":[44],"tags":[],"_links":{"self":[{"href":"http:\/\/cordobadirecto.com\/index.php\/wp-json\/wp\/v2\/posts\/163474"}],"collection":[{"href":"http:\/\/cordobadirecto.com\/index.php\/wp-json\/wp\/v2\/posts"}],"about":[{"href":"http:\/\/cordobadirecto.com\/index.php\/wp-json\/wp\/v2\/types\/post"}],"author":[{"embeddable":true,"href":"http:\/\/cordobadirecto.com\/index.php\/wp-json\/wp\/v2\/users\/1"}],"replies":[{"embeddable":true,"href":"http:\/\/cordobadirecto.com\/index.php\/wp-json\/wp\/v2\/comments?post=163474"}],"version-history":[{"count":0,"href":"http:\/\/cordobadirecto.com\/index.php\/wp-json\/wp\/v2\/posts\/163474\/revisions"}],"wp:featuredmedia":[{"embeddable":true,"href":"http:\/\/cordobadirecto.com\/index.php\/wp-json\/wp\/v2\/media\/163475"}],"wp:attachment":[{"href":"http:\/\/cordobadirecto.com\/index.php\/wp-json\/wp\/v2\/media?parent=163474"}],"wp:term":[{"taxonomy":"category","embeddable":true,"href":"http:\/\/cordobadirecto.com\/index.php\/wp-json\/wp\/v2\/categories?post=163474"},{"taxonomy":"post_tag","embeddable":true,"href":"http:\/\/cordobadirecto.com\/index.php\/wp-json\/wp\/v2\/tags?post=163474"}],"curies":[{"name":"wp","href":"https:\/\/api.w.org\/{rel}","templated":true}]}}