{"id":163513,"date":"2025-03-18T19:42:29","date_gmt":"2025-03-18T19:42:29","guid":{"rendered":"http:\/\/cordobadirecto.com\/index.php\/2025\/03\/18\/cordoba-apoyara-en-el-congreso-el-acuerdo-con-el-fmi-el-anuncio-de-martin-llaryora\/"},"modified":"2025-03-18T19:42:29","modified_gmt":"2025-03-18T19:42:29","slug":"cordoba-apoyara-en-el-congreso-el-acuerdo-con-el-fmi-el-anuncio-de-martin-llaryora","status":"publish","type":"post","link":"http:\/\/cordobadirecto.com\/index.php\/2025\/03\/18\/cordoba-apoyara-en-el-congreso-el-acuerdo-con-el-fmi-el-anuncio-de-martin-llaryora\/","title":{"rendered":"<b>C\u00f3rdoba<\/b> apoyar\u00e1 en el Congreso el acuerdo con el FMI: el anuncio de Mart\u00edn Llaryora"},"content":{"rendered":"<p>&#8230; Econ\u00f3mico Internacional de las Am\u00e9ricas (IEFA). All\u00ed, el gobernador &#8230; <b>Nuevo<\/b> requisito. Cambios en la Ley de Alquileres: los propietarios&nbsp;&#8230; <\/p>\n","protected":false},"excerpt":{"rendered":"<p>&#8230; Econ\u00f3mico Internacional de las Am\u00e9ricas (IEFA). All\u00ed, el gobernador &#8230; Nuevo requisito. Cambios en la Ley de Alquileres: los propietarios&nbsp;&#8230;<\/p>\n","protected":false},"author":1,"featured_media":0,"comment_status":"closed","ping_status":"closed","sticky":false,"template":"","format":"standard","meta":[],"categories":[40],"tags":[],"_links":{"self":[{"href":"http:\/\/cordobadirecto.com\/index.php\/wp-json\/wp\/v2\/posts\/163513"}],"collection":[{"href":"http:\/\/cordobadirecto.com\/index.php\/wp-json\/wp\/v2\/posts"}],"about":[{"href":"http:\/\/cordobadirecto.com\/index.php\/wp-json\/wp\/v2\/types\/post"}],"author":[{"embeddable":true,"href":"http:\/\/cordobadirecto.com\/index.php\/wp-json\/wp\/v2\/users\/1"}],"replies":[{"embeddable":true,"href":"http:\/\/cordobadirecto.com\/index.php\/wp-json\/wp\/v2\/comments?post=163513"}],"version-history":[{"count":0,"href":"http:\/\/cordobadirecto.com\/index.php\/wp-json\/wp\/v2\/posts\/163513\/revisions"}],"wp:attachment":[{"href":"http:\/\/cordobadirecto.com\/index.php\/wp-json\/wp\/v2\/media?parent=163513"}],"wp:term":[{"taxonomy":"category","embeddable":true,"href":"http:\/\/cordobadirecto.com\/index.php\/wp-json\/wp\/v2\/categories?post=163513"},{"taxonomy":"post_tag","embeddable":true,"href":"http:\/\/cordobadirecto.com\/index.php\/wp-json\/wp\/v2\/tags?post=163513"}],"curies":[{"name":"wp","href":"https:\/\/api.w.org\/{rel}","templated":true}]}}