{"id":163520,"date":"2025-03-18T13:50:09","date_gmt":"2025-03-18T13:50:09","guid":{"rendered":"https:\/\/cordoba.gob.ar\/?p=75724"},"modified":"2025-03-18T13:50:09","modified_gmt":"2025-03-18T13:50:09","slug":"un-nuevo-programa-de-la-universidad-libre-del-ambiente-innova-con-talleres-educativos-en-los-barrios","status":"publish","type":"post","link":"http:\/\/cordobadirecto.com\/index.php\/2025\/03\/18\/un-nuevo-programa-de-la-universidad-libre-del-ambiente-innova-con-talleres-educativos-en-los-barrios\/","title":{"rendered":"Un nuevo programa de la Universidad Libre del Ambiente innova con talleres educativos en los barrios"},"content":{"rendered":"<div><img src=\"http:\/\/cordobadirecto.com\/wp-content\/uploads\/2025\/03\/un-nuevo-programa-de-la-universidad-libre-del-ambiente-innova-con-talleres-educativos-en-los-barrios.jpg\" class=\"ff-og-image-inserted\"><\/div>\n<ul>\n<li><strong>En esta oportunidad, vecinos de los barrios M\u00fcller y Altamira acceden gratuitamente a los talleres de \u201cProducci\u00f3n Agroecol\u00f3gica y Emprendedurismo\u201d y \u201cBicicleter\u00eda\u201d.<\/strong><\/li>\n<\/ul>\n<hr>\n<p>La Municipalidad de C\u00f3rdoba impulsa sus pol\u00edticas de descentralizaci\u00f3n, acercando en esta oportunidad la educaci\u00f3n ambiental a los barrios, cerca de donde viven los vecinos y vecinas.<\/p>\n<p>La Universidad Libre del Ambiente es una instituci\u00f3n pionera en la educaci\u00f3n ambiental en el pa\u00eds. Por su ubicaci\u00f3n, los ciudadanos muchas veces deben trasladarse al momento de cursar de forma presencial.<\/p>\n<p>Por este motivo, la ULA tambi\u00e9n ofrece numerosas propuestas formativas de manera virtual, tales como charlas, talleres, cursos y diplomaturas, con cientos de egresados al a\u00f1o.<\/p>\n<p>Para complementar esta amplia propuesta, ahora la ULA lleva tambi\u00e9n los talleres a los barrios: ser\u00e1 a trav\u00e9s del programa \u201cA-ULA M\u00f3vil\u201d, que en esta oportunidad tuvo instancias presenciales en M\u00fcller y Altamira, en la zona sudeste de la ciudad.<\/p>\n<p>Esta iniciativa facilita la inserci\u00f3n en empleos verdes y brinda herramientas sostenibles en oficios, con especial foco en las personas que buscan entrar al mercado laboral.<\/p>\n<p>El taller \u201cProducci\u00f3n Agroecol\u00f3gica y Emprendedurismo\u201d se desarrolla en dos encuentros, en B\u00b0 M\u00fcller, en el espacio verde ubicado entre el Centro Educativo Can\u00f3nigo Manuel Avelino Pi\u00f1ero y el espacio para la memoria, promoci\u00f3n y DD HH, Campo de la Ribera.<\/p>\n<p>En simult\u00e1neo, tambi\u00e9n se lleva a cabo el \u201cTaller de Bicicleter\u00eda\u201d en B\u00b0 Altamira, en el Polideportivo Altamira, con tres encuentros en la plaza Diputado Jos\u00e9 Guevara. La propuesta brinda herramientas pr\u00e1cticas para el mantenimiento y reparaci\u00f3n de bicicletas, promoviendo la movilidad sustentable y el acceso a conocimientos t\u00e9cnicos aplicables.<\/p>\n<p>Adem\u00e1s, en una primera instancia, los vecinos de M\u00fcller tambi\u00e9n accedieron al taller de bicicleter\u00eda; y los de Altamira cursaron el de agroecolog\u00eda.<\/p>\n<p>El programa \u201cA-ULA M\u00f3vil\u201d forma a los vecinos y vecinas en oficios sostenibles, impulsando el acceso a conocimientos pr\u00e1cticos y herramientas que permitan a m\u00e1s personas aprender, emprender y ser parte del cambio en el mundo de los empleos verdes.<\/p>\n<p>M\u00e1s adelante se confirmar\u00e1n nuevos talleres y fechas. Para m\u00e1s informaci\u00f3n y consultas sobre inscripciones, los interesados pueden hacerlo <a href=\"https:\/\/forms.gle\/nvBbC3Gig5RwW9N39\">en el siguiente enlace<\/a>, en las redes sociales de la ULA (<a href=\"https:\/\/www.instagram.com\/ula.cordoba\/?hl=es\">@ula.cordoba en Instagram<\/a>) y <a href=\"https:\/\/ambiente.cordoba.gob.ar\/ula\/\">en el sitio web de la instituci\u00f3n<\/a>.<\/p>\n","protected":false},"excerpt":{"rendered":"<p>En esta oportunidad, vecinos de los barrios M\u00fcller y Altamira acceden gratuitamente a los talleres de \u201cProducci\u00f3n Agroecol\u00f3gica y Emprendedurismo\u201d y \u201cBicicleter\u00eda\u201d. La Municipalidad de C\u00f3rdoba impulsa sus pol\u00edticas de descentralizaci\u00f3n, acercando en esta oportunidad la educaci\u00f3n ambiental a los barrios, cerca de donde viven los vecinos y vecinas. La Universidad Libre del Ambiente es [&hellip;]<\/p>\n","protected":false},"author":1,"featured_media":163521,"comment_status":"closed","ping_status":"closed","sticky":false,"template":"","format":"standard","meta":[],"categories":[44],"tags":[],"_links":{"self":[{"href":"http:\/\/cordobadirecto.com\/index.php\/wp-json\/wp\/v2\/posts\/163520"}],"collection":[{"href":"http:\/\/cordobadirecto.com\/index.php\/wp-json\/wp\/v2\/posts"}],"about":[{"href":"http:\/\/cordobadirecto.com\/index.php\/wp-json\/wp\/v2\/types\/post"}],"author":[{"embeddable":true,"href":"http:\/\/cordobadirecto.com\/index.php\/wp-json\/wp\/v2\/users\/1"}],"replies":[{"embeddable":true,"href":"http:\/\/cordobadirecto.com\/index.php\/wp-json\/wp\/v2\/comments?post=163520"}],"version-history":[{"count":0,"href":"http:\/\/cordobadirecto.com\/index.php\/wp-json\/wp\/v2\/posts\/163520\/revisions"}],"wp:featuredmedia":[{"embeddable":true,"href":"http:\/\/cordobadirecto.com\/index.php\/wp-json\/wp\/v2\/media\/163521"}],"wp:attachment":[{"href":"http:\/\/cordobadirecto.com\/index.php\/wp-json\/wp\/v2\/media?parent=163520"}],"wp:term":[{"taxonomy":"category","embeddable":true,"href":"http:\/\/cordobadirecto.com\/index.php\/wp-json\/wp\/v2\/categories?post=163520"},{"taxonomy":"post_tag","embeddable":true,"href":"http:\/\/cordobadirecto.com\/index.php\/wp-json\/wp\/v2\/tags?post=163520"}],"curies":[{"name":"wp","href":"https:\/\/api.w.org\/{rel}","templated":true}]}}