{"id":163580,"date":"2025-03-19T21:06:23","date_gmt":"2025-03-19T21:06:23","guid":{"rendered":"https:\/\/www.ole.com.ar\/autos\/franco-colapinto-video-intro-formula-1-alpine_0_CIVhcKU91r.html"},"modified":"2025-03-19T21:06:23","modified_gmt":"2025-03-19T21:06:23","slug":"el-video-que-acerca-a-franco-colapinto-a-la-butaca-titular-en-alpine","status":"publish","type":"post","link":"http:\/\/cordobadirecto.com\/index.php\/2025\/03\/19\/el-video-que-acerca-a-franco-colapinto-a-la-butaca-titular-en-alpine\/","title":{"rendered":"El video que acerca a Franco Colapinto a la butaca titular en Alpine"},"content":{"rendered":"<p><time class=\"createDate\" datetime=\"2025-03-19T18:06:23-03:00\">19\/03\/2025 18:06hs.<\/time><\/p>\n<div id=\"storyBody\">\n<div class=\"custom-text \" readability=\"39.007476635514\">\n<p>A trav\u00e9s de su canal de YouTube, la <strong><a href=\"https:\/\/www.ole.com.ar\/tema\/formula-1.html\" title=\"F\u00f3rmula 1\" alt=\"F\u00f3rmula 1\" class=\"slug\">F\u00f3rmula 1<\/a><\/strong> comparti\u00f3 un material exclusivo que revel\u00f3 c\u00f3mo fue que se grab\u00f3 la apertura que se presenta antes del inicio de cada Gran Premio. La producci\u00f3n cont\u00f3 con la participaci\u00f3n de los pilotos titulares de la parrilla, y un detalle que no pas\u00f3 inadvertido, fue la aparici\u00f3n de dos reservas, <strong>siendo <a href=\"https:\/\/www.ole.com.ar\/tema\/franco-colapinto.html\" title=\"Franco Colapinto\" alt=\"Franco Colapinto\" class=\"slug\">Franco Colapinto<\/a> uno de ellos<\/strong>. El pilarense no s\u00f3lo estuvo presente, sino que protagoniz\u00f3 dos escenas dentro del video, <strong>alimentando a\u00fan m\u00e1s la ilusi\u00f3n de verlo pronto en la M\u00e1xima<\/strong>.<\/p>\n<\/div>\n<div class=\"custom-text \" readability=\"39\">\n<p>En el detr\u00e1s de escena, los volantes principales de cada escuder\u00eda se mostraron afinando su imagen y dejando momentos divertidos, como cuando Carlos Sainz se mostr\u00f3 preocupado al encontrarse una cana. <strong>El oriundo de Pilar tambi\u00e9n pas\u00f3 por la peluquer\u00eda<\/strong>&#8230; <strong>Y fue criticado<\/strong>: &#8220;Voy a tener que sacarte algunos pelos. Parece que no te afeit\u00e1s muy bien&#8221;, dijo la estilista, provocando la risa del argentino.<\/p>\n<\/div>\n<div class=\"sc-e7b891c4-0 ifHnQL image-embed\"><img alt=\"Colapinto, afinando el look. (Foto: F\u00f3rmula 1)\" loading=\"lazy\" width=\"720\" height=\"100\" decoding=\"async\" data-nimg=\"1\" src=\"http:\/\/cordobadirecto.com\/wp-content\/uploads\/2025\/03\/el-video-que-acerca-a-franco-colapinto-a-la-butaca-titular-en-alpine.jpg\"><span class=\"epigraphe\">Colapinto, afinando el look. (Foto: F\u00f3rmula 1)<\/span><\/div>\n<div class=\"custom-text \" readability=\"42\">\n<p>Una vez arreglados, los pilotos se dirigieron a un set cargado de luces, tecnolog\u00eda y producci\u00f3n cinematogr\u00e1fica, donde Colapinto hizo nuevamente gala de la personalidad carism\u00e1tica que tan bien lo caracteriza. Una c\u00e1mara le llam\u00f3 la atenci\u00f3n <strong>y se hizo cargo de la misma<\/strong>, haciendo re\u00edr al equipo de trabajo. En tanto, <strong>Pierre Gasly<\/strong> y <strong>Jack Doohan<\/strong>, los titulares de Alpine, formaron parte de la grabaci\u00f3n (el franc\u00e9s fue quien cerr\u00f3 el video).<\/p>\n<\/div>\n<div class=\"sc-e7b891c4-0 ifHnQL image-embed\"><img alt=\"El pilarense se divierte con la c\u00e1mara. (Foto: F\u00f3rmula 1)\" loading=\"lazy\" width=\"720\" height=\"100\" decoding=\"async\" data-nimg=\"1\" src=\"http:\/\/cordobadirecto.com\/wp-content\/uploads\/2025\/03\/el-video-que-acerca-a-franco-colapinto-a-la-butaca-titular-en-alpine-1.jpg\"><span class=\"epigraphe\">El pilarense se divierte con la c\u00e1mara. (Foto: F\u00f3rmula 1)<\/span><\/div>\n<div class=\"custom-text \" readability=\"42\">\n<p>Lo que resalta de la filmaci\u00f3n, es que <strong>Franco tiene m\u00e1s protagonismo que personajes del calibre de Lewis Hamilton y Oscar Piastri<\/strong>. No s\u00f3lo eso, sino que es uno de los dos pilotos de reserva que figuran en el video. El otro es el finland\u00e9s <strong>Valtteri Bottas<\/strong>, quien m\u00e1s que un suplente, ser\u00eda el tercer titular de Mercedes debido a la trayectoria que lo respalda: particip\u00f3 de 247 Grandes Premios y gan\u00f3 10 carreras. Tambi\u00e9n logr\u00f3 67 podios, 20 poles, 19 vueltas r\u00e1pidas y 1.797 puntos. Sin embargo, su aparici\u00f3n se limito a un breve segundo.<\/p>\n<\/div>\n<p><h2><strong>As\u00ed se grab\u00f3 la apertura de la temporada 2025 de la F\u00f3rmula 1<\/strong><\/h2>\n<\/p>\n<div class=\"sc-734b4696-1 kFfZtB\" readability=\"6\">\n<div class=\"sc-d00d9e74-0 hnHYbk\" type=\"embed\">\n<div class=\"sc-d00d9e74-1 iKVbz videoText\" id=\"contentTitleembedRQigg3M0\" type=\"embed\"><svg fill=\"#ffffff\"><symbol id=\"play\" viewBox=\"0 0 512 512\"><path d=\"M512 256C512 397.4 397.4 512 256 512C114.6 512 0 397.4 0 256C0 114.6 114.6 0 256 0C397.4 0 512 114.6 512 256zM176 168V344C176 352.7 180.7 360.7 188.3 364.9C195.8 369.2 205.1 369 212.5 364.5L356.5 276.5C363.6 272.1 368 264.4 368 256C368 247.6 363.6 239.9 356.5 235.5L212.5 147.5C205.1 142.1 195.8 142.8 188.3 147.1C180.7 151.3 176 159.3 176 168V168z\" \/><\/symbol><use xlink:href=\"#play\" \/><\/svg><\/p>\n<div class=\"right\">\n<p>F\u00f3rmula 1<!-- --> &#8211; <span>&nbsp;<\/span><\/p>\n<h2 class=\"title-vid\">El detr\u00e1s de escena de las presentaciones de los pilotos de F\u00f3rmula 1<\/h2>\n<\/div>\n<\/div>\n<p><span class=\"back\" id=\"spanBackembedRQigg3M0\"><\/span><\/div>\n<div class=\"JWvideoNota_title\" readability=\"7\">\n<p>El material en su totalidad. Cr\u00e9ditos: F\u00f3rmula 1<\/p>\n<\/div>\n<\/div>\n<p><h2><strong>Tras la fecha en Australia, Franco Colapinto ya se encuentra presente en China<\/strong><\/h2>\n<\/p>\n<div class=\"custom-text \" readability=\"41\">\n<p>La carrera inaugural de la F1 a\u00fan sigue dando de qu\u00e9 hablar. En China, la lupa estar\u00e1 sobre el desempe\u00f1o de Doohan, quien no complet\u00f3 la carrera tras el accidente que sufri\u00f3 en su Australia natal. Para descomprimir la situaci\u00f3n, <strong>Oliver Oakes<\/strong>, director de Alpine, declar\u00f3 lo siguiente sobre el piloto aussie: &#8220;Es justo decir que hemos causado mucho ruido. <strong>No lo hemos puesto en la mejor posici\u00f3n<\/strong>&#8220;. En tanto, Franco Colapinto espera su chance mientras acompa\u00f1a al equipo de la escuder\u00eda francesa en su rol de volante reserva.<\/p>\n<\/div>\n<div class=\"custom-text \" readability=\"37\">\n<p>El argentino <strong>ya se encuentra en China<\/strong>, donde se llevar\u00e1 a cabo la pr\u00f3xima fecha de la M\u00e1xima entre el<strong> 21 y 23 de marzo<\/strong>, y en el aeropuerto fue interceptado por varios fan\u00e1ticos que buscaban su aut\u00f3grafo. Ropa, fotos&#8230; E incluso un IPad se llevaron la firma de el nacido en Pilar.<\/p>\n<\/div>\n<div class=\"sc-a7166897-0 eoLsBE\" readability=\"6.5\">\n<section readability=\"3\"><picture><img alt=\"F\u00f3rmula 1: cu\u00e1ndo es y c\u00f3mo ver la segunda fecha, en China\" loading=\"lazy\" width=\"290\" height=\"290\" decoding=\"async\" data-nimg=\"1\" src=\"http:\/\/cordobadirecto.com\/wp-content\/uploads\/2025\/03\/el-video-que-acerca-a-franco-colapinto-a-la-butaca-titular-en-alpine-2.jpg\"><\/picture>\n<p><span>Mir\u00e1 tambi\u00e9n<\/span><\/p>\n<hr>\n<h3>F\u00f3rmula 1: cu\u00e1ndo es y c\u00f3mo ver la segunda fecha, en China<\/h3>\n<\/p>\n<\/section>\n<\/div>\n<div class=\"sc-a7166897-0 eoLsBE\" readability=\"8\">\n<section readability=\"6\"><picture><img alt=\"De la decepci\u00f3n al reto, qu\u00e9 dijeron Doohan y Gasly, pilotos de Alpine, en su llegada a China para la F1\" loading=\"lazy\" width=\"290\" height=\"290\" decoding=\"async\" data-nimg=\"1\" src=\"http:\/\/cordobadirecto.com\/wp-content\/uploads\/2025\/03\/el-video-que-acerca-a-franco-colapinto-a-la-butaca-titular-en-alpine-3.jpg\"><\/picture>\n<p><span>Mir\u00e1 tambi\u00e9n<\/span><\/p>\n<hr>\n<h3>De la decepci\u00f3n al reto, qu\u00e9 dijeron Doohan y Gasly, pilotos de Alpine, en su llegada a China para la F1<\/h3>\n<\/p>\n<\/section>\n<\/div>\n<div class=\"sc-a7166897-0 eoLsBE\" readability=\"7\">\n<section readability=\"4\"><picture><img alt=\"Franco Colapinto en la F1 de China: ya lleg\u00f3, qu\u00e9 har\u00e1 y cu\u00e1l es la agenda del equipo\" loading=\"lazy\" width=\"290\" height=\"290\" decoding=\"async\" data-nimg=\"1\" src=\"http:\/\/cordobadirecto.com\/wp-content\/uploads\/2025\/03\/el-video-que-acerca-a-franco-colapinto-a-la-butaca-titular-en-alpine-4.jpg\"><\/picture>\n<p><span>Mir\u00e1 tambi\u00e9n<\/span><\/p>\n<hr>\n<h3>Franco Colapinto en la F1 de China: ya lleg\u00f3, qu\u00e9 har\u00e1 y cu\u00e1l es la agenda del equipo<\/h3>\n<\/p>\n<\/section>\n<\/div>\n<\/div>\n","protected":false},"excerpt":{"rendered":"<p>19\/03\/2025 18:06hs. A trav\u00e9s de su canal de YouTube, la F\u00f3rmula 1 comparti\u00f3 un material exclusivo que revel\u00f3 c\u00f3mo fue que se grab\u00f3 la apertura que se presenta antes del inicio de cada Gran Premio. La producci\u00f3n cont\u00f3 con la participaci\u00f3n de los pilotos titulares de la parrilla, y un detalle que no pas\u00f3 inadvertido, [&hellip;]<\/p>\n","protected":false},"author":1,"featured_media":163581,"comment_status":"closed","ping_status":"closed","sticky":false,"template":"","format":"standard","meta":[],"categories":[21],"tags":[],"_links":{"self":[{"href":"http:\/\/cordobadirecto.com\/index.php\/wp-json\/wp\/v2\/posts\/163580"}],"collection":[{"href":"http:\/\/cordobadirecto.com\/index.php\/wp-json\/wp\/v2\/posts"}],"about":[{"href":"http:\/\/cordobadirecto.com\/index.php\/wp-json\/wp\/v2\/types\/post"}],"author":[{"embeddable":true,"href":"http:\/\/cordobadirecto.com\/index.php\/wp-json\/wp\/v2\/users\/1"}],"replies":[{"embeddable":true,"href":"http:\/\/cordobadirecto.com\/index.php\/wp-json\/wp\/v2\/comments?post=163580"}],"version-history":[{"count":0,"href":"http:\/\/cordobadirecto.com\/index.php\/wp-json\/wp\/v2\/posts\/163580\/revisions"}],"wp:featuredmedia":[{"embeddable":true,"href":"http:\/\/cordobadirecto.com\/index.php\/wp-json\/wp\/v2\/media\/163581"}],"wp:attachment":[{"href":"http:\/\/cordobadirecto.com\/index.php\/wp-json\/wp\/v2\/media?parent=163580"}],"wp:term":[{"taxonomy":"category","embeddable":true,"href":"http:\/\/cordobadirecto.com\/index.php\/wp-json\/wp\/v2\/categories?post=163580"},{"taxonomy":"post_tag","embeddable":true,"href":"http:\/\/cordobadirecto.com\/index.php\/wp-json\/wp\/v2\/tags?post=163580"}],"curies":[{"name":"wp","href":"https:\/\/api.w.org\/{rel}","templated":true}]}}