{"id":163592,"date":"2025-03-20T11:05:47","date_gmt":"2025-03-20T11:05:47","guid":{"rendered":"https:\/\/cordoba.gob.ar\/?p=75913"},"modified":"2025-03-20T11:05:47","modified_gmt":"2025-03-20T11:05:47","slug":"la-obra-de-remodelacion-y-refuncionalizacion-del-centro-de-salud-de-barrio-mercantil-anexo-tiene-un-70-de-avance","status":"publish","type":"post","link":"http:\/\/cordobadirecto.com\/index.php\/2025\/03\/20\/la-obra-de-remodelacion-y-refuncionalizacion-del-centro-de-salud-de-barrio-mercantil-anexo-tiene-un-70-de-avance\/","title":{"rendered":"La obra de remodelaci\u00f3n y refuncionalizaci\u00f3n del Centro de Salud de barrio Mercantil Anexo tiene un 70% de avance"},"content":{"rendered":"<div><img src=\"http:\/\/cordobadirecto.com\/wp-content\/uploads\/2025\/03\/la-obra-de-remodelacion-y-refuncionalizacion-del-centro-de-salud-de-barrio-mercantil-anexo-tiene-un-70-de-avance.jpg\" class=\"ff-og-image-inserted\"><\/div>\n<ul class=\"ak-ul\" data-prosemirror-content-type=\"node\" data-prosemirror-node-name=\"bulletList\" data-prosemirror-node-block=\"true\" data-pm-slice=\"3 1 []\" readability=\"0.5\">\n<li data-prosemirror-content-type=\"node\" data-prosemirror-node-name=\"listItem\" data-prosemirror-node-block=\"true\" readability=\"4\">\n<p data-prosemirror-content-type=\"node\" data-prosemirror-node-name=\"paragraph\" data-prosemirror-node-block=\"true\"><strong>El espacio contar\u00e1 con tres nuevos consultorios, uno para odontolog\u00eda, sala de admisi\u00f3n y espera, dep\u00f3sito de farmacia, sala de personal y un nuevo espacio exclusivo para el manejo de pat\u00f3genos.<\/strong><\/p>\n<\/li>\n<\/ul>\n<hr>\n<p data-prosemirror-content-type=\"node\" data-prosemirror-node-name=\"paragraph\" data-prosemirror-node-block=\"true\">Las obras de remodelaci\u00f3n y refuncionalizaci\u00f3n interna y externa del Centro de Salud 66 de barrio Mercantil Anexo presentan un notorio avance.<\/p>\n<p data-prosemirror-content-type=\"node\" data-prosemirror-node-name=\"paragraph\" data-prosemirror-node-block=\"true\">Buscando optimizar la infraestructura del centro y que vuelva a brindar atenci\u00f3n de calidad a los vecinos y vecinas de la zona, se crear\u00e1n tres nuevos consultorios, de los cuales uno ser\u00e1 utilizado para brindar el servicio de odontolog\u00eda, sala de admisi\u00f3n y espera, sala de personal y dep\u00f3sito de farmacia.<\/p>\n<p data-prosemirror-content-type=\"node\" data-prosemirror-node-name=\"paragraph\" data-prosemirror-node-block=\"true\">Tambi\u00e9n, se refaccionan y modifican los dos ba\u00f1os existentes, a los que se les colocar\u00e1 nuevo mobiliario y se los adaptar\u00e1 para personas con movilidad reducida.<\/p>\n<p data-prosemirror-content-type=\"node\" data-prosemirror-node-name=\"paragraph\" data-prosemirror-node-block=\"true\">Las \u00faltimas obras contemplan la colocaci\u00f3n de los tabiques de durlock para las nuevas \u00e1reas de dep\u00f3sito de farmacia y limpieza, as\u00ed como para la sala del personal.<\/p>\n<p data-prosemirror-content-type=\"node\" data-prosemirror-node-name=\"paragraph\" data-prosemirror-node-block=\"true\">Se est\u00e1n ultimando los trabajos de colocaci\u00f3n de cer\u00e1micos y revoques y se realizaron mejoras integrales en las instalaciones sanitarias y de gas, como tambi\u00e9n la renovaci\u00f3n completa del sistema el\u00e9ctrico a los fines de garantizar la mayor seguridad y eficiencia del espacio.<\/p>\n<p data-prosemirror-content-type=\"node\" data-prosemirror-node-name=\"paragraph\" data-prosemirror-node-block=\"true\">En los pr\u00f3ximos d\u00edas se instalar\u00e1n mesadas y bachas en los consultorio, adem\u00e1s de los sanitarios en cada ba\u00f1o. Comenzar\u00e1n las tareas de pintura en el interior y en el exterior del edificio, para luego poder instalar los artefactos de iluminaci\u00f3n y electricidad.<\/p>\n<p data-prosemirror-content-type=\"node\" data-prosemirror-node-name=\"paragraph\" data-prosemirror-node-block=\"true\">Tambi\u00e9n se establecer\u00e1 el servicio de internet para optimizar la conectividad y acceder en tiempo real a historias cl\u00ednicas en red.<\/p>\n<p data-prosemirror-content-type=\"node\" data-prosemirror-node-name=\"paragraph\" data-prosemirror-node-block=\"true\">Con esta puesta en valor, el Centro de barrio Mercantil Anexo dar\u00e1 un paso fundamental en su objetivo de ofrecer un servicio de salud m\u00e1s accesible y funcional para la atenci\u00f3n de los vecinos del sector y de barrios aleda\u00f1os.<\/p>\n","protected":false},"excerpt":{"rendered":"<p>El espacio contar\u00e1 con tres nuevos consultorios, uno para odontolog\u00eda, sala de admisi\u00f3n y espera, dep\u00f3sito de farmacia, sala de personal y un nuevo espacio exclusivo para el manejo de pat\u00f3genos. Las obras de remodelaci\u00f3n y refuncionalizaci\u00f3n interna y externa del Centro de Salud 66 de barrio Mercantil Anexo presentan un notorio avance. Buscando optimizar [&hellip;]<\/p>\n","protected":false},"author":1,"featured_media":163593,"comment_status":"closed","ping_status":"closed","sticky":false,"template":"","format":"standard","meta":[],"categories":[44],"tags":[],"_links":{"self":[{"href":"http:\/\/cordobadirecto.com\/index.php\/wp-json\/wp\/v2\/posts\/163592"}],"collection":[{"href":"http:\/\/cordobadirecto.com\/index.php\/wp-json\/wp\/v2\/posts"}],"about":[{"href":"http:\/\/cordobadirecto.com\/index.php\/wp-json\/wp\/v2\/types\/post"}],"author":[{"embeddable":true,"href":"http:\/\/cordobadirecto.com\/index.php\/wp-json\/wp\/v2\/users\/1"}],"replies":[{"embeddable":true,"href":"http:\/\/cordobadirecto.com\/index.php\/wp-json\/wp\/v2\/comments?post=163592"}],"version-history":[{"count":0,"href":"http:\/\/cordobadirecto.com\/index.php\/wp-json\/wp\/v2\/posts\/163592\/revisions"}],"wp:featuredmedia":[{"embeddable":true,"href":"http:\/\/cordobadirecto.com\/index.php\/wp-json\/wp\/v2\/media\/163593"}],"wp:attachment":[{"href":"http:\/\/cordobadirecto.com\/index.php\/wp-json\/wp\/v2\/media?parent=163592"}],"wp:term":[{"taxonomy":"category","embeddable":true,"href":"http:\/\/cordobadirecto.com\/index.php\/wp-json\/wp\/v2\/categories?post=163592"},{"taxonomy":"post_tag","embeddable":true,"href":"http:\/\/cordobadirecto.com\/index.php\/wp-json\/wp\/v2\/tags?post=163592"}],"curies":[{"name":"wp","href":"https:\/\/api.w.org\/{rel}","templated":true}]}}