{"id":163603,"date":"2025-03-20T20:36:51","date_gmt":"2025-03-20T20:36:51","guid":{"rendered":"https:\/\/es.digitaltrends.com\/?p=1063629"},"modified":"2025-03-20T20:36:51","modified_gmt":"2025-03-20T20:36:51","slug":"ben-stiller-aclara-la-temporada-3-de-severance-llegara-antes-de-lo-previsto","status":"publish","type":"post","link":"http:\/\/cordobadirecto.com\/index.php\/2025\/03\/20\/ben-stiller-aclara-la-temporada-3-de-severance-llegara-antes-de-lo-previsto\/","title":{"rendered":"Ben Stiller aclara: la temporada 3 de Severance llegar\u00e1 antes de lo previsto"},"content":{"rendered":"<div><img src=\"http:\/\/cordobadirecto.com\/wp-content\/uploads\/2025\/03\/ben-stiller-aclara-la-temporada-3-de-severance-llegara-antes-de-lo-previsto.jpg\" class=\"ff-og-image-inserted\"><\/div>\n<p>Despu\u00e9s del excelente final de la temporada 1, los fan\u00e1ticos&nbsp;<em>de <a href=\"https:\/\/es.digitaltrends.com\/entretenimiento\/severance-temporada-3-esto-sabemos\/\"><strong><em>Severance<\/em><\/strong><\/a><\/em><em>&nbsp;<\/em>tuvieron que esperar tres a\u00f1os para que regresara el exitoso programa de Apple TV+. Esta vez, eso no volver\u00e1 a suceder.<\/p>\n<p>El director y productor ejecutivo&nbsp;<em>de Severance<\/em>, <a href=\"https:\/\/es.digitaltrends.com\/entretenimiento\/adam-sandler-ben-stiller-siempre-los-confunden\/\"><strong>Ben Stiller<\/strong><\/a>, habl\u00f3 sobre el programa de ciencia ficci\u00f3n con Jason y Travis Kelce en el&nbsp;<a href=\"https:\/\/www.youtube.com\/watch?v=G0oyW5uuVoI\" target=\"_blank\" rel=\"nofollow noopener\">podcast&nbsp;<em>New Heights<\/em><\/a>. Travis le pregunt\u00f3 a Stiller si habr\u00eda otra espera de tres a\u00f1os entre temporadas. Stiller asegura a los fan\u00e1ticos que eso no volver\u00e1 a suceder.<\/p>\n<div class=\"b-connatix b-connatix--video\" id=\"dt-cnx-container-67dc7fd193ef2\">\n<div class=\"b-connatix__label\"> Recommended Videos <\/div>\n<div class=\"b-connatix__container\"> <\/div>\n<\/div>\n<p>\u00abNo, no, el plan no lo es, definitivamente no\u00bb, dijo Stiller. \u00abNo, el plan no lo es y esperamos estar anunciando cu\u00e1l es el plan muy pronto. Eso no ser\u00e1 eso\u00bb.<\/p>\n<p> <iframe width=\"560\" height=\"315\" src=\"https:\/\/www.youtube.com\/embed\/G0oyW5uuVoI?si=NEWvMuiMnGHGBrm0\" title=\"YouTube video player\" frameborder=\"0\" allow=\"accelerometer; autoplay; clipboard-write; encrypted-media; gyroscope; picture-in-picture; web-share\" referrerpolicy=\"strict-origin-when-cross-origin\" allowfullscreen>[embedded content]<\/iframe> <\/p>\n<p>La temporada 3 no ha sido renovada oficialmente. Sin embargo, la renovaci\u00f3n de&nbsp;<em>Severance&nbsp;<\/em>por una tercera temporada por parte de Apple TV+ est\u00e1 pr\u00e1cticamente garantizada.<\/p>\n<p>La brecha entre la temporada 1 y la temporada 2 se puede atribuir a los paros laborales de Hollywood debido a las huelgas de escritores y actores.<\/p>\n<p data-pm-slice=\"1 1 []\">Creada por Dan Erickson,&nbsp;<em>Severance&nbsp;<\/em>sigue la vida de los empleados despedidos de Lumon Industries. Los empleados despedidos se someten a un procedimiento quir\u00fargico innovador en el que los recuerdos de una persona se dividen entre su trabajo (\u00abinnies\u00bb) y su vida personal (\u00abouties\u00bb). En la segunda temporada, Mark y sus amigos aprenden las nefastas consecuencias de jugar con la barrera de indemnizaci\u00f3n, lo que los lleva m\u00e1s lejos por un camino de aflicci\u00f3n\u00bb, se lee en la sinopsis de Apple.<\/p>\n<p><em>El elenco de Severance incluye a&nbsp;<\/em>Adam Scott, Britt Lower, Tramell, Zach Cherry, Jen Tullock, Michael Chernus, Dichen Lachman, Sarah Bock, \u00d3lafur Darri \u00d3lafsson, John Turturro, Christopher Walken y Patricia Arquette.<\/p>\n<p>Ambas temporadas de&nbsp;<em>Severance&nbsp;<\/em>han sido aclamadas por la cr\u00edtica. La temporada 1 recibi\u00f3 14 nominaciones al Emmy, incluyendo Mejor Serie Dram\u00e1tica.<\/p>\n<p>El final de la temporada 2&nbsp;<em>de Severance<\/em> se estrenar\u00e1 en <a href=\"https:\/\/es.digitaltrends.com\/apple\/ni-severance-salva-la-plata-apple-tv-desangra-por-1000-millones-de-dolares-a-tim-cook\/\"><strong>Apple TV+<\/strong><\/a>&nbsp;a las 9 p.m. ET el jueves 20 de marzo.<\/p>\n<p> <span id=\"publisher-md\" itemprop=\"publisher\" itemscope itemtype=\"https:\/\/schema.org\/Organization\"> <span itemprop=\"url\" itemtype=\"https:\/\/schema.org\/Url\" content=\"https:\/\/es.digitaltrends.com\"> <span itemprop=\"logo\" itemscope itemtype=\"https:\/\/schema.org\/ImageObject\"> <meta itemprop=\"url\" content=\"https:\/\/cdn.dtcn.com\/dt\/dt-logo-small.png\"> <meta itemprop=\"width\" content=\"0\"> <meta itemprop=\"height\" content=\"0\"> <\/span> <meta itemprop=\"name\" content=\"Digital Trends Espa\u00f1ol\"> <\/span> <span itemprop=\"image\" itemscope itemtype=\"https:\/\/schema.org\/ImageObject\"> <meta itemprop=\"url\" content=\"https:\/\/es.digitaltrends.com\/wp-content\/uploads\/2025\/03\/Severance-temporada-3.jpeg?p=1\"> <\/span> <\/span> <\/p>\n","protected":false},"excerpt":{"rendered":"<p>Despu\u00e9s del excelente final de la temporada 1, los fan\u00e1ticos&nbsp;de Severance&nbsp;tuvieron que esperar tres a\u00f1os para que regresara el exitoso programa de Apple TV+. Esta vez, eso no volver\u00e1 a suceder. El director y productor ejecutivo&nbsp;de Severance, Ben Stiller, habl\u00f3 sobre el programa de ciencia ficci\u00f3n con Jason y Travis Kelce en el&nbsp;podcast&nbsp;New Heights. Travis [&hellip;]<\/p>\n","protected":false},"author":1,"featured_media":163604,"comment_status":"closed","ping_status":"closed","sticky":false,"template":"","format":"standard","meta":[],"categories":[18],"tags":[],"_links":{"self":[{"href":"http:\/\/cordobadirecto.com\/index.php\/wp-json\/wp\/v2\/posts\/163603"}],"collection":[{"href":"http:\/\/cordobadirecto.com\/index.php\/wp-json\/wp\/v2\/posts"}],"about":[{"href":"http:\/\/cordobadirecto.com\/index.php\/wp-json\/wp\/v2\/types\/post"}],"author":[{"embeddable":true,"href":"http:\/\/cordobadirecto.com\/index.php\/wp-json\/wp\/v2\/users\/1"}],"replies":[{"embeddable":true,"href":"http:\/\/cordobadirecto.com\/index.php\/wp-json\/wp\/v2\/comments?post=163603"}],"version-history":[{"count":0,"href":"http:\/\/cordobadirecto.com\/index.php\/wp-json\/wp\/v2\/posts\/163603\/revisions"}],"wp:featuredmedia":[{"embeddable":true,"href":"http:\/\/cordobadirecto.com\/index.php\/wp-json\/wp\/v2\/media\/163604"}],"wp:attachment":[{"href":"http:\/\/cordobadirecto.com\/index.php\/wp-json\/wp\/v2\/media?parent=163603"}],"wp:term":[{"taxonomy":"category","embeddable":true,"href":"http:\/\/cordobadirecto.com\/index.php\/wp-json\/wp\/v2\/categories?post=163603"},{"taxonomy":"post_tag","embeddable":true,"href":"http:\/\/cordobadirecto.com\/index.php\/wp-json\/wp\/v2\/tags?post=163603"}],"curies":[{"name":"wp","href":"https:\/\/api.w.org\/{rel}","templated":true}]}}