{"id":163714,"date":"2025-03-23T11:20:57","date_gmt":"2025-03-23T11:20:57","guid":{"rendered":"https:\/\/www.ole.com.ar\/autos\/franco-colapinto-alpine-gp-china-frase-comentario_0_TQWxjbBv1W.html"},"modified":"2025-03-23T11:20:57","modified_gmt":"2025-03-23T11:20:57","slug":"el-palito-de-franco-colapinto-en-la-previa-del-gran-premio-de-china","status":"publish","type":"post","link":"http:\/\/cordobadirecto.com\/index.php\/2025\/03\/23\/el-palito-de-franco-colapinto-en-la-previa-del-gran-premio-de-china\/","title":{"rendered":"El palito de Franco Colapinto en la previa del Gran Premio de China"},"content":{"rendered":"<p><time class=\"createDate\" datetime=\"2025-03-23T08:20:57-03:00\">23\/03\/2025 08:20hs.<\/time><\/p>\n<div id=\"storyBody\">\n<div class=\"custom-text \" readability=\"34.752475247525\">\n<p><strong><a href=\"https:\/\/www.ole.com.ar\/tema\/franco-colapinto.html\" target=\"_blank\" title=\"Franco Colapinto\" alt=\"Franco Colapinto\" rel=\"noopener\">Franco Colapinto<\/a><\/strong> quiere regresar a las pistas cuanto antes pero, para hacerlo, debe esperar. Aunque el mal presente de <strong><a href=\"https:\/\/www.ole.com.ar\/autos\/jack-doohan-alpine-franco-colapinto-gp-china_0_pC6t8S3ask.html\" target=\"_blank\" title=\"Jack Doohan\" alt=\"Jack Doohan\" rel=\"noopener\">Jack Doohan<\/a><\/strong> aument\u00f3 los rumores que indican que su retorno est\u00e1 cerca, el argentino sigue siendo reserva para <strong><a href=\"https:\/\/www.ole.com.ar\/tema\/alpine.html\" target=\"_blank\" title=\"Alpine\" alt=\"Alpine\" rel=\"noopener\">Alpine<\/a> <\/strong>y tiene prohibido hablar con la prensa. Sin embargo, en la previa del <strong><a href=\"https:\/\/www.ole.com.ar\/autos\/gran-premio-shanghai-china-formula-1-2025-gano-piastri-mc-laren-alpine-doohan-termino_0_qA7B7gAV4n.html\" target=\"_blank\" title=\"Gran Premio de China\" alt=\"Gran Premio de China\" rel=\"noopener\">Gran Premio de China<\/a><\/strong>, no se contuvo y lanz\u00f3 un histri\u00f3nico comentario delante de las c\u00e1maras.<\/p>\n<\/div>\n<div class=\"custom-text \" readability=\"39\">\n<p>Minutos antes de que comenzara la carrera, el piloto se acerc\u00f3 a saludar a dos periodistas que estaban al aire. Luego de intercambiar un distendido pero breve di\u00e1logo, uno de ellos le sugiri\u00f3 que se divierta en el evento antes de despedirlo. Fue en ese momento que el corredor, con la simpat\u00eda que lo caracteriza, tir\u00f3 un palito que se volvi\u00f3 viral en las redes sociales.<\/p>\n<\/div>\n<div class=\"custom-text \" readability=\"39\">\n<p>&#8220;<strong>Disfruten ustedes. Yo estoy aburrido<\/strong>&#8220;, exclam\u00f3 entre risas para marcar que, al no tener butaca asignada, le cuesta pasarla bien en el circuito. Tan solo algunos segundos despu\u00e9s, cuando asimil\u00f3 que estaba declarando y no lo tiene permitido, se retir\u00f3 del lugar r\u00e1pidamente.<\/p>\n<\/div>\n<div class=\"sc-734b4696-1 kFfZtB\">\n<div class=\"sc-d00d9e74-0 hnHYbk\" type=\"embed\">\n<div class=\"sc-d00d9e74-1 iKVbz videoText\" id=\"contentTitleembedNR1BpuvQ\" type=\"embed\"><svg fill=\"#ffffff\"><symbol id=\"play\" viewBox=\"0 0 512 512\"><path d=\"M512 256C512 397.4 397.4 512 256 512C114.6 512 0 397.4 0 256C0 114.6 114.6 0 256 0C397.4 0 512 114.6 512 256zM176 168V344C176 352.7 180.7 360.7 188.3 364.9C195.8 369.2 205.1 369 212.5 364.5L356.5 276.5C363.6 272.1 368 264.4 368 256C368 247.6 363.6 239.9 356.5 235.5L212.5 147.5C205.1 142.1 195.8 142.8 188.3 147.1C180.7 151.3 176 159.3 176 168V168z\" \/><\/symbol><use xlink:href=\"#play\" \/><\/svg><\/p>\n<div class=\"right\">\n<p>Franco Colapinto<!-- --> &#8211; <span>&nbsp;<\/span><\/p>\n<h2 class=\"title-vid\">El comentario de Franco Colapinto en la previa del GP de China<\/h2>\n<\/div>\n<\/div>\n<p><span class=\"back\" id=\"spanBackembedNR1BpuvQ\"><\/span><\/div>\n<div class=\"JWvideoNota_title\">\n<p>Video: ESPN<\/p>\n<\/div>\n<\/div>\n<p><h2>El mal presente de Alpine<\/h2>\n<\/p>\n<div class=\"custom-text \" readability=\"38\">\n<p>Con dos circuitos completados hasta el momento, <strong>Alpine <\/strong>es la <strong>\u00fanica escuder\u00eda que no sum\u00f3 puntos<\/strong>. Por lo tanto, de cara a las pr\u00f3ximas carreras, deber\u00e1n cambiar la estrategia para no quedarse tan atr\u00e1s en el campeonato de constructores, que los tiene \u00faltimos con cero unidades en su haber.<\/p>\n<\/div>\n<div class=\"sc-e7b891c4-0 ifHnQL image-embed\"><img alt=\"Jack Doohan y Pierre Gasly, pilotos de Alpine, en el evento F175. (Prensa \/ F\u00f3rmula 1)\" loading=\"lazy\" width=\"720\" height=\"100\" decoding=\"async\" data-nimg=\"1\" src=\"http:\/\/cordobadirecto.com\/wp-content\/uploads\/2025\/03\/el-palito-de-franco-colapinto-en-la-previa-del-gran-premio-de-china.jpg\"><span class=\"epigraphe\">Jack Doohan y Pierre Gasly, pilotos de Alpine, en el evento F175. (Prensa \/ F\u00f3rmula 1)<\/span><\/div>\n<p><h2>C\u00f3mo le fue a Jack Doohan en el Gran Premio de China<\/h2>\n<\/p>\n<div class=\"custom-text \" readability=\"39\">\n<p>El arranque de <strong>Jack Doohan<\/strong> en <strong>Alpine <\/strong>estuvo lejos de ser el esperado. De hecho, va de mal en peor. Durante el <strong>Gran Premio de China<\/strong>, el segundo piloto qued\u00f3 lejos de las expectativas: choc\u00f3, perdi\u00f3 puntos de superlicencia en un solo fin de semana e, incluso, termin\u00f3 en la 16\u00b0 posici\u00f3n.<\/p>\n<\/div>\n<div class=\"custom-text \" readability=\"40\">\n<p>En esta oportunidad, el australiano hizo una maniobra imprudente en la vuelta 14 contra <strong>Isack Hadjar<\/strong>. Seg\u00fan explic\u00f3 la FIA en su comunicado, forz\u00f3 a su oponente a salir de la pista al encerrarlo en una curva. Por lo tanto, fue sancionado con otros 10 segundos de penalizaci\u00f3n y dos unidades que, sumados a los que tambi\u00e9n le quitaron en la carrera sprint, dan un total de cuatro.<\/p>\n<\/div>\n<div class=\"sc-e7b891c4-0 ifHnQL image-embed\"><img alt=\"Jack Doohan con Alpine. (REUTER)\" loading=\"lazy\" width=\"720\" height=\"100\" decoding=\"async\" data-nimg=\"1\" src=\"http:\/\/cordobadirecto.com\/wp-content\/uploads\/2025\/03\/el-palito-de-franco-colapinto-en-la-previa-del-gran-premio-de-china-1.jpg\"><span class=\"epigraphe\">Jack Doohan con Alpine. (REUTER)<\/span><\/div>\n<p><h2>Cu\u00e1ndo es la pr\u00f3xima carrera de F\u00f3rmula 1<\/h2>\n<\/p>\n<div class=\"custom-text \" readability=\"37\">\n<p>La tercera carrera de la temporada de F\u00f3rmula 1 ser\u00e1 en <strong>Jap\u00f3n<\/strong>, m\u00e1s precisamente en la ciudad de Suzuka, entre el 4 y el 6 de abril. Luego, la cuarta tendr\u00e1 lugar en <strong>Bahr\u00e9in <\/strong>y la quinta en <strong>Arabia Saudita<\/strong>.<\/p>\n<\/div>\n<div class=\"sc-a7166897-0 eoLsBE\" readability=\"7\">\n<section readability=\"4\"><picture><img alt=\"GP China: Piastri gan\u00f3 de punta a punta, Doohan volvi\u00f3 a decepcionar y sonaron tres cachetazos fuera de hora \" loading=\"lazy\" width=\"290\" height=\"290\" decoding=\"async\" data-nimg=\"1\" src=\"http:\/\/cordobadirecto.com\/wp-content\/uploads\/2025\/03\/el-palito-de-franco-colapinto-en-la-previa-del-gran-premio-de-china-2.jpg\"><\/picture>\n<p><span>Mir\u00e1 tambi\u00e9n<\/span><\/p>\n<hr>\n<h3>GP China: Piastri gan\u00f3 de punta a punta, Doohan volvi\u00f3 a decepcionar y sonaron tres cachetazos fuera de hora <\/h3>\n<\/p>\n<\/section>\n<\/div>\n<div class=\"sc-a7166897-0 eoLsBE\" readability=\"7.5\">\n<section readability=\"5\"><picture><img alt=\"Jack Doohan, de mal en peor: hizo otra maniobra imprudente, perdi\u00f3 cuatro puntos de superlicencia en un fin de semana y termin\u00f3 16\u00b0\" loading=\"lazy\" width=\"290\" height=\"290\" decoding=\"async\" data-nimg=\"1\" src=\"http:\/\/cordobadirecto.com\/wp-content\/uploads\/2025\/03\/el-palito-de-franco-colapinto-en-la-previa-del-gran-premio-de-china-3.jpg\"><\/picture>\n<p><span>Mir\u00e1 tambi\u00e9n<\/span><\/p>\n<hr>\n<h3>Jack Doohan, de mal en peor: hizo otra maniobra imprudente, perdi\u00f3 cuatro puntos de superlicencia en un fin de semana y termin\u00f3 16\u00b0<\/h3>\n<\/p>\n<\/section>\n<\/div>\n<div class=\"sc-a7166897-0 eoLsBE\" readability=\"6\">\n<section readability=\"2\"><picture><img alt=\"El duro mensaje de Helmut Marko a Liam Lawson por su mal andar en Red Bull\" loading=\"lazy\" width=\"290\" height=\"290\" decoding=\"async\" data-nimg=\"1\" src=\"http:\/\/cordobadirecto.com\/wp-content\/uploads\/2025\/03\/el-palito-de-franco-colapinto-en-la-previa-del-gran-premio-de-china-4.jpg\"><\/picture>\n<p><span>Mir\u00e1 tambi\u00e9n<\/span><\/p>\n<hr>\n<h3>El duro mensaje de Helmut Marko a Liam Lawson por su mal andar en Red Bull<\/h3>\n<\/p>\n<\/section>\n<\/div>\n<\/div>\n","protected":false},"excerpt":{"rendered":"<p>23\/03\/2025 08:20hs. Franco Colapinto quiere regresar a las pistas cuanto antes pero, para hacerlo, debe esperar. Aunque el mal presente de Jack Doohan aument\u00f3 los rumores que indican que su retorno est\u00e1 cerca, el argentino sigue siendo reserva para Alpine y tiene prohibido hablar con la prensa. Sin embargo, en la previa del Gran Premio [&hellip;]<\/p>\n","protected":false},"author":1,"featured_media":163715,"comment_status":"closed","ping_status":"closed","sticky":false,"template":"","format":"standard","meta":[],"categories":[21],"tags":[],"_links":{"self":[{"href":"http:\/\/cordobadirecto.com\/index.php\/wp-json\/wp\/v2\/posts\/163714"}],"collection":[{"href":"http:\/\/cordobadirecto.com\/index.php\/wp-json\/wp\/v2\/posts"}],"about":[{"href":"http:\/\/cordobadirecto.com\/index.php\/wp-json\/wp\/v2\/types\/post"}],"author":[{"embeddable":true,"href":"http:\/\/cordobadirecto.com\/index.php\/wp-json\/wp\/v2\/users\/1"}],"replies":[{"embeddable":true,"href":"http:\/\/cordobadirecto.com\/index.php\/wp-json\/wp\/v2\/comments?post=163714"}],"version-history":[{"count":0,"href":"http:\/\/cordobadirecto.com\/index.php\/wp-json\/wp\/v2\/posts\/163714\/revisions"}],"wp:featuredmedia":[{"embeddable":true,"href":"http:\/\/cordobadirecto.com\/index.php\/wp-json\/wp\/v2\/media\/163715"}],"wp:attachment":[{"href":"http:\/\/cordobadirecto.com\/index.php\/wp-json\/wp\/v2\/media?parent=163714"}],"wp:term":[{"taxonomy":"category","embeddable":true,"href":"http:\/\/cordobadirecto.com\/index.php\/wp-json\/wp\/v2\/categories?post=163714"},{"taxonomy":"post_tag","embeddable":true,"href":"http:\/\/cordobadirecto.com\/index.php\/wp-json\/wp\/v2\/tags?post=163714"}],"curies":[{"name":"wp","href":"https:\/\/api.w.org\/{rel}","templated":true}]}}