{"id":163737,"date":"2025-03-22T14:23:28","date_gmt":"2025-03-22T14:23:28","guid":{"rendered":"https:\/\/cordoba.gob.ar\/?p=76048"},"modified":"2025-03-22T14:23:28","modified_gmt":"2025-03-22T14:23:28","slug":"parque-de-la-biodiversidad-hermoso-espacio-natural-para-visitar-el-fin-de-semana-largo","status":"publish","type":"post","link":"http:\/\/cordobadirecto.com\/index.php\/2025\/03\/22\/parque-de-la-biodiversidad-hermoso-espacio-natural-para-visitar-el-fin-de-semana-largo\/","title":{"rendered":"Parque de la Biodiversidad: hermoso espacio natural para visitar el fin de semana largo"},"content":{"rendered":"<div><img src=\"http:\/\/cordobadirecto.com\/wp-content\/uploads\/2025\/03\/parque-de-la-biodiversidad-hermoso-espacio-natural-para-visitar-el-fin-de-semana-largo.jpg\" class=\"ff-og-image-inserted\"><\/div>\n<ul class=\"ak-ul\" data-prosemirror-content-type=\"node\" data-prosemirror-node-name=\"bulletList\" data-prosemirror-node-block=\"true\" readability=\"1.4480519480519\">\n<li data-prosemirror-content-type=\"node\" data-prosemirror-node-name=\"listItem\" data-prosemirror-node-block=\"true\" readability=\"-1\">\n<p data-prosemirror-content-type=\"node\" data-prosemirror-node-name=\"paragraph\" data-prosemirror-node-block=\"true\"><strong>Habitualmente est\u00e1 abierto de jueves a domingo de 9:00 a 18:00 horas<\/strong><\/p>\n<\/li>\n<li data-prosemirror-content-type=\"node\" data-prosemirror-node-name=\"listItem\" data-prosemirror-node-block=\"true\" readability=\"2\">\n<p data-prosemirror-content-type=\"node\" data-prosemirror-node-name=\"paragraph\" data-prosemirror-node-block=\"true\"><strong>Excepcionalmente, el pr\u00f3ximo lunes, feriado, abrir\u00e1 sus puertas en el mismo horario.<\/strong><\/p>\n<\/li>\n<li data-prosemirror-content-type=\"node\" data-prosemirror-node-name=\"listItem\" data-prosemirror-node-block=\"true\" readability=\"-0.89189189189189\">\n<p data-prosemirror-content-type=\"node\" data-prosemirror-node-name=\"paragraph\" data-prosemirror-node-block=\"true\"><strong>La entrada es libre y gratuita con reserva previa en el siguiente <a href=\"https:\/\/acreditaciones.biocordoba.com.ar\/?fbclid=PAY2xjawGa7SVleHRuA2FlbQIxMAABpqIgDlyn-cW46XPl-Sk-MtQ5eAvVCiZo6qFzfPtQG_zIV4qBjpCD1NIt1A_aem_0otCcGbdpS2yyrqgBiDS0\">enlace&nbsp;<\/a><\/strong><\/p>\n<hr>\n<\/li>\n<\/ul>\n<p data-prosemirror-content-type=\"node\" data-prosemirror-node-name=\"paragraph\" data-prosemirror-node-block=\"true\">Durante el fin de semana largo, el Parque de la Biodiversidad abrir\u00e1 sus puertas e invita a la ciudadan\u00eda cordobesa, visitantes y a turistas, a recorrerlo y conocer sus diversos senderos y espacios de conservaci\u00f3n.<\/p>\n<p data-prosemirror-content-type=\"node\" data-prosemirror-node-name=\"paragraph\" data-prosemirror-node-block=\"true\">Ubicado en uno de los extremos del renovado Parque Sarmiento y en pleno coraz\u00f3n de barrio Nueva C\u00f3rdoba, y a pocas cuadras de la Terminal de \u00d3mnibus, &nbsp;el Parque de la Biodiversidad es un perfecto paseo para visitar con amigos, familias o solo.<\/p>\n<p data-prosemirror-content-type=\"node\" data-prosemirror-node-name=\"paragraph\" data-prosemirror-node-block=\"true\">El amplio espacio verde urbano y natural tiene 17 hect\u00e1reas brinda a sus visitantes pintorescos y tranquilos espacios que invitan al descanso, la contemplaci\u00f3n, la posibilidad de hacer un picnic, tomar mates, leer un libro o contemplar la naturaleza.<\/p>\n<p data-prosemirror-content-type=\"node\" data-prosemirror-node-name=\"paragraph\" data-prosemirror-node-block=\"true\">Habitualmente abre al p\u00fablico de jueves a domingo de 9:00 a 18:00 con una hora de permanencia hasta las 19:00 horas. Pero, al ser este fin de semana extra large, tambi\u00e9n estar\u00e1 abierto el lunes 24 en su horario habitual, con entrada libre y gratuita y reservando las entradas en el siguiente <a href=\"https:\/\/acreditaciones.biocordoba.com.ar\/?fbclid=PAY2xjawGa7SVleHRuA2FlbQIxMAABpqIgDlyn-cW46XPl-Sk-MtQ5eAvVCiZo6qFzfPtQG_zIV4qBjpCD1NIt1A_aem_0otCcGbdpS2yyrqgBiDS0\">enlace<\/a> , donde deber\u00e1n indicar la cantidad de personas que asistir\u00e1n y &nbsp;elegir el d\u00eda y los horarios disponibles.<\/p>\n<p data-prosemirror-content-type=\"node\" data-prosemirror-node-name=\"paragraph\" data-prosemirror-node-block=\"true\">A quienes asistan se les recomienda concurrir con calzado c\u00f3modo, sombrero, repelente y botella de agua, la que podr\u00e1 recargarse durante el recorrido en los distintos puntos de hidrataci\u00f3n ubicados dentro del Parque.<\/p>\n<p data-prosemirror-content-type=\"node\" data-prosemirror-node-name=\"paragraph\" data-prosemirror-node-block=\"true\"><strong data-prosemirror-content-type=\"mark\" data-prosemirror-mark-name=\"strong\">Qu\u00e9 ofrece el recorrido<\/strong><\/p>\n<p data-prosemirror-content-type=\"node\" data-prosemirror-node-name=\"paragraph\" data-prosemirror-node-block=\"true\">La misi\u00f3n actual del ex zoo, hoy reconvertido en Parque de la Biodiversidad, es preservar la flora y la fauna a trav\u00e9s de la educaci\u00f3n ambiental, la conservaci\u00f3n, rehabilitaci\u00f3n, rescate y reinserci\u00f3n de animales.<\/p>\n<p data-prosemirror-content-type=\"node\" data-prosemirror-node-name=\"paragraph\" data-prosemirror-node-block=\"true\">En cuanto a los animales, la interacci\u00f3n se plantea desde una contemplaci\u00f3n respetuosa y no invasiva.<\/p>\n<p data-prosemirror-content-type=\"node\" data-prosemirror-node-name=\"paragraph\" data-prosemirror-node-block=\"true\">Por ese motivo, durante el paseo se observan m\u00faltiples postas de espacios patrimoniales recuperados, adem\u00e1s de recintos y jaulas vac\u00edas, que forman parte del trabajo de concientizaci\u00f3n que refleja el cambio de paradigma respecto al trato animal.<\/p>\n<p data-prosemirror-content-type=\"node\" data-prosemirror-node-name=\"paragraph\" data-prosemirror-node-block=\"true\">Adem\u00e1s, podr\u00e1n verse algunas especies en la zona de la laguna, conocida como Ansenuza, como tambi\u00e9n numerosas especies silvestres que eligen habitar temporal o definitivamente en el parque, como es el caso de benteveos, &nbsp;garzas, &nbsp;pavos reales y aves acu\u00e1ticas atra\u00eddas por la laguna existente en el Parque, &nbsp;entre las que se cuentan variedades de patos.<\/p>\n<p data-prosemirror-content-type=\"node\" data-prosemirror-node-name=\"paragraph\" data-prosemirror-node-block=\"true\">En el Parque tambi\u00e9n encontrar\u00e1n un Patio de las Infancias, equipado con distintos juegos para el disfrute de los m\u00e1s peque\u00f1os de la familia.<\/p>\n","protected":false},"excerpt":{"rendered":"<p>Habitualmente est\u00e1 abierto de jueves a domingo de 9:00 a 18:00 horas Excepcionalmente, el pr\u00f3ximo lunes, feriado, abrir\u00e1 sus puertas en el mismo horario. La entrada es libre y gratuita con reserva previa en el siguiente enlace&nbsp; Durante el fin de semana largo, el Parque de la Biodiversidad abrir\u00e1 sus puertas e invita a la [&hellip;]<\/p>\n","protected":false},"author":1,"featured_media":163738,"comment_status":"closed","ping_status":"closed","sticky":false,"template":"","format":"standard","meta":[],"categories":[44],"tags":[],"_links":{"self":[{"href":"http:\/\/cordobadirecto.com\/index.php\/wp-json\/wp\/v2\/posts\/163737"}],"collection":[{"href":"http:\/\/cordobadirecto.com\/index.php\/wp-json\/wp\/v2\/posts"}],"about":[{"href":"http:\/\/cordobadirecto.com\/index.php\/wp-json\/wp\/v2\/types\/post"}],"author":[{"embeddable":true,"href":"http:\/\/cordobadirecto.com\/index.php\/wp-json\/wp\/v2\/users\/1"}],"replies":[{"embeddable":true,"href":"http:\/\/cordobadirecto.com\/index.php\/wp-json\/wp\/v2\/comments?post=163737"}],"version-history":[{"count":0,"href":"http:\/\/cordobadirecto.com\/index.php\/wp-json\/wp\/v2\/posts\/163737\/revisions"}],"wp:featuredmedia":[{"embeddable":true,"href":"http:\/\/cordobadirecto.com\/index.php\/wp-json\/wp\/v2\/media\/163738"}],"wp:attachment":[{"href":"http:\/\/cordobadirecto.com\/index.php\/wp-json\/wp\/v2\/media?parent=163737"}],"wp:term":[{"taxonomy":"category","embeddable":true,"href":"http:\/\/cordobadirecto.com\/index.php\/wp-json\/wp\/v2\/categories?post=163737"},{"taxonomy":"post_tag","embeddable":true,"href":"http:\/\/cordobadirecto.com\/index.php\/wp-json\/wp\/v2\/tags?post=163737"}],"curies":[{"name":"wp","href":"https:\/\/api.w.org\/{rel}","templated":true}]}}