{"id":163739,"date":"2025-03-22T12:22:02","date_gmt":"2025-03-22T12:22:02","guid":{"rendered":"https:\/\/cordoba.gob.ar\/?p=76058"},"modified":"2025-03-22T12:22:02","modified_gmt":"2025-03-22T12:22:02","slug":"hoy-llega-de-lector-a-lector-en-la-casa-de-pepino","status":"publish","type":"post","link":"http:\/\/cordobadirecto.com\/index.php\/2025\/03\/22\/hoy-llega-de-lector-a-lector-en-la-casa-de-pepino\/","title":{"rendered":"Hoy llega \u201cDe lector a lector\u201d en la Casa de Pepino"},"content":{"rendered":"<div><img src=\"http:\/\/cordobadirecto.com\/wp-content\/uploads\/2025\/03\/hoy-llega-de-lector-a-lector-en-la-casa-de-pepino.jpg\" class=\"ff-og-image-inserted\"><\/div>\n<ul>\n<li data-prosemirror-content-type=\"node\" data-prosemirror-node-name=\"paragraph\" data-prosemirror-node-block=\"true\"><strong>El evento es organizado en el marco del 20\u00b0 aniversario de Casa de Pepino y los 10 a\u00f1os de Babilonia Literaria.<\/strong><\/li>\n<li data-prosemirror-content-type=\"node\" data-prosemirror-node-name=\"paragraph\" data-prosemirror-node-block=\"true\"><strong><strong>Tiene como objetivo fomentar la circulaci\u00f3n de libros usados, certificando una selecci\u00f3n de calidad y promoviendo el acceso a literatura a precios accesibles.<\/strong><\/strong><br \/>\n<hr>\n<\/li>\n<\/ul>\n<p data-prosemirror-content-type=\"node\" data-prosemirror-node-name=\"paragraph\" data-prosemirror-node-block=\"true\">Este s\u00e1bado 22 de marzo ser\u00e1 la primera edici\u00f3n de la Feria de Libros Circulantes \u00abDe lector a lector\u00bb en la Casa de Pepino (Fructuoso Rivera 287).<\/p>\n<p data-prosemirror-content-type=\"node\" data-prosemirror-node-name=\"paragraph\" data-prosemirror-node-block=\"true\">Es una gran oportunidad para que lectores y proyectos autogestivos se descubran, compartan e intercambien experiencias y sigan fortaleciendo la comunidad literaria de C\u00f3rdoba.<\/p>\n<p data-prosemirror-content-type=\"node\" data-prosemirror-node-name=\"paragraph\" data-prosemirror-node-block=\"true\">El p\u00fablico, adem\u00e1s de recorrer cada stand, podr\u00e1 participar de las actividades a lo largo de la jornada de s\u00e1bado.<\/p>\n<p data-prosemirror-content-type=\"node\" data-prosemirror-node-name=\"paragraph\" data-prosemirror-node-block=\"true\">Se trata de 17 proyectos que son parte de la feria con sus stands: Huellas del Hombre, Me Gusta Leer C\u00f3rdoba, Libros de Miriam, Complejo Cultural Anc\u00f3n, Reescribamos la Historia, Blagdroos Libros, El Tiempo de la Crueldad, Libros Preamados, El Principito, Ramil\u00f3gico, Nachibooks, La Ronda, De Todo un Poco, Literatura Internacional, Papel Sepia, Literatura Cordobesa y Frida.<\/p>\n<p data-prosemirror-content-type=\"node\" data-prosemirror-node-name=\"paragraph\" data-prosemirror-node-block=\"true\">La primera charla debate ser\u00e1 a las 18:30, \u00ab\u00bfQu\u00e9 narramos las mujeres? La trama literaria desde la perspectiva femenina\u00bb, las escritoras Fernanda P\u00e9rez y Florencia Vercellone abordar\u00e1n c\u00f3mo se construyen las historias desde una mirada femenina y qu\u00e9 tem\u00e1ticas atraviesan sus narrativas.<\/p>\n<p data-prosemirror-content-type=\"node\" data-prosemirror-node-name=\"paragraph\" data-prosemirror-node-block=\"true\">A partir de las 19:30, se llevar\u00e1 a cabo \u201cMi Playlist Literaria\u00bb, un momento de lectura coordinada por Babilonia Literaria. En este espacio, distintas autoras compartir\u00e1n fragmentos de sus obras, entre ellas, Ana Bonifay, Mariela Arg\u00fcello, Patricia Pons, Graciela del Carmen Vidal, Filomena Trivellone y Laura Castellano.<\/p>\n<p data-prosemirror-content-type=\"node\" data-prosemirror-node-name=\"paragraph\" data-prosemirror-node-block=\"true\">El colectivo Slam Perro Andaluz ser\u00e1 el encargado de concluir la jornada literaria, a las 20:30, con la presentaci\u00f3n \u00abArriba del escenario: Poes\u00eda cordobesa\u00bb, dedicado a la poes\u00eda oral.<\/p>\n<p data-prosemirror-content-type=\"node\" data-prosemirror-node-name=\"paragraph\" data-prosemirror-node-block=\"true\">Diez poetas se subir\u00e1n al escenario para compartir sus textos y transmitir la fuerza de la palabra en vivo, en una celebraci\u00f3n del movimiento po\u00e9tico que se vive actualmente en librer\u00edas, bibliotecas populares y espacios culturales de la ciudad.<\/p>\n<p data-prosemirror-content-type=\"node\" data-prosemirror-node-name=\"paragraph\" data-prosemirror-node-block=\"true\">Todas las actividades ser\u00e1n con entrada libre y gratuita.<\/p>\n","protected":false},"excerpt":{"rendered":"<p>El evento es organizado en el marco del 20\u00b0 aniversario de Casa de Pepino y los 10 a\u00f1os de Babilonia Literaria. Tiene como objetivo fomentar la circulaci\u00f3n de libros usados, certificando una selecci\u00f3n de calidad y promoviendo el acceso a literatura a precios accesibles. Este s\u00e1bado 22 de marzo ser\u00e1 la primera edici\u00f3n de la [&hellip;]<\/p>\n","protected":false},"author":1,"featured_media":163740,"comment_status":"closed","ping_status":"closed","sticky":false,"template":"","format":"standard","meta":[],"categories":[44],"tags":[],"_links":{"self":[{"href":"http:\/\/cordobadirecto.com\/index.php\/wp-json\/wp\/v2\/posts\/163739"}],"collection":[{"href":"http:\/\/cordobadirecto.com\/index.php\/wp-json\/wp\/v2\/posts"}],"about":[{"href":"http:\/\/cordobadirecto.com\/index.php\/wp-json\/wp\/v2\/types\/post"}],"author":[{"embeddable":true,"href":"http:\/\/cordobadirecto.com\/index.php\/wp-json\/wp\/v2\/users\/1"}],"replies":[{"embeddable":true,"href":"http:\/\/cordobadirecto.com\/index.php\/wp-json\/wp\/v2\/comments?post=163739"}],"version-history":[{"count":0,"href":"http:\/\/cordobadirecto.com\/index.php\/wp-json\/wp\/v2\/posts\/163739\/revisions"}],"wp:featuredmedia":[{"embeddable":true,"href":"http:\/\/cordobadirecto.com\/index.php\/wp-json\/wp\/v2\/media\/163740"}],"wp:attachment":[{"href":"http:\/\/cordobadirecto.com\/index.php\/wp-json\/wp\/v2\/media?parent=163739"}],"wp:term":[{"taxonomy":"category","embeddable":true,"href":"http:\/\/cordobadirecto.com\/index.php\/wp-json\/wp\/v2\/categories?post=163739"},{"taxonomy":"post_tag","embeddable":true,"href":"http:\/\/cordobadirecto.com\/index.php\/wp-json\/wp\/v2\/tags?post=163739"}],"curies":[{"name":"wp","href":"https:\/\/api.w.org\/{rel}","templated":true}]}}