{"id":16375,"date":"2021-08-31T23:16:43","date_gmt":"2021-08-31T23:16:43","guid":{"rendered":"http:\/\/cordobadirecto.com\/index.php\/2021\/08\/31\/mbappe-seguira-en-el-psg-que-no-le-respondio-la-oferta-al-real-madrid\/"},"modified":"2021-08-31T23:16:43","modified_gmt":"2021-08-31T23:16:43","slug":"mbappe-seguira-en-el-psg-que-no-le-respondio-la-oferta-al-real-madrid","status":"publish","type":"post","link":"http:\/\/cordobadirecto.com\/index.php\/2021\/08\/31\/mbappe-seguira-en-el-psg-que-no-le-respondio-la-oferta-al-real-madrid\/","title":{"rendered":"Mbapp\u00e9 seguir\u00e1 en el PSG, que no le respondi\u00f3 la oferta al Real Madrid"},"content":{"rendered":"<div class=\"image\" id=\"image\" readability=\"7\"> <img src=\"http:\/\/cordobadirecto.com\/wp-content\/uploads\/2021\/08\/mbappe-seguira-en-el-psg-que-no-le-respondio-la-oferta-al-real-madrid.jpg\" alt=\"Mbapp\u00e9 presiona para ir al Real Madrid. \" title=\"Mbapp\u00e9 presiona para ir al Real Madrid. \"><\/p>\n<p>Mbapp\u00e9 presiona para ir al Real Madrid. <\/p>\n<\/div>\n<p>El delantero Kylian Mbapp\u00e9, de 22 a\u00f1os, finalmente permanecer\u00e1 una temporada m\u00e1s en Par\u00eds Saint Germain (PSG), que compartir\u00e1 con Lionel Messi, tras cerrarse el mercado de pases en la medianoche europea (las 19 de Argentina) y no responder el club franc\u00e9s a las ofertas para adquirirlo que hizo Real Madrid.<\/p>\n<p>Ni 160 millones de euros ni 180.000.000 ni 200.000.000, ni un agregado del recientemente adquirido Eduardo Camavinga al Stade Reims, justamente rival de PSG en el debut de Messi del pasado domingo, movieron la estanter\u00eda de los due\u00f1os qatar\u00edes de la entidad francesa, cuyo \u00fanico objetivo es contar con el tridente Mbapp\u00e9, Neymar y &#8220;L\u00edo&#8221; para ir por la Liga de Campeones que empezar\u00e1 el 15 de septiembre.<\/p>\n<p>Claro que Mbapp\u00e9 finalizar\u00e1 su contrato con PSG en junio de 2022, por lo que el primer d\u00eda de enero del a\u00f1o pr\u00f3ximo podr\u00e1 negociar con cualquier club para irse gratuitamente, y all\u00ed Real Madrid aparecer\u00eda otra vez como primera opci\u00f3n.<\/p>\n<p>El \u00faltimo d\u00eda del mercado de pases depar\u00f3 m\u00e1s silencios que palabras en la tensa batalla entre madrile\u00f1os y parisinos, seg\u00fan reflej\u00f3 el diario espa\u00f1ol El Mundo y al que se plegaron otros medios de ambos pa\u00edses involucrados por la representaci\u00f3n de sus clubes.<\/p>\n<p>A primera hora del d\u00eda el pesimismo ya reinaba en Madrid, donde se asum\u00eda que los jeques del PSG no quer\u00edan vender a su estrella en pleno proceso de escalada publicitaria tras la contrataci\u00f3n de Messi.<\/p>\n<p>La \u00fanica posibilidad era que el brasile\u00f1o Leonardo, director deportivo del conjunto franc\u00e9s que hab\u00eda abierto la puerta a Mbapp\u00e9 a mediados de semana, encontrara un sustituto de fuste en el mercado como por ejemplo el delantero noruego Erling Haaland, del Borussia Dortmund alem\u00e1n, o hasta del recomendado de Neymar, su compatriota Richarlison, del Everton ingl\u00e9s.<\/p>\n<p>El presidente de Real Madrid, Florentino P\u00e9rez estuvo presente esta tarde en el complejo de Valdebebas para asistir al debut del equipo femenino &#8220;merengue&#8221; en la Champions League y all\u00ed se encontr\u00f3 con Jos\u00e9 \u00c1ngel S\u00e1nchez, su hombre de confianza, con quien analiz\u00f3 la posibilidad de realizar un \u00faltimo intento por Mbapp\u00e9 con un ofrecimiento cercano a los 220 millones de euros (222.000.000 pag\u00f3 PSG por Neymar).<\/p>\n<p>Sin embargo, considerando el ultim\u00e1tum dado ayer al club franc\u00e9s de responder a la \u00faltima oferta de 170 millones de euros m\u00e1s 10.000.000 por objetivos antes de las 18 de este lunes, entre ambos resolvieron que el prestigio del club madridista no contemplaba seguir corriendo detr\u00e1s de los due\u00f1os de PSG hasta \u00faltima hora y decidieron desistir de contar con Mbapp\u00e9, al menos por este a\u00f1o.<\/p>\n<p>De tal manera la liga espa\u00f1ola, ya sin los dos emblemas de los clubes m\u00e1s grandes, Messi en Barcelona y Sergio Ramos en Real Madrid, ahora ambos juntos en PSG, no tendr\u00e1 una estrella mundial que le de representatividad en el mercado europeo, mientras los franceses disfrutar\u00e1n de su propio &#8220;Dream Team&#8221;, con Mbapp\u00e9 dentro de esa constelaci\u00f3n. <\/p>\n","protected":false},"excerpt":{"rendered":"<p>Mbapp\u00e9 presiona para ir al Real Madrid. El delantero Kylian Mbapp\u00e9, de 22 a\u00f1os, finalmente permanecer\u00e1 una temporada m\u00e1s en Par\u00eds Saint Germain (PSG), que compartir\u00e1 con Lionel Messi, tras cerrarse el mercado de pases en la medianoche europea (las 19 de Argentina) y no responder el club franc\u00e9s a las ofertas para adquirirlo que [&hellip;]<\/p>\n","protected":false},"author":1,"featured_media":16376,"comment_status":"closed","ping_status":"closed","sticky":false,"template":"","format":"standard","meta":[],"categories":[21],"tags":[],"_links":{"self":[{"href":"http:\/\/cordobadirecto.com\/index.php\/wp-json\/wp\/v2\/posts\/16375"}],"collection":[{"href":"http:\/\/cordobadirecto.com\/index.php\/wp-json\/wp\/v2\/posts"}],"about":[{"href":"http:\/\/cordobadirecto.com\/index.php\/wp-json\/wp\/v2\/types\/post"}],"author":[{"embeddable":true,"href":"http:\/\/cordobadirecto.com\/index.php\/wp-json\/wp\/v2\/users\/1"}],"replies":[{"embeddable":true,"href":"http:\/\/cordobadirecto.com\/index.php\/wp-json\/wp\/v2\/comments?post=16375"}],"version-history":[{"count":0,"href":"http:\/\/cordobadirecto.com\/index.php\/wp-json\/wp\/v2\/posts\/16375\/revisions"}],"wp:featuredmedia":[{"embeddable":true,"href":"http:\/\/cordobadirecto.com\/index.php\/wp-json\/wp\/v2\/media\/16376"}],"wp:attachment":[{"href":"http:\/\/cordobadirecto.com\/index.php\/wp-json\/wp\/v2\/media?parent=16375"}],"wp:term":[{"taxonomy":"category","embeddable":true,"href":"http:\/\/cordobadirecto.com\/index.php\/wp-json\/wp\/v2\/categories?post=16375"},{"taxonomy":"post_tag","embeddable":true,"href":"http:\/\/cordobadirecto.com\/index.php\/wp-json\/wp\/v2\/tags?post=16375"}],"curies":[{"name":"wp","href":"https:\/\/api.w.org\/{rel}","templated":true}]}}