{"id":163758,"date":"2025-03-23T19:13:07","date_gmt":"2025-03-23T19:13:07","guid":{"rendered":"https:\/\/www.ole.com.ar\/autos\/hevertoncardoso-porschecup-autodromovelocitta-sanpablo_0_xi4BDBSsmK.html"},"modified":"2025-03-23T19:13:07","modified_gmt":"2025-03-23T19:13:07","slug":"video-tremendo-accidente-en-la-porsche-cup-de-brasil","status":"publish","type":"post","link":"http:\/\/cordobadirecto.com\/index.php\/2025\/03\/23\/video-tremendo-accidente-en-la-porsche-cup-de-brasil\/","title":{"rendered":"Video: tremendo accidente en la Porsche Cup de Brasil"},"content":{"rendered":"<p><span class=\"createDate\">23\/03\/2025 16:13hs.<\/span><time class=\"modificatedDate\" datetime=\"2025-03-23T18:57:30-03:00\"> Actualizado al 23\/03\/2025 18:57hs.<\/time><\/p>\n<div id=\"storyBody\">\n<div class=\"custom-text \" readability=\"37\">\n<p><strong>Un tremendo terrible por el recorrido del veh\u00edculo aunque afortunadamente el piloto Heverton Cardoso no sufri\u00f3 heridas fatales ocurri\u00f3 durante el fin de semana en la Porsche Cup de Brasi<\/strong>l. El auto era conducido por un debutante en la categor\u00eda, Heverton Cardoso, en la sesi\u00f3n de clasificaci\u00f3n para el Sprint Challenge. <\/p>\n<\/div>\n<div class=\"custom-text \" readability=\"39\">\n<p>Cardoso perdi\u00f3 el control al entrar en la curva espiral del Aut\u00f3dromo Velocitta, ubicado a 180 kil\u00f3metros al norte de San Pablo, y choc\u00f3 contra una barrera mientras se desviaba lateralmente. Su impulso lo hizo volar, dio tres vueltas en el aire. Tuvo al menos cinco puntos m\u00e1s de contacto con el suelo antes de derrapar hasta detenerse, alternando golpes con el techo del veh\u00edculo principalmente.<\/p>\n<\/div>\n<div class=\"custom-text \" readability=\"33\">\n<p>El equipo m\u00e9dico de la Porsche Cup atendi\u00f3 r\u00e1pidamente a Cardoso y pudo sacarlo del veh\u00edculo y trasladarlo al centro m\u00e9dico. El piloto ali\u00f3 por sus propios medios.<\/p>\n<\/div>\n<p><h2><strong>Mir\u00e1 el video<\/strong><\/h2>\n<\/p>\n<div class=\"sc-734b4696-1 kFfZtB\" readability=\"7\">\n<div class=\"sc-d00d9e74-0 hnHYbk\" type=\"embed\">\n<div class=\"sc-d00d9e74-1 iKVbz videoText\" id=\"contentTitleembedmGKmsqBI\" type=\"embed\"><svg fill=\"#ffffff\"><symbol id=\"play\" viewBox=\"0 0 512 512\"><path d=\"M512 256C512 397.4 397.4 512 256 512C114.6 512 0 397.4 0 256C0 114.6 114.6 0 256 0C397.4 0 512 114.6 512 256zM176 168V344C176 352.7 180.7 360.7 188.3 364.9C195.8 369.2 205.1 369 212.5 364.5L356.5 276.5C363.6 272.1 368 264.4 368 256C368 247.6 363.6 239.9 356.5 235.5L212.5 147.5C205.1 142.1 195.8 142.8 188.3 147.1C180.7 151.3 176 159.3 176 168V168z\" \/><\/symbol><use xlink:href=\"#play\" \/><\/svg><\/p>\n<div class=\"right\">\n<p>Brasil<!-- --> &#8211; <span>&nbsp;<\/span><\/p>\n<h2 class=\"title-vid\">Tremendo accidente en la Porsche Cup de Brasil<\/h2>\n<\/div>\n<\/div>\n<p><span class=\"back\" id=\"spanBackembedmGKmsqBI\"><\/span><\/div>\n<div class=\"JWvideoNota_title\" readability=\"9\">\n<p>El piloto Heverton Cardoso perdi\u00f3 el control del veh\u00edculo, que dio tres vueltas por el aire. Video: Globoesporte.<\/p>\n<\/div>\n<\/div>\n<div class=\"sc-a7166897-0 eoLsBE\" readability=\"6.5\">\n<section readability=\"3\"><picture><img alt=\"Franco Colapinto, cada vez m\u00e1s cerca de volver a manejar un F\u00f3rmula 1\" loading=\"lazy\" width=\"290\" height=\"290\" decoding=\"async\" data-nimg=\"1\" src=\"http:\/\/cordobadirecto.com\/wp-content\/uploads\/2025\/03\/video-tremendo-accidente-en-la-porsche-cup-de-brasil.jpg\"><\/picture>\n<p><span>Mir\u00e1 tambi\u00e9n<\/span><\/p>\n<hr>\n<h3>Franco Colapinto, cada vez m\u00e1s cerca de volver a manejar un F\u00f3rmula 1<\/h3>\n<\/p>\n<\/section>\n<\/div>\n<div class=\"sc-a7166897-0 eoLsBE\" readability=\"6.5\">\n<section readability=\"3\"><picture><img alt=\"Briatore volvi\u00f3 a hablar de Franco Colapinto tras la mala jornada de Alpine en el GP de China\" loading=\"lazy\" width=\"290\" height=\"290\" decoding=\"async\" data-nimg=\"1\" src=\"http:\/\/cordobadirecto.com\/wp-content\/uploads\/2025\/03\/video-tremendo-accidente-en-la-porsche-cup-de-brasil-1.jpg\"><\/picture>\n<p><span>Mir\u00e1 tambi\u00e9n<\/span><\/p>\n<hr>\n<h3>Briatore volvi\u00f3 a hablar de Franco Colapinto tras la mala jornada de Alpine en el GP de China<\/h3>\n<\/p>\n<\/section>\n<\/div>\n<\/div>\n","protected":false},"excerpt":{"rendered":"<p>23\/03\/2025 16:13hs. Actualizado al 23\/03\/2025 18:57hs. Un tremendo terrible por el recorrido del veh\u00edculo aunque afortunadamente el piloto Heverton Cardoso no sufri\u00f3 heridas fatales ocurri\u00f3 durante el fin de semana en la Porsche Cup de Brasil. El auto era conducido por un debutante en la categor\u00eda, Heverton Cardoso, en la sesi\u00f3n de clasificaci\u00f3n para el [&hellip;]<\/p>\n","protected":false},"author":1,"featured_media":163759,"comment_status":"closed","ping_status":"closed","sticky":false,"template":"","format":"standard","meta":[],"categories":[21],"tags":[],"_links":{"self":[{"href":"http:\/\/cordobadirecto.com\/index.php\/wp-json\/wp\/v2\/posts\/163758"}],"collection":[{"href":"http:\/\/cordobadirecto.com\/index.php\/wp-json\/wp\/v2\/posts"}],"about":[{"href":"http:\/\/cordobadirecto.com\/index.php\/wp-json\/wp\/v2\/types\/post"}],"author":[{"embeddable":true,"href":"http:\/\/cordobadirecto.com\/index.php\/wp-json\/wp\/v2\/users\/1"}],"replies":[{"embeddable":true,"href":"http:\/\/cordobadirecto.com\/index.php\/wp-json\/wp\/v2\/comments?post=163758"}],"version-history":[{"count":0,"href":"http:\/\/cordobadirecto.com\/index.php\/wp-json\/wp\/v2\/posts\/163758\/revisions"}],"wp:featuredmedia":[{"embeddable":true,"href":"http:\/\/cordobadirecto.com\/index.php\/wp-json\/wp\/v2\/media\/163759"}],"wp:attachment":[{"href":"http:\/\/cordobadirecto.com\/index.php\/wp-json\/wp\/v2\/media?parent=163758"}],"wp:term":[{"taxonomy":"category","embeddable":true,"href":"http:\/\/cordobadirecto.com\/index.php\/wp-json\/wp\/v2\/categories?post=163758"},{"taxonomy":"post_tag","embeddable":true,"href":"http:\/\/cordobadirecto.com\/index.php\/wp-json\/wp\/v2\/tags?post=163758"}],"curies":[{"name":"wp","href":"https:\/\/api.w.org\/{rel}","templated":true}]}}