{"id":163769,"date":"2025-03-24T20:47:46","date_gmt":"2025-03-24T20:47:46","guid":{"rendered":"https:\/\/cordoba.gob.ar\/?p=76098"},"modified":"2025-03-24T20:47:46","modified_gmt":"2025-03-24T20:47:46","slug":"esta-semana-abriran-con-horario-extendido-los-cpc-mercantil-ruta-20-general-paz-capdevila-y-chalet-san-felipe","status":"publish","type":"post","link":"http:\/\/cordobadirecto.com\/index.php\/2025\/03\/24\/esta-semana-abriran-con-horario-extendido-los-cpc-mercantil-ruta-20-general-paz-capdevila-y-chalet-san-felipe\/","title":{"rendered":"Esta semana abrir\u00e1n con horario extendido los CPC Mercantil, Ruta 20, General Paz, Capdevila y Chalet San Felipe"},"content":{"rendered":"<div><img src=\"http:\/\/cordobadirecto.com\/wp-content\/uploads\/2025\/03\/esta-semana-abriran-con-horario-extendido-los-cpc-mercantil-ruta-20-general-paz-capdevila-y-chalet-san-felipe.jpg\" class=\"ff-og-image-inserted\"><\/div>\n<ul>\n<li><strong>Ser\u00e1 de 8 a 18 horas de martes a viernes y de 8 a 14 horas el s\u00e1bado.<\/strong><\/li>\n<\/ul>\n<hr>\n<p>La Municipalidad de C\u00f3rdoba informa que esta semana, como es habitual, cinco CPC abrir\u00e1n sus puertas con horario extendido. En esta ocasi\u00f3n ser\u00e1n aquellos ubicados en Mercantil, Ruta 20, General Paz, Capdevila y Chalet San Felipe.<\/p>\n<p>El horario de atenci\u00f3n ser\u00e1 de 8 a 18 horas, entre el martes 25 y el viernes 28 de marzo; y de 8 a 14 horas, el d\u00eda s\u00e1bado 29 del mismo mes.<\/p>\n<p>El resto de los CPC funcionar\u00e1 en su horario habitual de 8 a 14 horas.<\/p>\n<p>Ya son miles de vecinos que hacen sus tr\u00e1mites en el horario de la tarde y s\u00e1bados, con m\u00e1s de la mitad de los tr\u00e1mites realizados en esta franja horaria.<\/p>\n","protected":false},"excerpt":{"rendered":"<p>Ser\u00e1 de 8 a 18 horas de martes a viernes y de 8 a 14 horas el s\u00e1bado. La Municipalidad de C\u00f3rdoba informa que esta semana, como es habitual, cinco CPC abrir\u00e1n sus puertas con horario extendido. En esta ocasi\u00f3n ser\u00e1n aquellos ubicados en Mercantil, Ruta 20, General Paz, Capdevila y Chalet San Felipe. El [&hellip;]<\/p>\n","protected":false},"author":1,"featured_media":163770,"comment_status":"closed","ping_status":"closed","sticky":false,"template":"","format":"standard","meta":[],"categories":[44],"tags":[],"_links":{"self":[{"href":"http:\/\/cordobadirecto.com\/index.php\/wp-json\/wp\/v2\/posts\/163769"}],"collection":[{"href":"http:\/\/cordobadirecto.com\/index.php\/wp-json\/wp\/v2\/posts"}],"about":[{"href":"http:\/\/cordobadirecto.com\/index.php\/wp-json\/wp\/v2\/types\/post"}],"author":[{"embeddable":true,"href":"http:\/\/cordobadirecto.com\/index.php\/wp-json\/wp\/v2\/users\/1"}],"replies":[{"embeddable":true,"href":"http:\/\/cordobadirecto.com\/index.php\/wp-json\/wp\/v2\/comments?post=163769"}],"version-history":[{"count":0,"href":"http:\/\/cordobadirecto.com\/index.php\/wp-json\/wp\/v2\/posts\/163769\/revisions"}],"wp:featuredmedia":[{"embeddable":true,"href":"http:\/\/cordobadirecto.com\/index.php\/wp-json\/wp\/v2\/media\/163770"}],"wp:attachment":[{"href":"http:\/\/cordobadirecto.com\/index.php\/wp-json\/wp\/v2\/media?parent=163769"}],"wp:term":[{"taxonomy":"category","embeddable":true,"href":"http:\/\/cordobadirecto.com\/index.php\/wp-json\/wp\/v2\/categories?post=163769"},{"taxonomy":"post_tag","embeddable":true,"href":"http:\/\/cordobadirecto.com\/index.php\/wp-json\/wp\/v2\/tags?post=163769"}],"curies":[{"name":"wp","href":"https:\/\/api.w.org\/{rel}","templated":true}]}}