{"id":163771,"date":"2025-03-24T20:04:37","date_gmt":"2025-03-24T20:04:37","guid":{"rendered":"https:\/\/cordoba.gob.ar\/?p=76105"},"modified":"2025-03-24T20:04:37","modified_gmt":"2025-03-24T20:04:37","slug":"passerini-para-que-la-argentina-nunca-mas-caiga-en-la-trampa-del-terrorismo-de-estado-tiene-que-fortalecerse-la-memoria","status":"publish","type":"post","link":"http:\/\/cordobadirecto.com\/index.php\/2025\/03\/24\/passerini-para-que-la-argentina-nunca-mas-caiga-en-la-trampa-del-terrorismo-de-estado-tiene-que-fortalecerse-la-memoria\/","title":{"rendered":"Passerini: \u00abPara que la Argentina nunca m\u00e1s caiga en la trampa del terrorismo de Estado tiene que fortalecerse la memoria\u00bb"},"content":{"rendered":"<div><img src=\"http:\/\/cordobadirecto.com\/wp-content\/uploads\/2025\/03\/passerini-para-que-la-argentina-nunca-mas-caiga-en-la-trampa-del-terrorismo-de-estado-tiene-que-fortalecerse-la-memoria.jpg\" class=\"ff-og-image-inserted\"><\/div>\n<p>En el marco del camino hacia los 50 a\u00f1os por la Memoria, Verdad y Justicia, \u201dEl Memorial a los desaparecidos\u201d ubicado en el Cementerio San Vicente fue elegido como el lugar central para recordar a las v\u00edctimas de la \u00faltima dictadura c\u00edvico-militar.<\/p>\n<p>El acto conmemorativo fue liderado por el intendente Daniel Passerini y cont\u00f3 con la presencia de autoridades, organismos de Derechos Humanos y miembros de la comunidad, reafirmando el compromiso con la Memoria, Verdad y Justicia.<\/p>\n<p>\u200c\u201cQue representantes de todas las ideas y formas de participar y entender la pol\u00edtica hoy estemos aqu\u00ed es un paso hacia adelante. Tenemos un objetivo com\u00fan: defender la democracia y garantizar la libertad. Solo podemos hacer eso si honramos la memoria, la verdad y la justicia\u201d, expres\u00f3 Passerini en relaci\u00f3n a la pluralidad del espectro pol\u00edtico que presenci\u00f3 el encuentro.<\/p>\n<p>\u00abHoy queremos jerarquizar este lugar para integrarlo a los espacios de memoria provinciales, porque la historia es una sola y la defensa de la memoria, la verdad y la justicia se tiene que construir y consolidar de esa manera\u00bb, a\u00f1adi\u00f3 el jefe comunal.<\/p>\n<p>\u201cPara que haya justicia hay que saber la verdad; y para que la Argentina nunca m\u00e1s caiga en la trampa del terrorismo de Estado tiene que fortalecerse la memoria\u201d, cerr\u00f3 en su discurso Passerini.<\/p>\n<p>A su tiempo, el dirigente de la UES, Armando Fern\u00e1ndez, resalt\u00f3: \u00abLa convicci\u00f3n de nuestros compa\u00f1eros nos interpela, despu\u00e9s de 49 a\u00f1os, por la realidad hist\u00f3rica que vivimos en este pa\u00eds, pidi\u00e9ndonos que nos comprometamos con esa militancia. A esa convicci\u00f3n se llega producto de una pr\u00e1ctica que nos gu\u00eda a establecer la solidaridad definitiva que tenemos para con nuestro pueblo\u00bb.<\/p>\n<p>Por su parte, el militante peronista y expreso pol\u00edtico, Luis Miguel Baronetto, destac\u00f3: \u00abLos derechos no tienen color pol\u00edtico, deben ser asumidos por todos. Hace falta reparar lo que se destruy\u00f3, el Estado tiene la responsabilidad de plantar la memoria para construir la verdad y la justicia\u00bb.<\/p>\n<p>\u00abEstos espacios son pol\u00edtica de Estado. Vamos a redoblar nuestro esfuerzo y nuestra promesa por la memoria de les 30 mil compa\u00f1eres desaparecides, que siempre van a estar presentes y con su lucha nos ense\u00f1an e iluminan por d\u00f3nde seguir\u00bb, fueron las palabras de Mar\u00eda Cristina, miembro de la agrupaci\u00f3n Hijos por la Identidad y la Justicia Contra el Olvida y el Silencio.<\/p>\n<p>Durante el acto estuvieron presentes la senadora nacional, Alejandra Vigo; el senador nacional, Luis Juez; el viceintendente de la ciudad de C\u00f3rdoba, Javier Pretto; ministros del Poder Ejecutivo Nacional; funcionarios municipales; legisladores provinciales; concejales; tribunos de cuenta; representantes de Abuelas de Plaza de Mayo; integrantes de la Agrupaci\u00f3n Hijos; referentes de organismos de Derechos Humanos; familiares de v\u00edctimas del terrorismo de Estado.<\/p>\n<p>*\u201cEl Memorial a los desaparecidos\u201d, un sitio que recuerda a las v\u00edctimas de la \u00faltima dictadura*<\/p>\n<p>\u201cEl Memorial a los desaparecidos\u201d es un espacio de gran significado hist\u00f3rico. Conocido como la \u201cFosa Com\u00fan del Cementerio San Vicente\u201d, albergaba las fosas comunes clandestinas m\u00e1s grandes del pa\u00eds con restos de v\u00edctimas de la dictadura.<\/p>\n<p>La represi\u00f3n ilegal en 1976 satur\u00f3 la Morgue Judicial, lo que llev\u00f3 a que depositaran los cuerpos de decenas de v\u00edctimas en fosas comunes en dicho cementerio, en al menos cuatro oportunidades.<\/p>\n<p>En 1980, el lugar sali\u00f3 a la luz por un reclamo de empleados de la Morgue Judicial. Un grupo de trabajadores que, al no tener respuesta a un pedido reiterativo de aumento de sueldo por tareas insalubres, enviaron una carta al general Jorge Rafael Videla denunciando los hechos.<\/p>\n<p>En esa carta contaban los detalles sobre los traslados nocturnos de decenas de cuerpos a San Vicente. Como respuesta, los denunciantes fueron cesanteados y sometidos a un sumario administrativo.<\/p>\n<p>A partir de estos testimonios, en 1984, investigaciones de la Justicia y el trabajo de la CONADEP confirmaron el entierro masivo de personas en el lugar. Por la falta de conocimientos y tecnolog\u00eda del momento, la investigaci\u00f3n qued\u00f3 latente, perdi\u00e9ndose material muy valioso.<\/p>\n<p>A finales de 2002, retomando los antecedentes y con la aperturas de la causa judicial \u201cEnterramientos clandestinos\u201d del Juzgado Federal N3, el Equipo Argentino de Antropolog\u00eda Forense (EAAF) llev\u00f3 adelante las investigaciones, el trabajo de campo y la restituci\u00f3n de la identidad de muchos de los restos depositados clandestinamente en ese lugar entre 1976 y 1977.<\/p>\n<p>Gracias al Equipo Argentino de Antropolog\u00eda Forense (EAAF) los restos de Mario Andr\u00e9s Osatinsky, Liliana Sof\u00eda Barrios, Horacio Pietragalla, Gustavo Gabriel Olmedo, Hilda Flora Palacios, Rafael \u00c1ngel Grimald, Carlos Antonio Cafferata, Luis Alberto Natero, Miguel \u00c1ngel Olmos, Pablo Daniel Ortman, Eduardo Juan Jensen, Alejandro \u00c1lvarez, Hugo Estanislao Ochoa, Graciela Haydee Torres, Guillermo Enrique B\u00e1rtoli, Juan Carlos Suarez y Wenceslao Vera, pudieron ser identificados.<\/p>\n<p>Algunos de ellos descansan en el Memorial a los desaparecidos, construido en el mismo lugar donde funcionaron las fosas y erigido con ese fin, mientras otros fueron llevados por sus familiares a otros lugares del pa\u00eds.<\/p>\n<p>El Memorial fue declarado \u201cSitio de Memoria de Terrorismo de Estado\u201d a nivel nacional en el marco de la Ley 26.691, \u201cLugar Hist\u00f3rico Nacional\u201d por decreto presidencial 2521 y \u201cSitio de Memoria\u201d bajo la ordenanza municipal 12.510.<\/p>\n<p>Hoy forman parte de este sitio&nbsp; de memoria, el Parque de la memoria con \u00e1rboles plantados por todos aquellos familiares que todav\u00eda no tienen un lugar donde llorar a sus v\u00edctimas; el Cenotafio como sitio que recuerda a las personas identificadas cuyos restos no se encuentran en el Memorial; y el Memorial, en cuyos urnarios descansan los restos de algunas de las personas identificadas y otras victimas del terrorismo de Estado cuyos familiares eligieron depositarlos all\u00ed, como espacio de memoria colectiva.<\/p>\n<p>\u201cQuien deja huellas, jam\u00e1s desaparece\u201d, reza el epitafio grabado en la l\u00e1pida central.<\/p>\n<p>El descubrimiento de la fosa marc\u00f3 un antes y un despu\u00e9s. Fue una de las pruebas fundamentales tanto en el juicio a las Juntas en 1985, como en los proceso penales por delitos de lesa humanidad posteriores, no solo en la ciudad de C\u00f3rdoba, sino a lo largo de toda la Argentina.<\/p>\n<p>\u201cEl Memorial a los desaparecidos\u201d del Cementerio San Vicente es el primer monumento del pa\u00eds que contiene restos de v\u00edctimas y se ubica en el mismo lugar donde el EAAF realiz\u00f3 las excavaciones.<\/p>\n","protected":false},"excerpt":{"rendered":"<p>En el marco del camino hacia los 50 a\u00f1os por la Memoria, Verdad y Justicia, \u201dEl Memorial a los desaparecidos\u201d ubicado en el Cementerio San Vicente fue elegido como el lugar central para recordar a las v\u00edctimas de la \u00faltima dictadura c\u00edvico-militar. El acto conmemorativo fue liderado por el intendente Daniel Passerini y cont\u00f3 con [&hellip;]<\/p>\n","protected":false},"author":1,"featured_media":163772,"comment_status":"closed","ping_status":"closed","sticky":false,"template":"","format":"standard","meta":[],"categories":[44],"tags":[],"_links":{"self":[{"href":"http:\/\/cordobadirecto.com\/index.php\/wp-json\/wp\/v2\/posts\/163771"}],"collection":[{"href":"http:\/\/cordobadirecto.com\/index.php\/wp-json\/wp\/v2\/posts"}],"about":[{"href":"http:\/\/cordobadirecto.com\/index.php\/wp-json\/wp\/v2\/types\/post"}],"author":[{"embeddable":true,"href":"http:\/\/cordobadirecto.com\/index.php\/wp-json\/wp\/v2\/users\/1"}],"replies":[{"embeddable":true,"href":"http:\/\/cordobadirecto.com\/index.php\/wp-json\/wp\/v2\/comments?post=163771"}],"version-history":[{"count":0,"href":"http:\/\/cordobadirecto.com\/index.php\/wp-json\/wp\/v2\/posts\/163771\/revisions"}],"wp:featuredmedia":[{"embeddable":true,"href":"http:\/\/cordobadirecto.com\/index.php\/wp-json\/wp\/v2\/media\/163772"}],"wp:attachment":[{"href":"http:\/\/cordobadirecto.com\/index.php\/wp-json\/wp\/v2\/media?parent=163771"}],"wp:term":[{"taxonomy":"category","embeddable":true,"href":"http:\/\/cordobadirecto.com\/index.php\/wp-json\/wp\/v2\/categories?post=163771"},{"taxonomy":"post_tag","embeddable":true,"href":"http:\/\/cordobadirecto.com\/index.php\/wp-json\/wp\/v2\/tags?post=163771"}],"curies":[{"name":"wp","href":"https:\/\/api.w.org\/{rel}","templated":true}]}}