{"id":163775,"date":"2025-03-25T04:35:07","date_gmt":"2025-03-25T04:35:07","guid":{"rendered":"http:\/\/cordobadirecto.com\/index.php\/2025\/03\/25\/encuesta-y-un-triangulo-que-debilita-a-milei-economia-inseguridad-y-escandalos-politicos\/"},"modified":"2025-03-25T04:35:07","modified_gmt":"2025-03-25T04:35:07","slug":"encuesta-y-un-triangulo-que-debilita-a-milei-economia-inseguridad-y-escandalos-politicos","status":"publish","type":"post","link":"http:\/\/cordobadirecto.com\/index.php\/2025\/03\/25\/encuesta-y-un-triangulo-que-debilita-a-milei-economia-inseguridad-y-escandalos-politicos\/","title":{"rendered":"Encuesta y un tri\u00e1ngulo que debilita a Milei: <b>econom\u00eda<\/b>, inseguridad y esc\u00e1ndalos pol\u00edticos"},"content":{"rendered":"<p>Un reciente estudio de la consultora Zuban <b>C\u00f3rdoba<\/b> revela una tendencia negativa en la percepci\u00f3n del Gobierno de Javier Milei. Seg\u00fan la encuesta&nbsp;&#8230; <\/p>\n","protected":false},"excerpt":{"rendered":"<p>Un reciente estudio de la consultora Zuban C\u00f3rdoba revela una tendencia negativa en la percepci\u00f3n del Gobierno de Javier Milei. Seg\u00fan la encuesta&nbsp;&#8230;<\/p>\n","protected":false},"author":1,"featured_media":0,"comment_status":"closed","ping_status":"closed","sticky":false,"template":"","format":"standard","meta":[],"categories":[40],"tags":[],"_links":{"self":[{"href":"http:\/\/cordobadirecto.com\/index.php\/wp-json\/wp\/v2\/posts\/163775"}],"collection":[{"href":"http:\/\/cordobadirecto.com\/index.php\/wp-json\/wp\/v2\/posts"}],"about":[{"href":"http:\/\/cordobadirecto.com\/index.php\/wp-json\/wp\/v2\/types\/post"}],"author":[{"embeddable":true,"href":"http:\/\/cordobadirecto.com\/index.php\/wp-json\/wp\/v2\/users\/1"}],"replies":[{"embeddable":true,"href":"http:\/\/cordobadirecto.com\/index.php\/wp-json\/wp\/v2\/comments?post=163775"}],"version-history":[{"count":0,"href":"http:\/\/cordobadirecto.com\/index.php\/wp-json\/wp\/v2\/posts\/163775\/revisions"}],"wp:attachment":[{"href":"http:\/\/cordobadirecto.com\/index.php\/wp-json\/wp\/v2\/media?parent=163775"}],"wp:term":[{"taxonomy":"category","embeddable":true,"href":"http:\/\/cordobadirecto.com\/index.php\/wp-json\/wp\/v2\/categories?post=163775"},{"taxonomy":"post_tag","embeddable":true,"href":"http:\/\/cordobadirecto.com\/index.php\/wp-json\/wp\/v2\/tags?post=163775"}],"curies":[{"name":"wp","href":"https:\/\/api.w.org\/{rel}","templated":true}]}}