{"id":163801,"date":"2025-03-25T12:46:08","date_gmt":"2025-03-25T12:46:08","guid":{"rendered":"https:\/\/www.ole.com.ar\/futbol-ascenso\/ascenso_0_pV2tgxeN8L.html"},"modified":"2025-03-25T12:46:08","modified_gmt":"2025-03-25T12:46:08","slug":"los-tres-tecnicos-que-dejaron-sus-cargos-en-el-nacional","status":"publish","type":"post","link":"http:\/\/cordobadirecto.com\/index.php\/2025\/03\/25\/los-tres-tecnicos-que-dejaron-sus-cargos-en-el-nacional\/","title":{"rendered":"Los tres t\u00e9cnicos que dejaron sus cargos en el Nacional"},"content":{"rendered":"<p><time class=\"createDate\" datetime=\"2025-03-24T20:26:38-03:00\">24\/03\/2025 20:26hs.<\/time><\/p>\n<div id=\"storyBody\">\n<div class=\"custom-text \" readability=\"30.510144927536\">\n<p><strong>Siete t\u00e9cnicos en siete fechas.<\/strong> La <a href=\"https:\/\/www.ole.com.ar\/tema\/primera-nacional.html\" title=\"Primera Nacional\" alt=\"Primera Nacional\" class=\"slug\">Primera Nacional<\/a> se convirti\u00f3 en una picadora de entrenadores. En muy pocas jornadas, varios clubes de la categor\u00eda decidieron dar un volantazo y cambiar r\u00e1pidamente de direcci\u00f3n. Y para continuar con este s\u00edntoma, <strong><a href=\"https:\/\/www.ole.com.ar\/tema\/temperley.html\" title=\"temperley\" alt=\"temperley\" class=\"slug\">Temperley<\/a>, <a href=\"https:\/\/www.ole.com.ar\/tema\/almirante-brown.html\" title=\"Almirante Brown\" alt=\"Almirante Brown\" class=\"slug\">Almirante Brown<\/a> y <a href=\"https:\/\/www.ole.com.ar\/tema\/defensores-unidos-de-zarate.html\" title=\"Defensores Unidos de Z\u00e1rate\" alt=\"Defensores Unidos de Z\u00e1rate\" class=\"slug\">Defensores Unidos de Z\u00e1rate<\/a> fueron los \u00faltimos en hacerlo.<\/strong><\/p>\n<\/div>\n<div class=\"custom-text \" readability=\"36.876574307305\">\n<p>A falta de un encuentro para la finalizaci\u00f3n de la fecha (Quilmes recibir\u00e1 este mi\u00e9rcoles a Colegiales), hay tres DT que fueron apartados de sus cargos. \u00bfQui\u00e9nes? <strong><a href=\"https:\/\/www.ole.com.ar\/tema\/anibal-biggeri.html\" title=\"An\u00edbal Biggeri\" alt=\"An\u00edbal Biggeri\" class=\"slug\">An\u00edbal Biggeri<\/a>, <a href=\"https:\/\/www.ole.com.ar\/tema\/fabian-nardozza.html\" title=\"Fabian Nardozza\" alt=\"Fabian Nardozza\" class=\"slug\">Fabi\u00e1n Nardozza<\/a> y Dar\u00edo Gigante<\/strong>, quienes se suman a los casos de Rodrigo Bra\u00f1a (Chicago), Alexis Matteo (Alvarado de Mar del Plata), Cristian Tula (Talleres de Remedios de Escalada) y Mart\u00edn Rol\u00f3n (Arsenal).<\/p>\n<\/div>\n<div class=\"custom-embedhtml\" readability=\"8.010989010989\">\n<blockquote class=\"twitter-tweet\" readability=\"9.7912087912088\">\n<p lang=\"es\" dir=\"ltr\">De com\u00fan acuerdo con la Subcomisi\u00f3n de F\u00fatbol y la Comisi\u00f3n Directiva del Club Atl\u00e9tico Temperley, An\u00edbal Biggeri dej\u00f3 el cargo de entrenador del plantel profesional de f\u00fatbol de nuestra Instituci\u00f3n.<\/p>\n<p>Agradecemos a An\u00edbal y a su cuerpo t\u00e9cnico por el trabajo y profesionalismo. <a href=\"https:\/\/t.co\/B9DV3ZEMS2\">pic.twitter.com\/B9DV3ZEMS2<\/a><\/p>\n<p>\u2014 Club A. Temperley (@TemperleyOK) <a href=\"https:\/\/twitter.com\/TemperleyOK\/status\/1903969517635526722?ref_src=twsrc%5Etfw\">March 24, 2025<\/a><\/p><\/blockquote><\/div>\n<div class=\"custom-text \" readability=\"36.520681265207\">\n<p><strong><a href=\"https:\/\/www.ole.com.ar\/tema\/temperley.html\" title=\"temperley\" alt=\"temperley\" class=\"slug\">Temperley<\/a> dio a conocer este domingo la rescisi\u00f3n del contrato de <a href=\"https:\/\/www.ole.com.ar\/tema\/anibal-biggeri.html\" title=\"An\u00edbal Biggeri\" alt=\"An\u00edbal Biggeri\" class=\"slug\">Biggeri<\/a>. <\/strong>La falta de resultados en las primeras jornadas desencadenaron en el alejamiento del entrenador que hab\u00eda llegado a inicios de esta temporada con la ambici\u00f3n de pelear con el club en la Zona B de la PN. Sin embargo, el Celeste apenas gan\u00f3 dos de los siete partidos que disput\u00f3 y, las tres derrotas consecutivas, pesaron much\u00edsimo.<\/p>\n<\/div>\n<div class=\"custom-text \" readability=\"38\">\n<p>&#8220;Las autoridades se encuentran abocadas a la contrataci\u00f3n de su reemplazo, que se anunciar\u00e1 en las pr\u00f3ximas horas. <strong>Mat\u00edas Mazzini estar\u00e1 a cargo del entrenamiento de ma\u00f1ana<\/strong>&#8220;, anunciaron desde el club en un breve comunicado, en el que tambi\u00e9n le agradecieron a An\u00edbal por &#8220;el trabajo y profesionalismo&#8221;.<\/p>\n<\/div>\n<div class=\"custom-embedhtml\" readability=\"5.8932806324111\">\n<blockquote class=\"twitter-tweet\" readability=\"5.8932806324111\">\n<p lang=\"es\" dir=\"ltr\">Informamos que Fabi\u00e1n Nardozza no seguir\u00e1 al frente de la direcci\u00f3n t\u00e9cnica del primer equipo. Agradecemos todo lo brindado, la predisposici\u00f3n y su profesionalismo. <a href=\"https:\/\/t.co\/d1Cd1Jiip4\">pic.twitter.com\/d1Cd1Jiip4<\/a><\/p>\n<p>\u2014 Club Almirante Brown (@Club_AlteBrown) <a href=\"https:\/\/twitter.com\/Club_AlteBrown\/status\/1904208876578255196?ref_src=twsrc%5Etfw\">March 24, 2025<\/a><\/p><\/blockquote><\/div>\n<div class=\"custom-text \" readability=\"32.490566037736\">\n<p>La victoria contra Col\u00f3n de hace un par de fechas hizo que la agon\u00eda se estirara, aunque la ca\u00edda con Mitre y la igualdad sin goles de este domingo ante Chaco For Ever termin\u00f3 de confirmar lo que se ve\u00eda venir: <strong><a href=\"https:\/\/www.ole.com.ar\/tema\/fabian-nardozza.html\" title=\"Fabian Nardozza\" alt=\"Fabian Nardozza\" class=\"slug\">Fabi\u00e1n Nardozza<\/a> dej\u00f3 de ser el entrenador de <a href=\"https:\/\/www.ole.com.ar\/tema\/almirante-brown.html\" title=\"Almirante Brown\" alt=\"Almirante Brown\" class=\"slug\">Almirante Brown<\/a><\/strong> tras el flojo inicio de esta temporada.<\/p>\n<\/div>\n<div class=\"custom-text \" readability=\"38\">\n<p>El ahora ex DT lleg\u00f3 en el \u00faltimo partido de 2024 para tomar r\u00e1pidamente a la Fragata y buscar enderezar el rumbo en la pretemporada. Lejos de eso, el equipo sigue sin levantar: <strong>gan\u00f3 un duelo de los siete que disput\u00f3 y est\u00e1 cerca del fondo<\/strong>. &#8220;Informamos que Fabi\u00e1n Nardozza no seguir\u00e1 al frente de la direcci\u00f3n t\u00e9cnica del primer equipo. Agradecemos todo lo brindado, la predisposici\u00f3n y su profesionalismo&#8221;, indicaron desde el club.<\/p>\n<\/div>\n<div class=\"sc-e7b891c4-0 ifHnQL image-embed\"><img alt=\"Felipe de la Riva ya es el entrenador de CADU.\" loading=\"lazy\" width=\"720\" height=\"100\" decoding=\"async\" data-nimg=\"1\" src=\"http:\/\/cordobadirecto.com\/wp-content\/uploads\/2025\/03\/los-tres-tecnicos-que-dejaron-sus-cargos-en-el-nacional.jpg\"><span class=\"epigraphe\">Felipe de la Riva ya es el entrenador de CADU.<\/span><\/div>\n<div class=\"custom-text \" readability=\"36.580736543909\">\n<p>Por otra parte, <a href=\"https:\/\/www.ole.com.ar\/tema\/cadu.html\" title=\"CADU\" alt=\"CADU\" class=\"slug\">CADU <\/a>es otro de los que opt\u00f3 por cambiar fichas. Dar\u00edo Gigante dej\u00f3 de ser el DT luego de la goleada que sufri\u00f3 el equipo por 3-0 en su visita a Agropecuario de Carlos Casares. Hombre de la casa, <strong>Gigante hab\u00eda dirigido de forma interina el cierre de la temporada pasada y hab\u00eda sido ratificado al frente del plantel para este 2025<\/strong>. <\/p>\n<\/div>\n<div class=\"custom-text \" readability=\"36.036474164134\">\n<p>Defensores comenz\u00f3 el a\u00f1o con un triunfo contra Mitre de Santiago del Estero, pero a partir de ese duelo nunca m\u00e1s volvi\u00f3 a sumar de a tres. Lleva seis encuentros sin triunfos y tres derrotas consecutivas. Por eso, <strong>los directivos ya confirmaron la llegada de<a href=\"https:\/\/www.ole.com.ar\/tema\/felipe-de-la-riva.html\" title=\"Felipe De la Riva\" alt=\"Felipe De la Riva\" class=\"slug\"> Felipe de la Riva<\/a><\/strong>, de larga trayectoria en el f\u00fatbol del Ascenso.<\/p>\n<\/div>\n<div class=\"sc-a7166897-0 eoLsBE\" readability=\"6\">\n<section readability=\"2\"><picture><img alt=\"Muniain habl\u00f3 tras el partido de San Lorenzo en Copa Argentina\" loading=\"lazy\" width=\"290\" height=\"290\" decoding=\"async\" data-nimg=\"1\" src=\"http:\/\/cordobadirecto.com\/wp-content\/uploads\/2025\/03\/los-tres-tecnicos-que-dejaron-sus-cargos-en-el-nacional-1.jpg\"><\/picture>\n<p><span>Mir\u00e1 tambi\u00e9n<\/span><\/p>\n<hr>\n<h3>Muniain habl\u00f3 tras el partido de San Lorenzo en Copa Argentina<\/h3>\n<\/p>\n<\/section>\n<\/div>\n<div class=\"sc-a7166897-0 eoLsBE\" readability=\"6\">\n<section readability=\"2\"><picture><img alt=\"Video: pierden el primer punto a prop\u00f3sito por atrasos salariales\" loading=\"lazy\" width=\"290\" height=\"290\" decoding=\"async\" data-nimg=\"1\" src=\"http:\/\/cordobadirecto.com\/wp-content\/uploads\/2025\/03\/los-tres-tecnicos-que-dejaron-sus-cargos-en-el-nacional-2.jpg\"><\/picture>\n<p><span>Mir\u00e1 tambi\u00e9n<\/span><\/p>\n<hr>\n<h3>Video: pierden el primer punto a prop\u00f3sito por atrasos salariales<\/h3>\n<\/p>\n<\/section>\n<\/div>\n<div class=\"sc-a7166897-0 eoLsBE\" readability=\"6\">\n<section readability=\"2\"><picture><img alt=\"Argentina-Brasil: el cl\u00e1sico de los 1.626 millones de euros\" loading=\"lazy\" width=\"290\" height=\"290\" decoding=\"async\" data-nimg=\"1\" src=\"http:\/\/cordobadirecto.com\/wp-content\/uploads\/2025\/03\/los-tres-tecnicos-que-dejaron-sus-cargos-en-el-nacional-3.jpg\"><\/picture>\n<p><span>Mir\u00e1 tambi\u00e9n<\/span><\/p>\n<hr>\n<h3>Argentina-Brasil: el cl\u00e1sico de los 1.626 millones de euros<\/h3>\n<\/p>\n<\/section>\n<\/div>\n<div class=\"sc-a7166897-0 eoLsBE\" readability=\"6.5\">\n<section readability=\"3\"><picture><img alt=\"Christian Horner, de Red Bull: si sale Lawson y entra Tsunoda... y nada de Colapinto\" loading=\"lazy\" width=\"290\" height=\"290\" decoding=\"async\" data-nimg=\"1\" src=\"http:\/\/cordobadirecto.com\/wp-content\/uploads\/2025\/03\/los-tres-tecnicos-que-dejaron-sus-cargos-en-el-nacional-4.jpg\"><\/picture>\n<p><span>Mir\u00e1 tambi\u00e9n<\/span><\/p>\n<hr>\n<h3>Christian Horner, de Red Bull: si sale Lawson y entra Tsunoda&#8230; y nada de Colapinto<\/h3>\n<\/p>\n<\/section>\n<\/div>\n<div class=\"sc-a7166897-0 eoLsBE\" readability=\"6\">\n<section readability=\"2\"><picture><img alt=\"La noticia que Gago esperaba y recibi\u00f3 en la vuelta de Boca al trabajo\" loading=\"lazy\" width=\"290\" height=\"290\" decoding=\"async\" data-nimg=\"1\" src=\"http:\/\/cordobadirecto.com\/wp-content\/uploads\/2025\/03\/los-tres-tecnicos-que-dejaron-sus-cargos-en-el-nacional-5.jpg\"><\/picture>\n<p><span>Mir\u00e1 tambi\u00e9n<\/span><\/p>\n<hr>\n<h3>La noticia que Gago esperaba y recibi\u00f3 en la vuelta de Boca al trabajo<\/h3>\n<\/p>\n<\/section>\n<\/div>\n<\/div>\n","protected":false},"excerpt":{"rendered":"<p>24\/03\/2025 20:26hs. Siete t\u00e9cnicos en siete fechas. La Primera Nacional se convirti\u00f3 en una picadora de entrenadores. En muy pocas jornadas, varios clubes de la categor\u00eda decidieron dar un volantazo y cambiar r\u00e1pidamente de direcci\u00f3n. Y para continuar con este s\u00edntoma, Temperley, Almirante Brown y Defensores Unidos de Z\u00e1rate fueron los \u00faltimos en hacerlo. A [&hellip;]<\/p>\n","protected":false},"author":1,"featured_media":163802,"comment_status":"closed","ping_status":"closed","sticky":false,"template":"","format":"standard","meta":[],"categories":[21],"tags":[],"_links":{"self":[{"href":"http:\/\/cordobadirecto.com\/index.php\/wp-json\/wp\/v2\/posts\/163801"}],"collection":[{"href":"http:\/\/cordobadirecto.com\/index.php\/wp-json\/wp\/v2\/posts"}],"about":[{"href":"http:\/\/cordobadirecto.com\/index.php\/wp-json\/wp\/v2\/types\/post"}],"author":[{"embeddable":true,"href":"http:\/\/cordobadirecto.com\/index.php\/wp-json\/wp\/v2\/users\/1"}],"replies":[{"embeddable":true,"href":"http:\/\/cordobadirecto.com\/index.php\/wp-json\/wp\/v2\/comments?post=163801"}],"version-history":[{"count":0,"href":"http:\/\/cordobadirecto.com\/index.php\/wp-json\/wp\/v2\/posts\/163801\/revisions"}],"wp:featuredmedia":[{"embeddable":true,"href":"http:\/\/cordobadirecto.com\/index.php\/wp-json\/wp\/v2\/media\/163802"}],"wp:attachment":[{"href":"http:\/\/cordobadirecto.com\/index.php\/wp-json\/wp\/v2\/media?parent=163801"}],"wp:term":[{"taxonomy":"category","embeddable":true,"href":"http:\/\/cordobadirecto.com\/index.php\/wp-json\/wp\/v2\/categories?post=163801"},{"taxonomy":"post_tag","embeddable":true,"href":"http:\/\/cordobadirecto.com\/index.php\/wp-json\/wp\/v2\/tags?post=163801"}],"curies":[{"name":"wp","href":"https:\/\/api.w.org\/{rel}","templated":true}]}}