{"id":163809,"date":"2025-03-25T11:55:57","date_gmt":"2025-03-25T11:55:57","guid":{"rendered":"https:\/\/cordoba.gob.ar\/?p=76072"},"modified":"2025-03-25T11:55:57","modified_gmt":"2025-03-25T11:55:57","slug":"operativo-dni-el-operativo-itinerante-llega-a-los-olmos-alberdi-y-yapeyu","status":"publish","type":"post","link":"http:\/\/cordobadirecto.com\/index.php\/2025\/03\/25\/operativo-dni-el-operativo-itinerante-llega-a-los-olmos-alberdi-y-yapeyu\/","title":{"rendered":"Operativo DNI: el operativo itinerante llega a Los Olmos, Alberdi y Yapey\u00fa"},"content":{"rendered":"<div><img src=\"http:\/\/cordobadirecto.com\/wp-content\/uploads\/2025\/03\/operativo-dni-el-operativo-itinerante-llega-a-los-olmos-alberdi-y-yapeyu.jpg\" class=\"ff-og-image-inserted\"><\/div>\n<ul>\n<li data-prosemirror-content-type=\"node\" data-prosemirror-node-name=\"paragraph\" data-prosemirror-node-block=\"true\"><strong><strong>El horario de atenci\u00f3n ser\u00e1 de 09:00 a 13:00 horas.<\/strong><\/strong><br \/>\n<hr>\n<\/li>\n<\/ul>\n<p data-prosemirror-content-type=\"node\" data-prosemirror-node-name=\"paragraph\" data-prosemirror-node-block=\"true\">La Municipalidad de C\u00f3rdoba contin\u00faa descentralizando los servicios del Registro Civil para que los vecinos y vecinas puedan gestionar tr\u00e1mites y realizar consultas cerca de sus hogares.<\/p>\n<p data-prosemirror-content-type=\"node\" data-prosemirror-node-name=\"paragraph\" data-prosemirror-node-block=\"true\">Durante esta semana los operativos se realizar\u00e1n en los siguientes lugares:<\/p>\n<ul class=\"ak-ul\" data-prosemirror-content-type=\"node\" data-prosemirror-node-name=\"bulletList\" data-prosemirror-node-block=\"true\" readability=\"0\">\n<li data-prosemirror-content-type=\"node\" data-prosemirror-node-name=\"listItem\" data-prosemirror-node-block=\"true\" readability=\"-1\">\n<p data-prosemirror-content-type=\"node\" data-prosemirror-node-name=\"paragraph\" data-prosemirror-node-block=\"true\">Mi\u00e9rcoles 26: Centro Vecinal Los Olmos (Leopoldo Melo 1239)<\/p>\n<\/li>\n<li data-prosemirror-content-type=\"node\" data-prosemirror-node-name=\"listItem\" data-prosemirror-node-block=\"true\" readability=\"-1\">\n<p data-prosemirror-content-type=\"node\" data-prosemirror-node-name=\"paragraph\" data-prosemirror-node-block=\"true\">Jueves 27: Centro Vecinal Alberdi (Crist\u00f3bal de Aguilar 1890).<\/p>\n<\/li>\n<li data-prosemirror-content-type=\"node\" data-prosemirror-node-name=\"listItem\" data-prosemirror-node-block=\"true\" readability=\"-1\">\n<p data-prosemirror-content-type=\"node\" data-prosemirror-node-name=\"paragraph\" data-prosemirror-node-block=\"true\">Viernes 28: Centro Vecinal Yapey\u00fa (Loreto 48).<\/p>\n<\/li>\n<\/ul>\n<p data-prosemirror-content-type=\"node\" data-prosemirror-node-name=\"paragraph\" data-prosemirror-node-block=\"true\">En todos los lugares la atenci\u00f3n ser\u00e1 de 09:00 a 13:00 horas<\/p>\n<p data-prosemirror-content-type=\"node\" data-prosemirror-node-name=\"paragraph\" data-prosemirror-node-block=\"true\">Los vecinos y vecinas podr\u00e1n actualizar su DNI, solicitar nuevo ejemplar, realizar cambios de domicilio o solicitar actas de nacimiento, matrimonio o defunci\u00f3n. Adem\u00e1s, pueden iniciar tr\u00e1mites como cambio de g\u00e9nero, rectificaciones como as\u00ed tambi\u00e9n inscripciones fuera de t\u00e9rmino.<\/p>\n<p data-prosemirror-content-type=\"node\" data-prosemirror-node-name=\"paragraph\" data-prosemirror-node-block=\"true\">Asimismo, las mujeres gestantes podr\u00e1n solicitar informaci\u00f3n y recibir asesoramiento acerca del programa provincial \u201cProtecci\u00f3n de la Embarazada y su beb\u00e9\u201d.<\/p>\n<p data-prosemirror-content-type=\"node\" data-prosemirror-node-name=\"paragraph\" data-prosemirror-node-block=\"true\">El operativo tambi\u00e9n cuenta con un Punto Vecinon que ofrece servicios digitales a trav\u00e9s de Cidi y VeDi.<\/p>\n","protected":false},"excerpt":{"rendered":"<p>El horario de atenci\u00f3n ser\u00e1 de 09:00 a 13:00 horas. La Municipalidad de C\u00f3rdoba contin\u00faa descentralizando los servicios del Registro Civil para que los vecinos y vecinas puedan gestionar tr\u00e1mites y realizar consultas cerca de sus hogares. Durante esta semana los operativos se realizar\u00e1n en los siguientes lugares: Mi\u00e9rcoles 26: Centro Vecinal Los Olmos (Leopoldo [&hellip;]<\/p>\n","protected":false},"author":1,"featured_media":163810,"comment_status":"closed","ping_status":"closed","sticky":false,"template":"","format":"standard","meta":[],"categories":[44],"tags":[],"_links":{"self":[{"href":"http:\/\/cordobadirecto.com\/index.php\/wp-json\/wp\/v2\/posts\/163809"}],"collection":[{"href":"http:\/\/cordobadirecto.com\/index.php\/wp-json\/wp\/v2\/posts"}],"about":[{"href":"http:\/\/cordobadirecto.com\/index.php\/wp-json\/wp\/v2\/types\/post"}],"author":[{"embeddable":true,"href":"http:\/\/cordobadirecto.com\/index.php\/wp-json\/wp\/v2\/users\/1"}],"replies":[{"embeddable":true,"href":"http:\/\/cordobadirecto.com\/index.php\/wp-json\/wp\/v2\/comments?post=163809"}],"version-history":[{"count":0,"href":"http:\/\/cordobadirecto.com\/index.php\/wp-json\/wp\/v2\/posts\/163809\/revisions"}],"wp:featuredmedia":[{"embeddable":true,"href":"http:\/\/cordobadirecto.com\/index.php\/wp-json\/wp\/v2\/media\/163810"}],"wp:attachment":[{"href":"http:\/\/cordobadirecto.com\/index.php\/wp-json\/wp\/v2\/media?parent=163809"}],"wp:term":[{"taxonomy":"category","embeddable":true,"href":"http:\/\/cordobadirecto.com\/index.php\/wp-json\/wp\/v2\/categories?post=163809"},{"taxonomy":"post_tag","embeddable":true,"href":"http:\/\/cordobadirecto.com\/index.php\/wp-json\/wp\/v2\/tags?post=163809"}],"curies":[{"name":"wp","href":"https:\/\/api.w.org\/{rel}","templated":true}]}}