{"id":163811,"date":"2025-03-25T20:01:38","date_gmt":"2025-03-25T20:01:38","guid":{"rendered":"https:\/\/puntoapunto.com.ar\/?p=371291"},"modified":"2025-03-25T20:01:38","modified_gmt":"2025-03-25T20:01:38","slug":"uvitec-reunio-a-mas-de-40-lideres-para-integrar-ia-en-la-toma-de-decisiones-empresariales","status":"publish","type":"post","link":"http:\/\/cordobadirecto.com\/index.php\/2025\/03\/25\/uvitec-reunio-a-mas-de-40-lideres-para-integrar-ia-en-la-toma-de-decisiones-empresariales\/","title":{"rendered":"Uvitec reuni\u00f3 a m\u00e1s de 40 l\u00edderes para integrar IA en la toma de decisiones empresariales"},"content":{"rendered":"\n<p><span>Uvitec llev\u00f3 adelante la segunda etapa del ciclo <\/span><i><span>Liderando con IA<\/span><\/i><span>, un programa dise\u00f1ado para acercar la Inteligencia Artificial al d\u00eda a d\u00eda de las empresas. La fundaci\u00f3n \u2014creada por la C\u00e1mara de Comercio Exterior de C\u00f3rdoba (CaCEC), la Bolsa de Comercio de C\u00f3rdoba (BCC) y la Uni\u00f3n Industrial de C\u00f3rdoba (UIC)\u2014 convoc\u00f3 a <\/span><b>43 l\u00edderes de distintas organizaciones<\/b><span> que participaron de un workshop intensivo, enfocado en la aplicaci\u00f3n pr\u00e1ctica de la IA en el management.<\/span><\/p>\n<p><span>La actividad se desarroll\u00f3 en el marco del <\/span><b>Club de Innovaci\u00f3n<\/b><span>, una comunidad que re\u00fane a 35 empresas cordobesas que se conectan mensualmente para reflexionar sobre el futuro de sus organizaciones. <\/span><i><span>\u201cLiderando con Inteligencia Artificial es un ciclo que comenzamos el a\u00f1o pasado, a partir de la inquietud de un grupo de CEOs que se preguntaban c\u00f3mo aprovechar esta tecnolog\u00eda a su favor. Es un espacio pensado para explorar, experimentar y apropiarnos de la IA. Porque para liderar un tema, primero hay que vivirlo\u201d<\/span><\/i><span>, explica <\/span><b>Sebasti\u00e1n Santiago<\/b><span>, Director Comercial de Grido y Presidente de Uvitec.<\/span><\/p>\n<p><span>El objetivo del taller es que los l\u00edderes puedan <\/span><b>incorporar herramientas de IA en su rutina diaria<\/b><span> para crear, analizar y optimizar. <\/span><i><span>\u201cCreemos que, a partir del uso cotidiano de la IA, es posible imaginar su aplicaci\u00f3n en procesos m\u00e1s complejos dentro de las empresas\u201d<\/span><\/i><span>, agrega Santiago.<\/span><\/p>\n<p><img decoding=\"async\" class=\"aligncenter wp-image-371294 size-large\" src=\"http:\/\/cordobadirecto.com\/wp-content\/uploads\/2025\/03\/uvitec-reunio-a-mas-de-40-lideres-para-integrar-ia-en-la-toma-de-decisiones-empresariales.jpg\" alt=\"Uvitec\" width=\"768\" height=\"1024\" srcset=\"http:\/\/cordobadirecto.com\/wp-content\/uploads\/2025\/03\/uvitec-reunio-a-mas-de-40-lideres-para-integrar-ia-en-la-toma-de-decisiones-empresariales.jpg 768w, http:\/\/cordobadirecto.com\/wp-content\/uploads\/2025\/03\/uvitec-reunio-a-mas-de-40-lideres-para-integrar-ia-en-la-toma-de-decisiones-empresariales-1.jpg 225w, http:\/\/cordobadirecto.com\/wp-content\/uploads\/2025\/03\/uvitec-reunio-a-mas-de-40-lideres-para-integrar-ia-en-la-toma-de-decisiones-empresariales-2.jpg 1152w, http:\/\/cordobadirecto.com\/wp-content\/uploads\/2025\/03\/uvitec-reunio-a-mas-de-40-lideres-para-integrar-ia-en-la-toma-de-decisiones-empresariales-3.jpg 1536w, http:\/\/cordobadirecto.com\/wp-content\/uploads\/2025\/03\/uvitec-reunio-a-mas-de-40-lideres-para-integrar-ia-en-la-toma-de-decisiones-empresariales-4.jpg 750w, http:\/\/cordobadirecto.com\/wp-content\/uploads\/2025\/03\/uvitec-reunio-a-mas-de-40-lideres-para-integrar-ia-en-la-toma-de-decisiones-empresariales-5.jpg 1140w, http:\/\/cordobadirecto.com\/wp-content\/uploads\/2025\/03\/uvitec-reunio-a-mas-de-40-lideres-para-integrar-ia-en-la-toma-de-decisiones-empresariales-6.jpg 1920w\" sizes=\"(max-width: 768px) 100vw, 768px\" loading=\"lazy\"><\/p>\n<p><span>La jornada fue facilitada por el reconocido emprendedor <\/span><b>Jorge De Bernardo<\/b><span>, quien gui\u00f3 a los equipos en una experiencia de apropiaci\u00f3n tecnol\u00f3gica. Durante el encuentro, los participantes no s\u00f3lo comprendieron c\u00f3mo funciona la IA generativa, sino que tambi\u00e9n simularon un caso de negocio utilizando herramientas como <\/span><b>ChatGPT, Perplexity y Claude<\/b><span>. <\/span><i><span>\u201cLa apuesta por la IA no es solo tecnol\u00f3gica, es estrat\u00e9gica. El contexto cambia a gran velocidad, y entenderlo es clave para desarrollar las competencias e innovaciones que generen ventajas competitivas sostenibles. Tecnolog\u00edas como la IA generativa deben ser prioridad en todas las esferas de las organizaciones. Celebro que hoy tantas empresas de distintas industrias est\u00e9n reunidas, buscando entender c\u00f3mo sumarse y potenciar su propuesta de valor\u201d<\/span><\/i><span>, afirm\u00f3 De Bernardo, fundador de Alamaula y consultor estrat\u00e9gico para compa\u00f1\u00edas que buscan innovar y crecer.<\/span><\/p>\n<p><span>Este segundo taller forma parte de un recorrido iniciado a comienzos de 2024 junto a los CEOs del Club de Innovaci\u00f3n, donde se comenz\u00f3 a abordar la incorporaci\u00f3n de IA desde un enfoque estrat\u00e9gico. La propuesta continuar\u00e1 con <\/span><b>dos encuentros adicionales, destinados a mandos medios<\/b><span>, con el fin de fomentar una adopci\u00f3n transversal de la tecnolog\u00eda en las organizaciones. <\/span><i><span>\u201cEl trabajo conjunto entre CEOs y sus mandos medios \u2014quienes muchas veces act\u00faan como agentes de cambio\u2014 es uno de los pilares de Uvitec. Reunir la visi\u00f3n con la operaci\u00f3n es clave para lograr transformaciones sostenibles\u201d<\/span><\/i><span>, concluy\u00f3 <\/span><b>Carolina Costa<\/b><span>, Directora Ejecutiva de Uvitec.<\/span><\/p>\n<p><span>Participaron de la actividad representantes de empresas como <\/span><b>Grido, Promedon, Leistung, Sturam, Konecta, Grupo Cordeiro, Akapol, Balcami, Gastaldi Hermanos, Holcim, Iscot, MAP S.A., + Latina, Mercotruck, Packing, Siglo 21, Tecnocampo.<\/b><\/p>\n","protected":false},"excerpt":{"rendered":"<p>Uvitec llev\u00f3 adelante la segunda etapa del ciclo Liderando con IA, un programa dise\u00f1ado para acercar la Inteligencia Artificial al d\u00eda a d\u00eda de las empresas. La fundaci\u00f3n \u2014creada por la C\u00e1mara de Comercio Exterior de C\u00f3rdoba (CaCEC), la Bolsa de Comercio de C\u00f3rdoba (BCC) y la Uni\u00f3n Industrial de C\u00f3rdoba (UIC)\u2014 convoc\u00f3 a 43 [&hellip;]<\/p>\n","protected":false},"author":1,"featured_media":163812,"comment_status":"closed","ping_status":"closed","sticky":false,"template":"","format":"standard","meta":[],"categories":[25],"tags":[],"_links":{"self":[{"href":"http:\/\/cordobadirecto.com\/index.php\/wp-json\/wp\/v2\/posts\/163811"}],"collection":[{"href":"http:\/\/cordobadirecto.com\/index.php\/wp-json\/wp\/v2\/posts"}],"about":[{"href":"http:\/\/cordobadirecto.com\/index.php\/wp-json\/wp\/v2\/types\/post"}],"author":[{"embeddable":true,"href":"http:\/\/cordobadirecto.com\/index.php\/wp-json\/wp\/v2\/users\/1"}],"replies":[{"embeddable":true,"href":"http:\/\/cordobadirecto.com\/index.php\/wp-json\/wp\/v2\/comments?post=163811"}],"version-history":[{"count":0,"href":"http:\/\/cordobadirecto.com\/index.php\/wp-json\/wp\/v2\/posts\/163811\/revisions"}],"wp:featuredmedia":[{"embeddable":true,"href":"http:\/\/cordobadirecto.com\/index.php\/wp-json\/wp\/v2\/media\/163812"}],"wp:attachment":[{"href":"http:\/\/cordobadirecto.com\/index.php\/wp-json\/wp\/v2\/media?parent=163811"}],"wp:term":[{"taxonomy":"category","embeddable":true,"href":"http:\/\/cordobadirecto.com\/index.php\/wp-json\/wp\/v2\/categories?post=163811"},{"taxonomy":"post_tag","embeddable":true,"href":"http:\/\/cordobadirecto.com\/index.php\/wp-json\/wp\/v2\/tags?post=163811"}],"curies":[{"name":"wp","href":"https:\/\/api.w.org\/{rel}","templated":true}]}}