{"id":163820,"date":"2025-03-26T03:39:22","date_gmt":"2025-03-26T03:39:22","guid":{"rendered":"http:\/\/cordobadirecto.com\/index.php\/2025\/03\/26\/cumbre-del-bid-funcionarios-de-economia-van-a-una-reunion-regional-en-busca-de-mas-dolares\/"},"modified":"2025-03-26T03:39:22","modified_gmt":"2025-03-26T03:39:22","slug":"cumbre-del-bid-funcionarios-de-economia-van-a-una-reunion-regional-en-busca-de-mas-dolares","status":"publish","type":"post","link":"http:\/\/cordobadirecto.com\/index.php\/2025\/03\/26\/cumbre-del-bid-funcionarios-de-economia-van-a-una-reunion-regional-en-busca-de-mas-dolares\/","title":{"rendered":"Cumbre del BID: funcionarios de <b>econom\u00eda<\/b> van a una reuni\u00f3n regional en busca de m\u00e1s d\u00f3lares"},"content":{"rendered":"<p>&#8230; <b>NUEVO<\/b> &middot; LN+ &middot; Kiosco LA NACION &middot; &gt;LA NACION&gt;<b>Econom\u00eda<\/b>. Cumbre del BID &#8230; <b>C\u00f3rdoba<\/b> y Santa Fe. La cumbre del BID, que comienza ma\u00f1ana, se dividir\u00e1 en&nbsp;&#8230; <\/p>\n","protected":false},"excerpt":{"rendered":"<p>&#8230; NUEVO &middot; LN+ &middot; Kiosco LA NACION &middot; &gt;LA NACION&gt;Econom\u00eda. Cumbre del BID &#8230; C\u00f3rdoba y Santa Fe. La cumbre del BID, que comienza ma\u00f1ana, se dividir\u00e1 en&nbsp;&#8230;<\/p>\n","protected":false},"author":1,"featured_media":0,"comment_status":"closed","ping_status":"closed","sticky":false,"template":"","format":"standard","meta":[],"categories":[40],"tags":[],"_links":{"self":[{"href":"http:\/\/cordobadirecto.com\/index.php\/wp-json\/wp\/v2\/posts\/163820"}],"collection":[{"href":"http:\/\/cordobadirecto.com\/index.php\/wp-json\/wp\/v2\/posts"}],"about":[{"href":"http:\/\/cordobadirecto.com\/index.php\/wp-json\/wp\/v2\/types\/post"}],"author":[{"embeddable":true,"href":"http:\/\/cordobadirecto.com\/index.php\/wp-json\/wp\/v2\/users\/1"}],"replies":[{"embeddable":true,"href":"http:\/\/cordobadirecto.com\/index.php\/wp-json\/wp\/v2\/comments?post=163820"}],"version-history":[{"count":0,"href":"http:\/\/cordobadirecto.com\/index.php\/wp-json\/wp\/v2\/posts\/163820\/revisions"}],"wp:attachment":[{"href":"http:\/\/cordobadirecto.com\/index.php\/wp-json\/wp\/v2\/media?parent=163820"}],"wp:term":[{"taxonomy":"category","embeddable":true,"href":"http:\/\/cordobadirecto.com\/index.php\/wp-json\/wp\/v2\/categories?post=163820"},{"taxonomy":"post_tag","embeddable":true,"href":"http:\/\/cordobadirecto.com\/index.php\/wp-json\/wp\/v2\/tags?post=163820"}],"curies":[{"name":"wp","href":"https:\/\/api.w.org\/{rel}","templated":true}]}}