{"id":163841,"date":"2025-03-26T12:57:49","date_gmt":"2025-03-26T12:57:49","guid":{"rendered":"https:\/\/www.ole.com.ar\/futbol-ascenso\/ascenso-primera-nacional-racing-cordoba-manuel-perez_0_35YuchnRI2.html"},"modified":"2025-03-26T12:57:49","modified_gmt":"2025-03-26T12:57:49","slug":"ya-hace-siete-anos-que-el-puntero-racing-de-cordoba-volvio-a-manos-de-los-socios","status":"publish","type":"post","link":"http:\/\/cordobadirecto.com\/index.php\/2025\/03\/26\/ya-hace-siete-anos-que-el-puntero-racing-de-cordoba-volvio-a-manos-de-los-socios\/","title":{"rendered":"Ya hace siete a\u00f1os que el puntero Racing de C\u00f3rdoba volvi\u00f3 a manos de los socios"},"content":{"rendered":"<p><time class=\"createDate\" datetime=\"2025-03-25T19:19:29-03:00\">25\/03\/2025 19:19hs.<\/time><\/p>\n<div id=\"storyBody\">\n<div class=\"custom-text \" readability=\"30.991354466859\">\n<p><strong>En el arranque de la <a href=\"https:\/\/www.ole.com.ar\/tema\/primera-nacional.html\" title=\"Primera Nacional\" alt=\"Primera Nacional\" class=\"slug\">Primera Nacional <\/a>2025 una de las principales revelaciones est\u00e1 siendo<a href=\"https:\/\/www.ole.com.ar\/tema\/racing-de-cordoba.html\" target=\"_self\" title=\" Racing de C\u00f3rdoba\" alt=\" Racing de C\u00f3rdoba\" rel=\"noopener\"> Racing de C\u00f3rdoba<\/a>.<\/strong> S\u00ed, es que el equipo de Diego Cochas se ubica en lo m\u00e1s alto de la Zona A (comparte la cima con<a href=\"https:\/\/www.ole.com.ar\/tema\/atlanta.html\" title=\"atlanta\" alt=\"atlanta\" class=\"slug\"> Atlanta<\/a> y <a href=\"https:\/\/www.ole.com.ar\/tema\/san-martin-tucuman.html\" title=\"San Mart\u00edn Tucum\u00e1n\" alt=\"San Mart\u00edn Tucum\u00e1n\" class=\"slug\">San Mart\u00edn de Tucum\u00e1n<\/a>), gracias a las 13 unidades cosechadas en siete encuentros -cuatro triunfos, un empate y dos derrotas-. <\/p>\n<\/div>\n<div class=\"custom-text \" readability=\"37.256983240223\">\n<p>Sin embargo, el buen andar en lo que va del campeonato no es casualidad. Claro, porque hace rato que La Academia viene haciendo las cosas bien y consolidandose en las primeras planas de la divisional, con vistas en pegar el salto a la <a href=\"https:\/\/www.ole.com.ar\/tema\/liga-profesional.html\" title=\"Liga Profesional\" alt=\"Liga Profesional\" class=\"slug\">Liga Profesional<\/a>.<strong> Y todo esto ser\u00eda d\u00edficil de explicar sin la figura de Manuel P\u00e9rez, el presidente de la instituci\u00f3n. <\/strong><\/p>\n<\/div>\n<div class=\"custom-text \" readability=\"39\">\n<p>Porque desde su asunci\u00f3n (2018) el conjunto de Nueva Italia creci\u00f3 sin parar: en 2022 subi\u00f3 al Nacional, al a\u00f1o siguiente logr\u00f3 la d\u00edficil tarea de mantenerse en la categor\u00eda, en 2024 se meti\u00f3 al Reducido y en la presente campa\u00f1a marcha como protagonista<strong>. Ahora, con P\u00e9rez a la cabeza, Racing piensa en seguir por el buen camino y regresar a Primera tras 35 a\u00f1os de ausencia. <\/strong><\/p>\n<\/div>\n<div class=\"sc-e7b891c4-0 ifHnQL image-embed\"><img alt=\"Racing de C\u00f3rdoba est\u00e1 en la cima de la Zona A \" loading=\"lazy\" width=\"720\" height=\"100\" decoding=\"async\" data-nimg=\"1\" src=\"http:\/\/cordobadirecto.com\/wp-content\/uploads\/2025\/03\/ya-hace-siete-anos-que-el-puntero-racing-de-cordoba-volvio-a-manos-de-los-socios.jpg\"><span class=\"epigraphe\">Racing de C\u00f3rdoba est\u00e1 en la cima de la Zona A <\/span><\/div>\n<p><h2><strong>Las declaraciones de Manuel P\u00e9rez sobre el presente de Racing de C\u00f3rdoba<\/strong><\/h2>\n<\/p>\n<div class=\"custom-text \" readability=\"37\">\n<p>\u201cPara nosotros que somos de otra generaci\u00f3n, agarrar el diario en papel y vernos arriba es hermoso. <strong>Racing hab\u00eda sido l\u00edder en Primera pero nunca en la B Nacional.<\/strong> Es muy fuerte, pero estamos contentos e ilusionados\u201d, comenz\u00f3 el mandam\u00e1s en di\u00e1logo con La Voz. <\/p>\n<\/div>\n<div class=\"custom-text \" readability=\"38\">\n<p>Con respecto a la posibilidad de competir por el ascenso a la Liga y el proyecto del club, dijo: \u201cQue est\u00e9n los otros tres cordobeses en Primera nos hace sentir que queremos estar tambi\u00e9n ah\u00ed. <strong>Nos gustar\u00eda ascender este campeonato pero nosotros tenemos que proyectar llegar a Primera en los pr\u00f3ximos dos o cinco a\u00f1os para llegar fuertes<\/strong>, con un buen predio, saneados y con las Inferiores bien&#8221;.<\/p>\n<\/div>\n<div class=\"sc-e7b891c4-0 ifHnQL image-embed\"><img alt=\"Manuel P\u00e9rez expres\u00f3 el deseo de pelear por el ascenso a la LPF (La Voz)\" loading=\"lazy\" width=\"720\" height=\"100\" decoding=\"async\" data-nimg=\"1\" src=\"http:\/\/cordobadirecto.com\/wp-content\/uploads\/2025\/03\/ya-hace-siete-anos-que-el-puntero-racing-de-cordoba-volvio-a-manos-de-los-socios-1.jpg\"><span class=\"epigraphe\">Manuel P\u00e9rez expres\u00f3 el deseo de pelear por el ascenso a la LPF (La Voz)<\/span><\/div>\n<div class=\"custom-text \" readability=\"36\">\n<p><strong>&#8220;Racing se arm\u00f3 para pelearle a cualquiera y tiene que estar arriba. Pero no siento que sea ascenso o fracaso. Tenemos que estar entre los primeros cuatro puestos. Si podemos jugar la final ser\u00eda extraordinario. <\/strong>Si no hay que quedar entre los mejores cuatro para que en esa lucha por el segundo ascenso juguemos de local\u201d, sigui\u00f3 sobre las aspiraciones para el 2025.<\/p>\n<\/div>\n<div class=\"custom-text \" readability=\"40\">\n<p>Cuando lleg\u00f3 P\u00e9rez, <strong>Racing estaba en convocatoria de acreedores<\/strong>, al borde de la quiebra luego de la gesti\u00f3n de la anterior CD. Ah, por eso fue intervenido por la Justicia, <strong>con una deuda de 3.000.000 de d\u00f3lares<\/strong>. Cuando parec\u00eda que el fondo del mar era el \u00fanico destino, la conducci\u00f3n de P\u00e9rez y su grupo de trabajo dej\u00f3 al club pr\u00e1cticamente saneado.<\/p>\n<\/div>\n<div class=\"custom-text \" readability=\"40\">\n<p><strong>&#8220;Estimamos que para julio vamos a salir de la convocatoria,<\/strong> habiendo pagado la deuda que encontramos cuando all\u00e1 por el 2018 tomamos el club. <strong>Racing volvi\u00f3 a manos de los socios,<\/strong> \u00e9sa es la noticia. Ascendi\u00f3, est\u00e1 m\u00e1s vivo que nunca y es puntero.<strong> De 500 socios pasamos a 7.000<\/strong>, eso demuestra gesti\u00f3n y que la gente est\u00e1 feliz&#8221;, agreg\u00f3 P\u00e9rez.<\/p>\n<\/div>\n<p><h2><strong>Las obras, el torneo Nacional y el mensaje a la gente <\/strong><\/h2>\n<\/p>\n<div class=\"custom-text \" readability=\"38\">\n<p>&#8220;Bajamos el alambre en el Estadio Miguel Sancho y lo estamos pintando. El c\u00e9sped est\u00e1 bien. Queremos seguir haciendo crecer la escuela, estamos haciendo un aula m\u00e1s. <strong>Seguimos con obras en el predio, vamos a iluminar dos canchas y hacer un vestuario para el f\u00fatbol femenino. <\/strong>Y la idea es hacer pronto una cancha sint\u00e9tica porque la necesitamos\u201d, expres\u00f3 P\u00e9rez sobre las obras.<\/p>\n<\/div>\n<div class=\"custom-text \" readability=\"36\">\n<p>Con respecto a c\u00f3mo se juega el certamen de la Segunda Divisi\u00f3n fue claro: <strong>\u201cMe gusta el formato, que haya m\u00e1s de 30 equipos est\u00e1 bueno. Si fuera todos contra todos tambi\u00e9n estar\u00eda bueno<\/strong>. Hay muchos clubes grandes del interior y esto nos da la posibilidad de estar todos. Con una liga de 20 muchos estar\u00edan en un torneo Federal\u201d.<\/p>\n<\/div>\n<div class=\"custom-text \" readability=\"38\">\n<p>&#8220;Si nos toca estar 15\u00b0 tenemos que pagar la cuota con m\u00e1s alegr\u00eda. <strong>Silbar a un equipo que pierde dos partidos no lo veo para mi club<\/strong>. Entre todos tenemos que cuidar al club. <strong>Estuvimos al borde de la extinci\u00f3n.<\/strong> Pasamos muchos a\u00f1os malos. <strong>Tiene el club vivo, se lo pusimos de pie, pueden estar orgullosos<\/strong>\u201d, finaliz\u00f3 el pope con los dichos para la hinchada de Racing.<\/p>\n<\/div>\n<div class=\"sc-e7b891c4-0 ifHnQL image-embed\"><img alt=\"El mensaje de Manuel P\u00e9rez a la gente de Racing (La Voz)\" loading=\"lazy\" width=\"720\" height=\"100\" decoding=\"async\" data-nimg=\"1\" src=\"http:\/\/cordobadirecto.com\/wp-content\/uploads\/2025\/03\/ya-hace-siete-anos-que-el-puntero-racing-de-cordoba-volvio-a-manos-de-los-socios-2.jpg\"><span class=\"epigraphe\">El mensaje de Manuel P\u00e9rez a la gente de Racing (La Voz)<\/span><\/div>\n<div class=\"sc-a7166897-0 eoLsBE\" readability=\"6\">\n<section readability=\"2\"><picture><img alt=\"La visita riverplatense que Juli\u00e1n \u00c1lvarez tuvo en la previa del Argentina-Brasil\" loading=\"lazy\" width=\"290\" height=\"290\" decoding=\"async\" data-nimg=\"1\" src=\"http:\/\/cordobadirecto.com\/wp-content\/uploads\/2025\/03\/ya-hace-siete-anos-que-el-puntero-racing-de-cordoba-volvio-a-manos-de-los-socios-3.jpg\"><\/picture>\n<p><span>Mir\u00e1 tambi\u00e9n<\/span><\/p>\n<hr>\n<h3>La visita riverplatense que Juli\u00e1n \u00c1lvarez tuvo en la previa del Argentina-Brasil<\/h3>\n<\/p>\n<\/section>\n<\/div>\n<div class=\"sc-a7166897-0 eoLsBE\" readability=\"6.5\">\n<section readability=\"3\"><picture><img alt=\"La foto de Echeverri que despert\u00f3 rumores sobre una posible salida a pr\u00e9stamo del Manchester City\" loading=\"lazy\" width=\"290\" height=\"290\" decoding=\"async\" data-nimg=\"1\" src=\"http:\/\/cordobadirecto.com\/wp-content\/uploads\/2025\/03\/ya-hace-siete-anos-que-el-puntero-racing-de-cordoba-volvio-a-manos-de-los-socios-4.jpg\"><\/picture>\n<p><span>Mir\u00e1 tambi\u00e9n<\/span><\/p>\n<hr>\n<h3>La foto de Echeverri que despert\u00f3 rumores sobre una posible salida a pr\u00e9stamo del Manchester City<\/h3>\n<\/p>\n<\/section>\n<\/div>\n<\/div>\n","protected":false},"excerpt":{"rendered":"<p>25\/03\/2025 19:19hs. En el arranque de la Primera Nacional 2025 una de las principales revelaciones est\u00e1 siendo Racing de C\u00f3rdoba. S\u00ed, es que el equipo de Diego Cochas se ubica en lo m\u00e1s alto de la Zona A (comparte la cima con Atlanta y San Mart\u00edn de Tucum\u00e1n), gracias a las 13 unidades cosechadas en [&hellip;]<\/p>\n","protected":false},"author":1,"featured_media":163842,"comment_status":"closed","ping_status":"closed","sticky":false,"template":"","format":"standard","meta":[],"categories":[21],"tags":[],"_links":{"self":[{"href":"http:\/\/cordobadirecto.com\/index.php\/wp-json\/wp\/v2\/posts\/163841"}],"collection":[{"href":"http:\/\/cordobadirecto.com\/index.php\/wp-json\/wp\/v2\/posts"}],"about":[{"href":"http:\/\/cordobadirecto.com\/index.php\/wp-json\/wp\/v2\/types\/post"}],"author":[{"embeddable":true,"href":"http:\/\/cordobadirecto.com\/index.php\/wp-json\/wp\/v2\/users\/1"}],"replies":[{"embeddable":true,"href":"http:\/\/cordobadirecto.com\/index.php\/wp-json\/wp\/v2\/comments?post=163841"}],"version-history":[{"count":0,"href":"http:\/\/cordobadirecto.com\/index.php\/wp-json\/wp\/v2\/posts\/163841\/revisions"}],"wp:featuredmedia":[{"embeddable":true,"href":"http:\/\/cordobadirecto.com\/index.php\/wp-json\/wp\/v2\/media\/163842"}],"wp:attachment":[{"href":"http:\/\/cordobadirecto.com\/index.php\/wp-json\/wp\/v2\/media?parent=163841"}],"wp:term":[{"taxonomy":"category","embeddable":true,"href":"http:\/\/cordobadirecto.com\/index.php\/wp-json\/wp\/v2\/categories?post=163841"},{"taxonomy":"post_tag","embeddable":true,"href":"http:\/\/cordobadirecto.com\/index.php\/wp-json\/wp\/v2\/tags?post=163841"}],"curies":[{"name":"wp","href":"https:\/\/api.w.org\/{rel}","templated":true}]}}