{"id":163851,"date":"2025-03-26T20:01:41","date_gmt":"2025-03-26T20:01:41","guid":{"rendered":"https:\/\/cordoba.gob.ar\/?p=76210"},"modified":"2025-03-26T20:01:41","modified_gmt":"2025-03-26T20:01:41","slug":"este-jueves-el-cpc-general-paz-y-el-hospital-italiano-organizan-una-jornada-de-charlas-sobre-deporte-y-salud","status":"publish","type":"post","link":"http:\/\/cordobadirecto.com\/index.php\/2025\/03\/26\/este-jueves-el-cpc-general-paz-y-el-hospital-italiano-organizan-una-jornada-de-charlas-sobre-deporte-y-salud\/","title":{"rendered":"Este jueves, el CPC General Paz y el Hospital Italiano organizan una jornada de charlas sobre deporte y salud"},"content":{"rendered":"<div><img src=\"http:\/\/cordobadirecto.com\/wp-content\/uploads\/2025\/03\/este-jueves-el-cpc-general-paz-y-el-hospital-italiano-organizan-una-jornada-de-charlas-sobre-deporte-y-salud.png\" class=\"ff-og-image-inserted\"><\/div>\n<ul>\n<li data-prosemirror-content-type=\"node\" data-prosemirror-node-name=\"paragraph\" data-prosemirror-node-block=\"true\"><strong>Los vecinos de toda la jurisdicci\u00f3n est\u00e1n invitados a participar de manera gratuita desde las 17 horas.<\/strong><\/li>\n<li data-prosemirror-content-type=\"node\" data-prosemirror-node-name=\"paragraph\" data-prosemirror-node-block=\"true\"><strong><strong>La jornada informativa tendr\u00e1, adem\u00e1s, exposici\u00f3n de camisetas deportivas, asesoramiento, testeos gratuitos de ITS, shows y ecocanje.<\/strong><\/strong><\/li>\n<\/ul>\n<hr>\n<p data-prosemirror-content-type=\"node\" data-prosemirror-node-name=\"paragraph\" data-prosemirror-node-block=\"true\">El pr\u00f3ximo jueves 27 de marzo, la Municipalidad de C\u00f3rdoba y el Hospital Italiano se unen para ofrecer a los vecinos y vecinas una jornada de concientizaci\u00f3n en salud y deporte en las instalaciones del CPC General Paz (Coronel Pringles 420).<\/p>\n<p data-prosemirror-content-type=\"node\" data-prosemirror-node-name=\"paragraph\" data-prosemirror-node-block=\"true\">Esta acci\u00f3n conjunta entre el sector p\u00fablico y privado, de participaci\u00f3n libre y gratuita, permite que los vecinos y vecinas accedan a una jornada informativa que tambi\u00e9n tendr\u00e1 sorteos y n\u00fameros musicales.<\/p>\n<p data-prosemirror-content-type=\"node\" data-prosemirror-node-name=\"paragraph\" data-prosemirror-node-block=\"true\">El cronograma de actividades ser\u00e1 el siguiente:<\/p>\n<p data-prosemirror-content-type=\"node\" data-prosemirror-node-name=\"paragraph\" data-prosemirror-node-block=\"true\">17:00 hs. \u2013 Encuentro con gestores deportivos: con la participaci\u00f3n del secretario de Participaci\u00f3n Ciudadana y Juventud, Juan Domingo Viola; y el secretario de Fortalecimiento Vecinal y Deportes, H\u00e9ctor Campana.<\/p>\n<p data-prosemirror-content-type=\"node\" data-prosemirror-node-name=\"paragraph\" data-prosemirror-node-block=\"true\">18:00 hs. \u2013 \u201cF\u00fatbol con identidad\u201d Historia, Cultura, M\u00fasica y Humor en el f\u00fatbol. Charla para j\u00f3venes, a cargo del periodista Mariano Saravia, con el acompa\u00f1amiento del folclorista Jorge Luis Carabajal.<\/p>\n<p data-prosemirror-content-type=\"node\" data-prosemirror-node-name=\"paragraph\" data-prosemirror-node-block=\"true\">Tambi\u00e9n habr\u00e1 una exposici\u00f3n de camisetas deportivas, asesoramiento y testeos gratuitos de ITS.<\/p>\n<p data-prosemirror-content-type=\"node\" data-prosemirror-node-name=\"paragraph\" data-prosemirror-node-block=\"true\">Los vecinos y vecinas tambi\u00e9n podr\u00e1n llevar residuos secos para cambiar por elementos fabricados con material reciclable, producto de las pol\u00edticas de Econom\u00eda Circular que impulsa el municipio.<\/p>\n<p data-prosemirror-content-type=\"node\" data-prosemirror-node-name=\"paragraph\" data-prosemirror-node-block=\"true\">La propuesta se completa con puestos informativos de la Cruz Roja y de la Secretar\u00eda de Salud del municipio, que llegar\u00e1 con su programa \u201cMejor es Saber\u201d para concientizar sobre las infecciones de transmisi\u00f3n sexual.<\/p>\n<p data-prosemirror-content-type=\"node\" data-prosemirror-node-name=\"paragraph\" data-prosemirror-node-block=\"true\">El cierre estar\u00e1 a cargo de la banda de rock del Hospital Italiano.<\/p>\n<p data-prosemirror-content-type=\"node\" data-prosemirror-node-name=\"paragraph\" data-prosemirror-node-block=\"true\">La invitaci\u00f3n est\u00e1 abierta a los vecinos y vecinas que viven dentro de la jurisdicci\u00f3n del CPC General Paz (barrio Juniors, General Paz, Bajo General Paz y Patria), pero se extiende a quienes quieran asistir desde distintas partes de la ciudad.<\/p>\n","protected":false},"excerpt":{"rendered":"<p>Los vecinos de toda la jurisdicci\u00f3n est\u00e1n invitados a participar de manera gratuita desde las 17 horas. La jornada informativa tendr\u00e1, adem\u00e1s, exposici\u00f3n de camisetas deportivas, asesoramiento, testeos gratuitos de ITS, shows y ecocanje. El pr\u00f3ximo jueves 27 de marzo, la Municipalidad de C\u00f3rdoba y el Hospital Italiano se unen para ofrecer a los vecinos [&hellip;]<\/p>\n","protected":false},"author":1,"featured_media":163852,"comment_status":"closed","ping_status":"closed","sticky":false,"template":"","format":"standard","meta":[],"categories":[44],"tags":[],"_links":{"self":[{"href":"http:\/\/cordobadirecto.com\/index.php\/wp-json\/wp\/v2\/posts\/163851"}],"collection":[{"href":"http:\/\/cordobadirecto.com\/index.php\/wp-json\/wp\/v2\/posts"}],"about":[{"href":"http:\/\/cordobadirecto.com\/index.php\/wp-json\/wp\/v2\/types\/post"}],"author":[{"embeddable":true,"href":"http:\/\/cordobadirecto.com\/index.php\/wp-json\/wp\/v2\/users\/1"}],"replies":[{"embeddable":true,"href":"http:\/\/cordobadirecto.com\/index.php\/wp-json\/wp\/v2\/comments?post=163851"}],"version-history":[{"count":0,"href":"http:\/\/cordobadirecto.com\/index.php\/wp-json\/wp\/v2\/posts\/163851\/revisions"}],"wp:featuredmedia":[{"embeddable":true,"href":"http:\/\/cordobadirecto.com\/index.php\/wp-json\/wp\/v2\/media\/163852"}],"wp:attachment":[{"href":"http:\/\/cordobadirecto.com\/index.php\/wp-json\/wp\/v2\/media?parent=163851"}],"wp:term":[{"taxonomy":"category","embeddable":true,"href":"http:\/\/cordobadirecto.com\/index.php\/wp-json\/wp\/v2\/categories?post=163851"},{"taxonomy":"post_tag","embeddable":true,"href":"http:\/\/cordobadirecto.com\/index.php\/wp-json\/wp\/v2\/tags?post=163851"}],"curies":[{"name":"wp","href":"https:\/\/api.w.org\/{rel}","templated":true}]}}