{"id":163858,"date":"2025-03-27T08:52:29","date_gmt":"2025-03-27T08:52:29","guid":{"rendered":"https:\/\/puntoapunto.com.ar\/?p=371322"},"modified":"2025-03-27T08:52:29","modified_gmt":"2025-03-27T08:52:29","slug":"edicion-semanal-saluden-al-crawling-que-se-va","status":"publish","type":"post","link":"http:\/\/cordobadirecto.com\/index.php\/2025\/03\/27\/edicion-semanal-saluden-al-crawling-que-se-va\/","title":{"rendered":"Edici\u00f3n semanal: Saluden al crawling (que se va)"},"content":{"rendered":"<p>Semanas clave para que la<strong> administraci\u00f3n Milei-Caputo convenza al FMI de un desembolso para sanear al Central y pagar compromisos, pero sin comprometer una devaluaci\u00f3n<\/strong>. Se viene s\u00ed, un nuevo esquema cambiario que tensiona al mercado. <strong>Toda la data del ciclo An\u00e1lisis de Coyuntura de PaP.<\/strong><\/p>\n<p><strong>-Le\u00e9 las revista en tu dispositivo favorito<\/strong><\/p>\n<div><img decoding=\"async\" class=\"size-full wp-image-341570 alignleft\" src=\"http:\/\/cordobadirecto.com\/wp-content\/uploads\/2025\/03\/edicion-semanal-saluden-al-crawling-que-se-va.jpg\" alt width=\"300\" height=\"80\" loading=\"lazy\"><a href=\"https:\/\/indd.adobe.com\/view\/a4e6631c-1658-4b96-a830-811c9c9b0bf9\" target=\"_blank\" rel=\"noopener\"><img loading=\"lazy\" decoding=\"async\" class=\"alignleft wp-image-341569 size-full\" src=\"http:\/\/cordobadirecto.com\/wp-content\/uploads\/2025\/03\/edicion-semanal-saluden-al-crawling-que-se-va-1.jpg\" alt width=\"300\" height=\"80\"><\/a><\/div>\n<ul>\n<li><strong>La maquinaria agr\u00edcola argentina cuesta hasta un 30% m\u00e1s que la importada: los factores que encarecen su producci\u00f3n<\/strong><\/li>\n<\/ul>\n<p>El sector muestra signos de recuperaci\u00f3n tras a\u00f1os dif\u00edciles, pero enfrenta una fuerte p\u00e9rdida de competitividad debido a la carga impositiva, los costos laborales y la infraestructura deficiente.<\/p>\n<ul>\n<li><strong>\u201cTenemos el desaf\u00edo de reconvertir el mercado de capitales para que sea un instrumento de apoyo al sector privado\u201d<\/strong><\/li>\n<\/ul>\n<p>Lo marca Gonzalo G\u00f3mez Pizarro, en el 10\u00b0 aniversario de AVSA, que consolida su perfil federal<br \/>con foco en las pymes. C\u00f3mo ven el sector y las oportunidades que se vienen.<\/p>\n<ul>\n<li><strong>El esc\u00e1ndalo de los contratados impacta a Prunotto y seguramente demorar\u00e1 su<\/strong><br \/><strong>carrera pol\u00edtica<\/strong><\/li>\n<\/ul>\n<p>Es un tema inc\u00f3modo para oficialistas y opositores que parecieron armar una cooperativa para repartirse los empleados contratados y monotributistas. A los \u00faltimo se le abonaban 300 mil pesos mutuales, sin aportes, sin aguinaldo y sin mutual.<\/p>\n<div class=\"g g-36\">\n<div class=\"g-dyn a-144 c-1\"><a class=\"gofollow\" data-track=\"MTQ0LDM2LDEsNjA=\" href=\"https:\/\/www.cba.gov.ar\/dengue\/\" target=\"_blank\" rel=\"noopener\"><img src=\"http:\/\/cordobadirecto.com\/wp-content\/uploads\/2025\/03\/edicion-semanal-saluden-al-crawling-que-se-va.gif\" loading=\"lazy\"><\/a><\/div>\n<\/div>\n<ul>\n<li><strong>Inversiones responsables en la era post Silicon Valley Bank: un nuevo paradigma para Am\u00e9rica Latina<\/strong><\/li>\n<\/ul>\n<p>La ca\u00edda del Silicon Valley Bank, hace dos a\u00f1os, marc\u00f3 un punto de inflexi\u00f3n en las inversiones de capital de riesgo. En Am\u00e9rica Latina, este nuevo contexto refuerza la importancia de un enfoque responsable, con las fintech como motores clave de la inclusi\u00f3n financiera y el desarrollo econ\u00f3mico.\n<\/p>\n<ul>\n<li><strong>Mar\u00eda Bel\u00e9n Mend\u00e9, la mujer detr\u00e1s del crecimiento y la transformaci\u00f3n de Siglo 21<\/strong><\/li>\n<\/ul>\n<div readability=\"9.2452830188679\">Bajo su liderazgo, la<a href=\"https:\/\/puntoapunto.com.ar\/edicion-semanal-us-100-millones-para-la-salud-el-plan-de-siglo-21-para-construir-un-hospital-universitario\/\"> Universidad Siglo 21<\/a> triplic\u00f3 su matr\u00edcula y se posicion\u00f3 como un referente en innovaci\u00f3n educativa. Inteligencia artificial, personalizaci\u00f3n del aprendizaje y un modelo inclusivo marcan el rumbo de la instituci\u00f3n en su 30\u00ba aniversario.<\/div>\n<div class=\"g g-38\">\n<div class=\"g-dyn a-12 c-1\"><a class=\"gofollow\" data-track=\"MTIsMzgsMSw2MA==\" href=\"https:\/\/hospitalprivado.com.ar\/blog\/institucional\/somos-la-primera-institucion-del-interior-del-pais-en-acreditar-joint-commission-international.html\" target=\"_blank\" rel=\"noopener\"><img src=\"http:\/\/cordobadirecto.com\/wp-content\/uploads\/2025\/03\/edicion-semanal-saluden-al-crawling-que-se-va-1.gif\" loading=\"lazy\"><\/a><\/div>\n<\/div>\n","protected":false},"excerpt":{"rendered":"<p>Semanas clave para que la administraci\u00f3n Milei-Caputo convenza al FMI de un desembolso para sanear al Central y pagar compromisos, pero sin comprometer una devaluaci\u00f3n. Se viene s\u00ed, un nuevo esquema cambiario que tensiona al mercado. Toda la data del ciclo An\u00e1lisis de Coyuntura de PaP. -Le\u00e9 las revista en tu dispositivo favorito La maquinaria [&hellip;]<\/p>\n","protected":false},"author":1,"featured_media":163859,"comment_status":"closed","ping_status":"closed","sticky":false,"template":"","format":"standard","meta":[],"categories":[25],"tags":[],"_links":{"self":[{"href":"http:\/\/cordobadirecto.com\/index.php\/wp-json\/wp\/v2\/posts\/163858"}],"collection":[{"href":"http:\/\/cordobadirecto.com\/index.php\/wp-json\/wp\/v2\/posts"}],"about":[{"href":"http:\/\/cordobadirecto.com\/index.php\/wp-json\/wp\/v2\/types\/post"}],"author":[{"embeddable":true,"href":"http:\/\/cordobadirecto.com\/index.php\/wp-json\/wp\/v2\/users\/1"}],"replies":[{"embeddable":true,"href":"http:\/\/cordobadirecto.com\/index.php\/wp-json\/wp\/v2\/comments?post=163858"}],"version-history":[{"count":0,"href":"http:\/\/cordobadirecto.com\/index.php\/wp-json\/wp\/v2\/posts\/163858\/revisions"}],"wp:featuredmedia":[{"embeddable":true,"href":"http:\/\/cordobadirecto.com\/index.php\/wp-json\/wp\/v2\/media\/163859"}],"wp:attachment":[{"href":"http:\/\/cordobadirecto.com\/index.php\/wp-json\/wp\/v2\/media?parent=163858"}],"wp:term":[{"taxonomy":"category","embeddable":true,"href":"http:\/\/cordobadirecto.com\/index.php\/wp-json\/wp\/v2\/categories?post=163858"},{"taxonomy":"post_tag","embeddable":true,"href":"http:\/\/cordobadirecto.com\/index.php\/wp-json\/wp\/v2\/tags?post=163858"}],"curies":[{"name":"wp","href":"https:\/\/api.w.org\/{rel}","templated":true}]}}