{"id":163881,"date":"2025-03-26T14:58:51","date_gmt":"2025-03-26T14:58:51","guid":{"rendered":"https:\/\/cordoba.gob.ar\/?p=76198"},"modified":"2025-03-26T14:58:51","modified_gmt":"2025-03-26T14:58:51","slug":"passerini-participo-de-la-primera-misa-en-el-nuevo-templo-de-la-parroquia-nuestra-senora-del-valle","status":"publish","type":"post","link":"http:\/\/cordobadirecto.com\/index.php\/2025\/03\/26\/passerini-participo-de-la-primera-misa-en-el-nuevo-templo-de-la-parroquia-nuestra-senora-del-valle\/","title":{"rendered":"Passerini particip\u00f3 de la primera misa en el nuevo templo de la parroquia Nuestra Se\u00f1ora del Valle"},"content":{"rendered":"<div><img src=\"http:\/\/cordobadirecto.com\/wp-content\/uploads\/2025\/03\/passerini-participo-de-la-primera-misa-en-el-nuevo-templo-de-la-parroquia-nuestra-senora-del-valle.jpg\" class=\"ff-og-image-inserted\"><\/div>\n<ul>\n<li data-prosemirror-content-type=\"node\" data-prosemirror-node-name=\"paragraph\" data-prosemirror-node-block=\"true\"><strong>Adem\u00e1s de la consagraci\u00f3n del templo, se consagr\u00f3 el altar y se colocaron reliquias de Santo Cura Brochero, Santa Mama Antula y Beato Fray Mamerto Esqui\u00fa, entre otros.<\/strong><\/li>\n<li data-prosemirror-content-type=\"node\" data-prosemirror-node-name=\"paragraph\" data-prosemirror-node-block=\"true\"><strong>Los planos de la obra datan del a\u00f1o 1967, que a\u00f1os m\u00e1s tarde fueron recuperados y puestos en marcha.<\/strong><\/li>\n<li data-prosemirror-content-type=\"node\" data-prosemirror-node-name=\"paragraph\" data-prosemirror-node-block=\"true\"><strong><strong>El templo, adem\u00e1s de cumplir con las normas de seguridad actualmente requeridas, es m\u00e1s inclusivo, permitiendo el traslado de personas con movilidad reducida.<\/strong><\/strong><br \/>\n<hr>\n<\/li>\n<\/ul>\n<p data-prosemirror-content-type=\"node\" data-prosemirror-node-name=\"paragraph\" data-prosemirror-node-block=\"true\">El intendente de la ciudad de C\u00f3rdoba, Daniel Passerini, particip\u00f3 de la celebraci\u00f3n que se llev\u00f3 a cabo en la parroquia Nuestra Se\u00f1ora del Valle, m\u00e1s conocida como La Cripta, en donde los feligreses pueden ya participar de las celebraciones en el nuevo templo parroquial.<\/p>\n<p data-prosemirror-content-type=\"node\" data-prosemirror-node-name=\"paragraph\" data-prosemirror-node-block=\"true\">Fue presidida por el Obispo de C\u00f3rdoba, Monse\u00f1or \u00c1ngel Sixto Rossi.<\/p>\n<p data-prosemirror-content-type=\"node\" data-prosemirror-node-name=\"paragraph\" data-prosemirror-node-block=\"true\">Durante la ceremonia se efectu\u00f3 la dedicaci\u00f3n del templo y del altar, rito que tiene un profundo sentido espiritual ya que simboliza la consagraci\u00f3n del lugar al culto divino y, al mismo tiempo, la entrega de la comunidad cristiana como templo vivo de Dios.<\/p>\n<p data-prosemirror-content-type=\"node\" data-prosemirror-node-name=\"paragraph\" data-prosemirror-node-block=\"true\">En el templo (Laplace 5786) y como parte del rito de la dedicaci\u00f3n fueron colocadas reliquias de Santo Cura Brochero, Santa Mama Antula, Beata Mar\u00eda del Tr\u00e1nsito Cabanillas, Beata Catalina de Mar\u00eda Rodr\u00edguez y Beato Fray Mamerto Esqui\u00fa.<\/p>\n<p data-prosemirror-content-type=\"node\" data-prosemirror-node-name=\"paragraph\" data-prosemirror-node-block=\"true\">Adem\u00e1s de reliquias pertenecientes a Santa Justina, m\u00e1rtir romana; Santa Luc\u00eda Romana, m\u00e1rtir romana; San Justino, m\u00e1rtir romano; San Pedro Tadeo, m\u00e1rtir romano; y San Jer\u00f3nimo.<\/p>\n<p data-prosemirror-content-type=\"node\" data-prosemirror-node-name=\"paragraph\" data-prosemirror-node-block=\"true\">El nuevo espacio, que comenz\u00f3 a trazarse en 2017, cuenta con las normas actualmente requeridas y adem\u00e1s permite una mayor inclusi\u00f3n, en especial para quienes tienen movilidad reducida.<\/p>\n<p data-prosemirror-content-type=\"node\" data-prosemirror-node-name=\"paragraph\" data-prosemirror-node-block=\"true\">Cabe destacar que el espacio de la que antes fuera La Cripta, es ahora el sal\u00f3n parroquial, aunque seguir\u00e1 estando disponible si alguien (por tradici\u00f3n familiar o deseo personal) quisiera celebrar all\u00ed alg\u00fan sacramento.<\/p>\n<p data-prosemirror-content-type=\"node\" data-prosemirror-node-name=\"paragraph\" data-prosemirror-node-block=\"true\">Dentro de la nueva obra se contempl\u00f3 adem\u00e1s de la construcci\u00f3n del campanario, un cinerario, lugar sagrado en el que se pueden depositar las cenizas de los difuntos.<\/p>\n<p data-prosemirror-content-type=\"node\" data-prosemirror-node-name=\"paragraph\" data-prosemirror-node-block=\"true\"><strong data-prosemirror-content-type=\"mark\" data-prosemirror-mark-name=\"strong\">Sobre La Cripta<\/strong><\/p>\n<p data-prosemirror-content-type=\"node\" data-prosemirror-node-name=\"paragraph\" data-prosemirror-node-block=\"true\">La Parroquia Nuestra Se\u00f1ora del Valle fue erigida por Monse\u00f1or Ferm\u00edn Lafitte el 31 de diciembre de 1953. Por aquel entonces su sede era una capilla dedicada a la Inmaculada cuya historia se remonta al a\u00f1o 1920.&nbsp;Esa capilla dependi\u00f3 en primer momento de la Parroquia San Jer\u00f3nimo, creada en el a\u00f1o 1900, y desde 1935 pas\u00f3 a depender de la Parroquia San Jos\u00e9, de&nbsp;Barrio San Mart\u00edn,&nbsp;cuyo territorio limitaba con el de la Parroquia Nuestra Se\u00f1ora del Carmen de Villa Allende, creada en 1914.<\/p>\n<p data-prosemirror-content-type=\"node\" data-prosemirror-node-name=\"paragraph\" data-prosemirror-node-block=\"true\">La capilla (conocida como Capilla de La Tablada) hoy forma parte del&nbsp;Instituto Parroquial Nuestra Se\u00f1ora del Valle, y fue construida por Ignacio Guillermo Aliaga (1888-1922) en el terreno que hab\u00eda&nbsp;heredado de su padre en 1909.&nbsp;Primero hizo una gruta al borde del r\u00edo que fue destruida por una creciente y luego la capilla. Al morir&nbsp;Ignacio Guillermo Aliaga, mediante disposici\u00f3n testamentaria, dona el terreno y la capilla al Obispado el 7 de junio de 1924.<\/p>\n<p data-prosemirror-content-type=\"node\" data-prosemirror-node-name=\"paragraph\" data-prosemirror-node-block=\"true\">Esa capilla funcion\u00f3 como sede hasta que el 15 de agosto de 1957 se entroniza como&nbsp;parroquial el actual templo ubicado en Av. Rep\u00fablica (hoy Laplace 5786).&nbsp;A \u00e9ste se traslada tanto la imagen de la Virgen del Valle como la mayor\u00eda de los muebles de uso corriente. Esa imagen de la Virgen del Valle hab\u00eda sido donada en 1953 por&nbsp;Leonor Leiva Castro, esposa&nbsp;del Brigadier San Mart\u00edn (ex gobernador de C\u00f3rdoba), que era catamarque\u00f1a, y por esa imagen se le dio el nombre a la Parroquia, pero se conserva como fecha para la fiesta patronal la de la Inmaculada, el 8 de diciembre.<\/p>\n","protected":false},"excerpt":{"rendered":"<p>Adem\u00e1s de la consagraci\u00f3n del templo, se consagr\u00f3 el altar y se colocaron reliquias de Santo Cura Brochero, Santa Mama Antula y Beato Fray Mamerto Esqui\u00fa, entre otros. Los planos de la obra datan del a\u00f1o 1967, que a\u00f1os m\u00e1s tarde fueron recuperados y puestos en marcha. El templo, adem\u00e1s de cumplir con las normas [&hellip;]<\/p>\n","protected":false},"author":1,"featured_media":163882,"comment_status":"closed","ping_status":"closed","sticky":false,"template":"","format":"standard","meta":[],"categories":[44],"tags":[],"_links":{"self":[{"href":"http:\/\/cordobadirecto.com\/index.php\/wp-json\/wp\/v2\/posts\/163881"}],"collection":[{"href":"http:\/\/cordobadirecto.com\/index.php\/wp-json\/wp\/v2\/posts"}],"about":[{"href":"http:\/\/cordobadirecto.com\/index.php\/wp-json\/wp\/v2\/types\/post"}],"author":[{"embeddable":true,"href":"http:\/\/cordobadirecto.com\/index.php\/wp-json\/wp\/v2\/users\/1"}],"replies":[{"embeddable":true,"href":"http:\/\/cordobadirecto.com\/index.php\/wp-json\/wp\/v2\/comments?post=163881"}],"version-history":[{"count":0,"href":"http:\/\/cordobadirecto.com\/index.php\/wp-json\/wp\/v2\/posts\/163881\/revisions"}],"wp:featuredmedia":[{"embeddable":true,"href":"http:\/\/cordobadirecto.com\/index.php\/wp-json\/wp\/v2\/media\/163882"}],"wp:attachment":[{"href":"http:\/\/cordobadirecto.com\/index.php\/wp-json\/wp\/v2\/media?parent=163881"}],"wp:term":[{"taxonomy":"category","embeddable":true,"href":"http:\/\/cordobadirecto.com\/index.php\/wp-json\/wp\/v2\/categories?post=163881"},{"taxonomy":"post_tag","embeddable":true,"href":"http:\/\/cordobadirecto.com\/index.php\/wp-json\/wp\/v2\/tags?post=163881"}],"curies":[{"name":"wp","href":"https:\/\/api.w.org\/{rel}","templated":true}]}}