{"id":163883,"date":"2025-03-27T11:34:08","date_gmt":"2025-03-27T11:34:08","guid":{"rendered":"https:\/\/www.ole.com.ar\/autos\/colapinto-historia-mate-desayuno-argentino_0_A8NAkD9xYh.html"},"modified":"2025-03-27T11:34:08","modified_gmt":"2025-03-27T11:34:08","slug":"el-desayuno-bien-argentino-de-colapinto","status":"publish","type":"post","link":"http:\/\/cordobadirecto.com\/index.php\/2025\/03\/27\/el-desayuno-bien-argentino-de-colapinto\/","title":{"rendered":"El desayuno bien argentino de Colapinto"},"content":{"rendered":"<p><time class=\"createDate\" datetime=\"2025-03-27T08:34:08-03:00\">27\/03\/2025 08:34hs.<\/time><\/p>\n<div id=\"storyBody\">\n<div class=\"custom-text \" readability=\"35.172839506173\">\n<p>\u00bfYo? Argentino, bien argentino. <a href=\"https:\/\/www.ole.com.ar\/tema\/franco-colapinto.html\" title=\"Franco Colapinto\" alt=\"Franco Colapinto\" class=\"slug\">Franco Colapinto<\/a> siempre es noticia. Por lo que hace en la pista (en este caso trabajando como piloto de Reserva de Alpine), fuera y por sus ocurrencias. Lo transmite a trav\u00e9s de sus redes sociales. <strong>Y en las \u00faltimas horas se hizo viral una particular foto que subi\u00f3 para arrancar su d\u00eda.<\/strong><\/p>\n<\/div>\n<p><h2><strong>El desayuno de Franco Colapinto<\/strong><\/h2>\n<\/p>\n<div class=\"sc-e7b891c4-0 ifHnQL image-embed\"><img alt=\"El desayuno bien argento de Colapinto.\" loading=\"lazy\" width=\"720\" height=\"100\" decoding=\"async\" data-nimg=\"1\" src=\"http:\/\/cordobadirecto.com\/wp-content\/uploads\/2025\/03\/el-desayuno-bien-argentino-de-colapinto.jpg\"><span class=\"epigraphe\">El desayuno bien argento de Colapinto.<\/span><\/div>\n<div class=\"custom-text \" readability=\"38\">\n<p>En la imagen posteada en historias de Instagram,<strong> Colapa mostr\u00f3 un termo con un mate, un libro de Argentina, biscochos de una conocida marca y un alfajor, tambi\u00e9n cl\u00e1sico de nuestras tierras.<\/strong> Un pack bien completo y albiceleste para iniciar la jornada.<\/p>\n<\/div>\n<p><h2><strong>\u00bfC\u00f3mo sigue la agenda de Colapinto?<\/strong><\/h2>\n<\/p>\n<div class=\"custom-text \" readability=\"38\">\n<p><strong>Seg\u00fan pudo averiguar Ol\u00e9<\/strong>, el ex piloto de Williams se quedar\u00e1 en la sede de Enstone, Inglaterra, manejando en el simulador mientras el equipo est\u00e1 en Jap\u00f3n para disputar la tercera fecha del campeonato, el fin de semana del 5-6 de abril.<\/p>\n<\/div>\n<div class=\"custom-text \" readability=\"40\">\n<p>Adem\u00e1s, este diario confirm\u00f3 que Ryo Hirakawa, uno de los cuatro reservas de Alpine, debutar\u00e1 manej<strong>ando el modelo A525 en la primera pr\u00e1ctica, como parte del plan de la categor\u00eda de mechar dos ensayos en el a\u00f1o con rookies. <\/strong>As\u00ed pudo manejar Colapinto el Williamws en el 2024 siendo reserva, en el circuito de Silverstone.<\/p>\n<\/div>\n<div class=\"sc-e7b891c4-0 ifHnQL image-embed\"><img alt=\"Gasly, el piloto principal. \" loading=\"lazy\" width=\"720\" height=\"100\" decoding=\"async\" data-nimg=\"1\" src=\"http:\/\/cordobadirecto.com\/wp-content\/uploads\/2025\/03\/el-desayuno-bien-argentino-de-colapinto-1.jpg\"><span class=\"epigraphe\">Gasly, el piloto principal. <\/span><\/div>\n<div class=\"custom-text \" readability=\"35\">\n<p>En tanto, m\u00e1s all\u00e1 de los rumores que aparecieron luego de la segunda carrera, Jack Doohan seguir\u00e1 siendo uno de los pilotos titulares junto con Pierre Gasly.<\/p>\n<\/div>\n<div class=\"sc-a7166897-0 eoLsBE\" readability=\"6\">\n<section readability=\"2\"><picture><img alt=\"La \u00faltima ocurrencia de Franco Colapinto\" loading=\"lazy\" width=\"290\" height=\"290\" decoding=\"async\" data-nimg=\"1\" src=\"http:\/\/cordobadirecto.com\/wp-content\/uploads\/2025\/03\/el-desayuno-bien-argentino-de-colapinto-2.jpg\"><\/picture>\n<p><span>Mir\u00e1 tambi\u00e9n<\/span><\/p>\n<hr>\n<h3>La \u00faltima ocurrencia de Franco Colapinto<\/h3>\n<\/p>\n<\/section>\n<\/div>\n<div class=\"sc-a7166897-0 eoLsBE\" readability=\"6\">\n<section readability=\"2\"><picture><img alt=\"Es oficial: Tsunoda reemplaza a Lawson en Red Bull\" loading=\"lazy\" width=\"290\" height=\"290\" decoding=\"async\" data-nimg=\"1\" src=\"http:\/\/cordobadirecto.com\/wp-content\/uploads\/2025\/03\/el-desayuno-bien-argentino-de-colapinto-3.jpg\"><\/picture>\n<p><span>Mir\u00e1 tambi\u00e9n<\/span><\/p>\n<hr>\n<h3>Es oficial: Tsunoda reemplaza a Lawson en Red Bull<\/h3>\n<\/p>\n<\/section>\n<\/div>\n<\/div>\n","protected":false},"excerpt":{"rendered":"<p>27\/03\/2025 08:34hs. \u00bfYo? Argentino, bien argentino. Franco Colapinto siempre es noticia. Por lo que hace en la pista (en este caso trabajando como piloto de Reserva de Alpine), fuera y por sus ocurrencias. Lo transmite a trav\u00e9s de sus redes sociales. Y en las \u00faltimas horas se hizo viral una particular foto que subi\u00f3 para [&hellip;]<\/p>\n","protected":false},"author":1,"featured_media":163884,"comment_status":"closed","ping_status":"closed","sticky":false,"template":"","format":"standard","meta":[],"categories":[21],"tags":[],"_links":{"self":[{"href":"http:\/\/cordobadirecto.com\/index.php\/wp-json\/wp\/v2\/posts\/163883"}],"collection":[{"href":"http:\/\/cordobadirecto.com\/index.php\/wp-json\/wp\/v2\/posts"}],"about":[{"href":"http:\/\/cordobadirecto.com\/index.php\/wp-json\/wp\/v2\/types\/post"}],"author":[{"embeddable":true,"href":"http:\/\/cordobadirecto.com\/index.php\/wp-json\/wp\/v2\/users\/1"}],"replies":[{"embeddable":true,"href":"http:\/\/cordobadirecto.com\/index.php\/wp-json\/wp\/v2\/comments?post=163883"}],"version-history":[{"count":0,"href":"http:\/\/cordobadirecto.com\/index.php\/wp-json\/wp\/v2\/posts\/163883\/revisions"}],"wp:featuredmedia":[{"embeddable":true,"href":"http:\/\/cordobadirecto.com\/index.php\/wp-json\/wp\/v2\/media\/163884"}],"wp:attachment":[{"href":"http:\/\/cordobadirecto.com\/index.php\/wp-json\/wp\/v2\/media?parent=163883"}],"wp:term":[{"taxonomy":"category","embeddable":true,"href":"http:\/\/cordobadirecto.com\/index.php\/wp-json\/wp\/v2\/categories?post=163883"},{"taxonomy":"post_tag","embeddable":true,"href":"http:\/\/cordobadirecto.com\/index.php\/wp-json\/wp\/v2\/tags?post=163883"}],"curies":[{"name":"wp","href":"https:\/\/api.w.org\/{rel}","templated":true}]}}