{"id":16391,"date":"2021-08-31T23:17:12","date_gmt":"2021-08-31T23:17:12","guid":{"rendered":"http:\/\/cordobadirecto.com\/index.php\/2021\/08\/31\/con-2-400-millones-para-concursos-cultura-y-medios-buscan-reactivar-la-industria-audiovisual\/"},"modified":"2021-08-31T23:17:12","modified_gmt":"2021-08-31T23:17:12","slug":"con-2-400-millones-para-concursos-cultura-y-medios-buscan-reactivar-la-industria-audiovisual","status":"publish","type":"post","link":"http:\/\/cordobadirecto.com\/index.php\/2021\/08\/31\/con-2-400-millones-para-concursos-cultura-y-medios-buscan-reactivar-la-industria-audiovisual\/","title":{"rendered":"Con $2.400 millones para concursos, Cultura y Medios buscan reactivar la industria audiovisual"},"content":{"rendered":"<div class=\"image\" id=\"image\" readability=\"8\"> <img src=\"http:\/\/cordobadirecto.com\/wp-content\/uploads\/2021\/08\/con-2-400-millones-para-concursos-cultura-y-medios-buscan-reactivar-la-industria-audiovisual.jpg\" alt=\"El plazo para participar de Renacer Audiovisual es hasta el 18 de octubre. Foto: Prensa Jefatura Gabinete Ministros\" title=\"El plazo para participar de Renacer Audiovisual es hasta el 18 de octubre. Foto: Prensa Jefatura Gabinete Ministros\"><\/p>\n<p>El plazo para participar de Renacer Audiovisual es hasta el 18 de octubre. Foto: Prensa Jefatura Gabinete Ministros<\/p>\n<\/div>\n<p>El Ministerio de Cultura de la Naci\u00f3n y la Secretar\u00eda de Medios y Comunicaci\u00f3n P\u00fablica anunciaron el lanzamiento de Renacer Audiovisual, un programa con una inversi\u00f3n proyectada en m\u00e1s de $2.400 millones cuyos objetivos son reactivar la industria audiovisual y, en particular, generar nuevos puestos de trabajo en todas las regiones del pa\u00eds.<\/p>\n<p>El plazo para participar de Renacer Audiovisual es hasta el 18 de octubre. El programa del Estado nacional est\u00e1 orientado a productores y directores de todo el pa\u00eds, quienes podr\u00e1n presentar proyectos en cinco categor\u00edas: documental unitario, serie documental, serie de ficci\u00f3n, serie de ficci\u00f3n hist\u00f3rica y serie de animaci\u00f3n.<\/p>\n<p>\u201cSe trata de una decisi\u00f3n de apostar por la industria audiovisual nacional\u201d, dijo el secretario de Medios y Comunicaci\u00f3n P\u00fablica, Francisco Meritello, quien a su vez remarc\u00f3 la importancia del sector en la generaci\u00f3n de trabajo y la movilizaci\u00f3n de rubros asociados a la cadena de producci\u00f3n audiovisual. Meritello tambi\u00e9n destac\u00f3 la diversidad de la convocatoria, que abarca distintos g\u00e9neros, y su distribuci\u00f3n federal.<\/p>\n<p>\u201cSabemos que contamos con extraordinarios generadores de contenidos de alta calidad y queremos que tengan la oportunidad de reactivar esta industria\u201d, se\u00f1al\u00f3 el funcionario.<\/p>\n<p>En tanto, el ministro de Cultura, Trist\u00e1n Bauer, celebr\u00f3 la puesta en marcha de la convocatoria y destac\u00f3 el rol de la industria audiovisual en la producci\u00f3n de sentido que \u201cnos define y representa\u201d.<\/p>\n<p>\u201cLa cultura tiene un rol fundamental y clave\u201d, se\u00f1al\u00f3 Bauer, y agreg\u00f3: \u201cEstamos en un momento bisagra, vamos a ir dejando atr\u00e1s los programas de asistencia, para ir hacia el desarrollo de la producci\u00f3n y el trabajo. Tenemos esperanza en el tiempo de reconstrucci\u00f3n que se avecina y desde la cultura seremos protagonistas de este nuevo tiempo\u201d.<\/p>\n<p>En total, informaron ambos organismos, ser\u00e1n seleccionadas 82 producciones originales para su financiamiento, de acuerdo a un criterio plural y federal. Podr\u00e1n participar tanto personas humanas como jur\u00eddicas.<\/p>\n<p>Conforme a la informaci\u00f3n oficial, los 82 proyectos ganadores ser\u00e1n seleccionados a partir de tres l\u00edneas de concursos:<\/p>\n<p>&#8211; Concurso de Producci\u00f3n Provincial y Regional<\/p>\n<p>&#8211; Concurso de Producci\u00f3n Nacional<\/p>\n<p>&#8211; Concurso de Coproducci\u00f3n con canales, se\u00f1ales y plataformas<\/p>\n<p>La inscripci\u00f3n deber\u00e1 ser realizada a trav\u00e9s del Registro Federal de Cultura, al cual se accede a trav\u00e9s de la p\u00e1gina web <strong><a href=\"https:\/\/somos.cultura.gob.ar\/\" target=\"_blank\" rel=\"noopener\">https:\/\/somos.cultura.gob.ar\/<\/a><\/strong>.<\/p>\n<p>\u200bEn todos los casos la tem\u00e1tica para los ciclos es libre y amplia. Sin perjuicio de ello, Cultura y Medios y Comunicaci\u00f3n P\u00fablica recomienda la realizaci\u00f3n de contenidos vinculados con la cultura, la sociedad, la historia, el desarrollo local, la ciencia, la comunicaci\u00f3n, la producci\u00f3n, la tecnolog\u00eda, la investigaci\u00f3n, la educaci\u00f3n y la salud entre otras tem\u00e1ticas que permitan difundir y mostrar de manera in\u00e9dita y original las distintas y valiosas expresiones de cada regi\u00f3n del pa\u00eds.<\/p>\n<p>A continuaci\u00f3n, el descriptivo de cada categor\u00eda:<\/p>\n<p><strong>Concurso de PRODUCCIONES PROVINCIALES O REGIONALES<\/strong><\/p>\n<p>Ser\u00e1n elegidos un total de 42 proyectos<\/p>\n<p><strong>Categor\u00eda DOCUMENTAL UNITARIO<\/strong><\/p>\n<p>24 proyectos a seleccionar (1 por provincia)<\/p>\n<p>48 minutos de duraci\u00f3n<\/p>\n<p>Se financia hasta $5.000.000 por proyecto<\/p>\n<p><strong>Categor\u00eda SERIE DOCUMENTAL<\/strong><\/p>\n<p>6 proyectos a seleccionar (1 por regi\u00f3n)<\/p>\n<p>4 cap\u00edtulos de 26 minutos de duraci\u00f3n c\/u<\/p>\n<p>Se financia hasta $12.400.000 por proyecto<\/p>\n<p><strong>Categor\u00eda SERIE DE ANIMACI\u00d3N<\/strong><\/p>\n<p>6 proyectos a seleccionar (1 por regi\u00f3n)<\/p>\n<p>10 cap\u00edtulos de 13 minutos de duraci\u00f3n c\/u<\/p>\n<p>Se financia hasta $25.100.000 por proyecto.<\/p>\n<p><strong>Categor\u00eda SERIE DE FICCI\u00d3N<\/strong><\/p>\n<p>6 proyectos a seleccionar (1 por regi\u00f3n)<\/p>\n<p>6 cap\u00edtulos de 48 minutos de duraci\u00f3n c\/u<\/p>\n<p>Se financia hasta $66.600.000 por proyecto<\/p>\n<p>Este concurso se implementa a trav\u00e9s de una distribuci\u00f3n equitativa e igualitaria en las siguientes seis (6) regiones:<\/p>\n<p><strong>CENTRO METROPOLITANA:<\/strong> Ciudad Aut\u00f3noma de Buenos Aires y los siguientes partidos de la provincia de Buenos: Almirante Brown, Avellaneda, Berazategui, Berisso, Brandsen, Campana, Ca\u00f1uelas, Ensenada, Escobar, Esteban Echeverr\u00eda, Exaltaci\u00f3n de la Cruz, Ezeiza, Florencio Varela, General Las Heras, General Rodr\u00edguez, General San Mart\u00edn, Hurlingham, Ituzaing\u00f3, Jos\u00e9 C. Paz, La Matanza, La Plata, Lan\u00fas, Lobos, Luj\u00e1n, Lomas de Zamora, Malvinas Argentinas; Marcos Paz, Mercedes, Merlo, Moreno, Mor\u00f3n, Navarro, Pilar, Presidente Per\u00f3n, Quilmes, San Fernando, San Isidro, San Miguel, San Vicente, Tigre, Tres de Febrero, Vicente L\u00f3pez y Z\u00e1rate.<\/p>\n<p>CENTRO NORTE: provincias de C\u00f3rdoba y Santa Fe y partidos de la provincia de Buenos Aires no contemplados en la regi\u00f3n CENTRO METROPOLITANA.<\/p>\n<p><strong>CUYO:<\/strong> provincias de Mendoza, San Juan y San Luis.<\/p>\n<p><strong>NEA: <\/strong>provincias de Chaco, Corrientes, Entre R\u00edos, Formosa y Misiones.<\/p>\n<p><strong>NOA:<\/strong> provincias de Catamarca, Jujuy, La Rioja, Salta, Santiago del Estero y Tucum\u00e1n.<\/p>\n<p><strong>PATAGONIA:<\/strong> provincias de Chubut, La Pampa, Neuqu\u00e9n, Rio Negro, Santa Cruz y Tierra del Fuego.<\/p>\n<p>Los derechos nacionales de emisi\u00f3n exclusivos corresponder\u00e1n \u00edntegramente al Estado Nacional, representado por el Ministerio de Cultura y Contenidos P\u00fablicos SE. Los derechos de comercializaci\u00f3n internacional ser\u00e1n compartidos por el ganador y el Estado Nacional en un 50%.<\/p>\n<p><strong>Concurso de PRODUCCIONES NACIONALES<\/strong><\/p>\n<p>Ser\u00e1n elegidos un total de 15 proyectos nacionales sin distinci\u00f3n de zona geogr\u00e1fica.<\/p>\n<p><strong>Categor\u00eda SERIE DE ANIMACI\u00d3N<\/strong><\/p>\n<p>4 proyectos a seleccionar<\/p>\n<p>10 cap\u00edtulos de 13 minutos de duraci\u00f3n c\/u<\/p>\n<p>Se financia hasta $25.100.000 por proyecto<\/p>\n<p><strong>Categor\u00eda SERIE DE FICCI\u00d3N HIST\u00d3RICA<\/strong><\/p>\n<p>5 proyectos a seleccionar<\/p>\n<p>8 cap\u00edtulos de 26 minutos de duraci\u00f3n c\/u<\/p>\n<p>Se financia hasta $88.500.000 por proyecto<\/p>\n<p><strong>Categor\u00eda SERIE DOCUMENTAL<\/strong><\/p>\n<p>6 proyectos a seleccionar<\/p>\n<p>8 cap\u00edtulos de 26 minutos de duraci\u00f3n c\/u<\/p>\n<p>Se financia hasta $24.800.000 por proyecto<\/p>\n<p>Los derechos nacionales de emisi\u00f3n exclusivos corresponder\u00e1n \u00edntegramente al Estado Nacional, representado por el Ministerio de Cultura y Contenidos P\u00fablicos SE. Los derechos de comercializaci\u00f3n internacional ser\u00e1n compartidos por el ganador y el Estado Nacional en un 50%.<\/p>\n<p>Concurso de COPRODUCCIONES NACIONALES<\/p>\n<p>Ser\u00e1n elegidos un total de 25 proyectos nacionales sin distinci\u00f3n de zona geogr\u00e1fica.<\/p>\n<p>Categor\u00eda SERIE DE ANIMACI\u00d3N<\/p>\n<p>3 proyectos a seleccionar<\/p>\n<p>10 cap\u00edtulos de 13 minutos de duraci\u00f3n c\/u<\/p>\n<p>Se financia hasta $18.850.000 por proyecto<\/p>\n<p><strong>Categor\u00eda SERIE DE FICCI\u00d3N<\/strong><\/p>\n<p>6 proyectos a seleccionar<\/p>\n<p>4 cap\u00edtulos de 48 minutos de duraci\u00f3n c\/u<\/p>\n<p>Se financia hasta $33.300.000 por proyecto<\/p>\n<p><strong>Categor\u00eda SERIE DE FICCI\u00d3N<\/strong><\/p>\n<p>8 proyectos a seleccionar<\/p>\n<p>8 cap\u00edtulos de 48 minutos de duraci\u00f3n c\/u<\/p>\n<p>Se financia hasta $66.600.000 por proyecto<\/p>\n<p><strong>Categor\u00eda SERIE DOCUMENTAL<\/strong><\/p>\n<p>8 proyectos a seleccionar<\/p>\n<p>4 cap\u00edtulos de 48 minutos de duraci\u00f3n c\/u<\/p>\n<p>Se financia hasta $18.600.000 por proyecto<\/p>\n<p>En su condici\u00f3n de coproductores, los ganadores deber\u00e1n asumir los costos del desarrollo del proyecto, director, productor general, guionista y beneficios de la productora. El proyecto ganador ser\u00e1 emitido en la pantalla de coproducci\u00f3n de manera exclusiva durante un primer per\u00edodo. Los derechos de comercializaci\u00f3n internacional ser\u00e1n compartidos por el ganador y el Estado Nacional en un 50%. <\/p>\n","protected":false},"excerpt":{"rendered":"<p>El plazo para participar de Renacer Audiovisual es hasta el 18 de octubre. Foto: Prensa Jefatura Gabinete Ministros El Ministerio de Cultura de la Naci\u00f3n y la Secretar\u00eda de Medios y Comunicaci\u00f3n P\u00fablica anunciaron el lanzamiento de Renacer Audiovisual, un programa con una inversi\u00f3n proyectada en m\u00e1s de $2.400 millones cuyos objetivos son reactivar la [&hellip;]<\/p>\n","protected":false},"author":1,"featured_media":16392,"comment_status":"closed","ping_status":"closed","sticky":false,"template":"","format":"standard","meta":[],"categories":[20],"tags":[],"_links":{"self":[{"href":"http:\/\/cordobadirecto.com\/index.php\/wp-json\/wp\/v2\/posts\/16391"}],"collection":[{"href":"http:\/\/cordobadirecto.com\/index.php\/wp-json\/wp\/v2\/posts"}],"about":[{"href":"http:\/\/cordobadirecto.com\/index.php\/wp-json\/wp\/v2\/types\/post"}],"author":[{"embeddable":true,"href":"http:\/\/cordobadirecto.com\/index.php\/wp-json\/wp\/v2\/users\/1"}],"replies":[{"embeddable":true,"href":"http:\/\/cordobadirecto.com\/index.php\/wp-json\/wp\/v2\/comments?post=16391"}],"version-history":[{"count":0,"href":"http:\/\/cordobadirecto.com\/index.php\/wp-json\/wp\/v2\/posts\/16391\/revisions"}],"wp:featuredmedia":[{"embeddable":true,"href":"http:\/\/cordobadirecto.com\/index.php\/wp-json\/wp\/v2\/media\/16392"}],"wp:attachment":[{"href":"http:\/\/cordobadirecto.com\/index.php\/wp-json\/wp\/v2\/media?parent=16391"}],"wp:term":[{"taxonomy":"category","embeddable":true,"href":"http:\/\/cordobadirecto.com\/index.php\/wp-json\/wp\/v2\/categories?post=16391"},{"taxonomy":"post_tag","embeddable":true,"href":"http:\/\/cordobadirecto.com\/index.php\/wp-json\/wp\/v2\/tags?post=16391"}],"curies":[{"name":"wp","href":"https:\/\/api.w.org\/{rel}","templated":true}]}}