{"id":163927,"date":"2025-03-27T20:24:08","date_gmt":"2025-03-27T20:24:08","guid":{"rendered":"https:\/\/www.ole.com.ar\/autos\/like-verstappen-mensaje-instagram-lawson-giedo-van-der-garde_0_2dib811DAm.html"},"modified":"2025-03-27T20:24:08","modified_gmt":"2025-03-27T20:24:08","slug":"el-sugestivo-like-de-verstappen-y-otros-pilotos-a-un-mensaje-en-apoyo-a-liam-lawson-tras-ser-bajado-de-red-bull","status":"publish","type":"post","link":"http:\/\/cordobadirecto.com\/index.php\/2025\/03\/27\/el-sugestivo-like-de-verstappen-y-otros-pilotos-a-un-mensaje-en-apoyo-a-liam-lawson-tras-ser-bajado-de-red-bull\/","title":{"rendered":"El sugestivo like de Verstappen y otros pilotos a un mensaje en apoyo a Liam Lawson tras ser bajado de Red Bull"},"content":{"rendered":"<p><time class=\"createDate\" datetime=\"2025-03-27T17:24:08-03:00\">27\/03\/2025 17:24hs.<\/time><\/p>\n<div id=\"storyBody\">\n<div class=\"custom-text \" readability=\"38.152173913043\">\n<p>Giedo van der Garde no es uno de los pilotos m\u00e1s reconocidos que pas\u00f3 por la <strong><a href=\"https:\/\/www.ole.com.ar\/tema\/formula-1.html\" title=\"F\u00f3rmula 1\" alt=\"F\u00f3rmula 1\" class=\"slug\">F\u00f3rmula 1<\/a><\/strong>, pero su mensaje efectivamente cal\u00f3 hondo, al menos, en cuatro de los conductores actuales, que le dieron like a un mensaje de quien corriera para Caterham en 2013 y fuera reserva de Sauber al a\u00f1o siguiente. El neerland\u00e9s de 39 a\u00f1os apunto contra la salida de <strong>Liam Lawson<\/strong> de Red Bull en apenas dos carreras y le dese\u00f3 que pudiera demostrar &#8220;que est\u00e1n equivocados&#8221;.<\/p>\n<\/div>\n<div class=\"custom-text \" readability=\"38\">\n<p>Nada menos que <strong>Max Verstappen<\/strong>n dedic\u00f3 uno de los &#8220;me gusta&#8221;, junto con <strong>Oscar Piastri, Pierre Gasly y Nico Hulkenberg<\/strong>. Tambi\u00e9n el expiloto junior de Red Bull, Richard Verschoor, quien actualmente compite en F\u00f3rmula 2.<\/p>\n<\/div>\n<p><h2>Las frases de Van der Garde, el ex F1 en apoyo a Lawson<\/h2>\n<\/p>\n<div class=\"custom-text \" readability=\"35\">\n<p>&#8220;Me estoy cansando un poco de todos los comentarios de que la F1 es el deporte m\u00e1s duro en t\u00e9rminos de rendimiento y cuando no das lo suficiente tienes que afrontar las consecuencias&#8221;, escribi\u00f3 Van der Garde en Instagram.<\/p>\n<\/div>\n<div class=\"sc-e7b891c4-0 ifHnQL image-embed\"><img alt=\"El posteo con el like de Verstappen.\" loading=\"lazy\" width=\"720\" height=\"100\" decoding=\"async\" data-nimg=\"1\" src=\"http:\/\/cordobadirecto.com\/wp-content\/uploads\/2025\/03\/el-sugestivo-like-de-verstappen-y-otros-pilotos-a-un-mensaje-en-apoyo-a-liam-lawson-tras-ser-bajado-de-red-bull.jpg\"><span class=\"epigraphe\">El posteo con el like de Verstappen.<\/span><\/div>\n<div class=\"custom-text \" readability=\"37\">\n<p>El europeo agreg\u00f3: &#8220;S\u00ed, tienes que rendir. S\u00ed, la presi\u00f3n es una locura. Pero, en mi opini\u00f3n, esto se acerca m\u00e1s al acoso o a una acci\u00f3n de p\u00e1nico que a los grandes logros de un atleta&#8221;.<\/p>\n<\/div>\n<div class=\"custom-text \" readability=\"37\">\n<p>Lawson lleg\u00f3 a Red Bull en un anuncio que hizo el a\u00f1o pasado mientras era piloto de Racing Bulls. El neozeland\u00e9s reemplaz\u00f3 a Sergio P\u00e9rez, quien directamente desapareci\u00f3 de la parrilla. El kiwi bajar\u00e1 a la escuder\u00eda que defendi\u00f3 en las \u00faltimas carreras del 2024, <strong>cuando reemplaz\u00f3 a Daniel Ricciardo. A Lawson lo sustituye Yuki Tsunoda en Red Bull<\/strong>.<\/p>\n<\/div>\n<div class=\"sc-e7b891c4-0 ifHnQL image-embed\"><img alt=\"Van der Garde y Verstappen.\" loading=\"lazy\" width=\"720\" height=\"100\" decoding=\"async\" data-nimg=\"1\" src=\"http:\/\/cordobadirecto.com\/wp-content\/uploads\/2025\/03\/el-sugestivo-like-de-verstappen-y-otros-pilotos-a-un-mensaje-en-apoyo-a-liam-lawson-tras-ser-bajado-de-red-bull-1.jpg\"><span class=\"epigraphe\">Van der Garde y Verstappen.<\/span><\/div>\n<div class=\"custom-text \" readability=\"41\">\n<p>\u201cTomaron una decisi\u00f3n, plenamente conscientes, de darle a Liam dos carreras solo para aplastar su esp\u00edritu\u201d, continu\u00f3 van der Garde.&#8221;No olviden la dedicaci\u00f3n, el trabajo duro y el \u00e9xito que Liam ha invertido en su carrera hasta ahora para alcanzar el nivel donde est\u00e1. <strong>Recuerdo mi propia sangre, sudor y l\u00e1grimas, y eso fue para llegar a la F1<\/strong>. Y ni hablar de manejar para un equipo de primer nivel&#8221;.<\/p>\n<\/div>\n<div class=\"custom-text \" readability=\"39\">\n<p>El piloto reconoci\u00f3 sobre Lawson: &#8220;S\u00ed, rindi\u00f3 por debajo de lo esperado en las dos primeras carreras, pero si alguien lo sabe, es \u00e9l mismo. <strong>Quiz\u00e1s lo haya sugerido \u00e9l mismo, pero si no, le deseo a Liam toda la fuerza y \u200b\u200bel coraje<\/strong> para llegar a la parrilla en Jap\u00f3n&#8221;.<\/p>\n<\/div>\n<div class=\"custom-text \" readability=\"34\">\n<p>Van der Garde finaliz\u00f3 su publicaci\u00f3n instando a Lawson a &#8220;confiar en s\u00ed mismo, levantar la cabeza y demostrarles que est\u00e1n equivocados&#8221;.<\/p>\n<\/div>\n<div class=\"sc-a7166897-0 eoLsBE\" readability=\"6\">\n<section readability=\"2\"><picture><img alt=\"C\u00f3mo fue el ascenso y qu\u00e9 hizo de Yuki Tsunoda para llegar al Red Bull\" loading=\"lazy\" width=\"290\" height=\"290\" decoding=\"async\" data-nimg=\"1\" src=\"http:\/\/cordobadirecto.com\/wp-content\/uploads\/2025\/03\/el-sugestivo-like-de-verstappen-y-otros-pilotos-a-un-mensaje-en-apoyo-a-liam-lawson-tras-ser-bajado-de-red-bull-2.jpg\"><\/picture>\n<p><span>Mir\u00e1 tambi\u00e9n<\/span><\/p>\n<hr>\n<h3>C\u00f3mo fue el ascenso y qu\u00e9 hizo de Yuki Tsunoda para llegar al Red Bull<\/h3>\n<\/p>\n<\/section>\n<\/div>\n<div class=\"sc-a7166897-0 eoLsBE\" readability=\"6\">\n<section readability=\"2\"><picture><img alt=\"Informe: los cinco compa\u00f1eros que se devor\u00f3 Max Verstappen en la F\u00f3rmula 1\" loading=\"lazy\" width=\"290\" height=\"290\" decoding=\"async\" data-nimg=\"1\" src=\"http:\/\/cordobadirecto.com\/wp-content\/uploads\/2025\/03\/el-sugestivo-like-de-verstappen-y-otros-pilotos-a-un-mensaje-en-apoyo-a-liam-lawson-tras-ser-bajado-de-red-bull-3.jpg\"><\/picture>\n<p><span>Mir\u00e1 tambi\u00e9n<\/span><\/p>\n<hr>\n<h3>Informe: los cinco compa\u00f1eros que se devor\u00f3 Max Verstappen en la F\u00f3rmula 1<\/h3>\n<\/p>\n<\/section>\n<\/div>\n<div class=\"sc-a7166897-0 eoLsBE\" readability=\"6\">\n<section readability=\"2\"><picture><img alt=\"La apuesta fuerte de Alpine con Franco Colapinto\" loading=\"lazy\" width=\"290\" height=\"290\" decoding=\"async\" data-nimg=\"1\" src=\"http:\/\/cordobadirecto.com\/wp-content\/uploads\/2025\/03\/el-sugestivo-like-de-verstappen-y-otros-pilotos-a-un-mensaje-en-apoyo-a-liam-lawson-tras-ser-bajado-de-red-bull-4.jpg\"><\/picture>\n<p><span>Mir\u00e1 tambi\u00e9n<\/span><\/p>\n<hr>\n<h3>La apuesta fuerte de Alpine con Franco Colapinto<\/h3>\n<\/p>\n<\/section>\n<\/div>\n<\/div>\n","protected":false},"excerpt":{"rendered":"<p>27\/03\/2025 17:24hs. Giedo van der Garde no es uno de los pilotos m\u00e1s reconocidos que pas\u00f3 por la F\u00f3rmula 1, pero su mensaje efectivamente cal\u00f3 hondo, al menos, en cuatro de los conductores actuales, que le dieron like a un mensaje de quien corriera para Caterham en 2013 y fuera reserva de Sauber al a\u00f1o [&hellip;]<\/p>\n","protected":false},"author":1,"featured_media":163928,"comment_status":"closed","ping_status":"closed","sticky":false,"template":"","format":"standard","meta":[],"categories":[21],"tags":[],"_links":{"self":[{"href":"http:\/\/cordobadirecto.com\/index.php\/wp-json\/wp\/v2\/posts\/163927"}],"collection":[{"href":"http:\/\/cordobadirecto.com\/index.php\/wp-json\/wp\/v2\/posts"}],"about":[{"href":"http:\/\/cordobadirecto.com\/index.php\/wp-json\/wp\/v2\/types\/post"}],"author":[{"embeddable":true,"href":"http:\/\/cordobadirecto.com\/index.php\/wp-json\/wp\/v2\/users\/1"}],"replies":[{"embeddable":true,"href":"http:\/\/cordobadirecto.com\/index.php\/wp-json\/wp\/v2\/comments?post=163927"}],"version-history":[{"count":0,"href":"http:\/\/cordobadirecto.com\/index.php\/wp-json\/wp\/v2\/posts\/163927\/revisions"}],"wp:featuredmedia":[{"embeddable":true,"href":"http:\/\/cordobadirecto.com\/index.php\/wp-json\/wp\/v2\/media\/163928"}],"wp:attachment":[{"href":"http:\/\/cordobadirecto.com\/index.php\/wp-json\/wp\/v2\/media?parent=163927"}],"wp:term":[{"taxonomy":"category","embeddable":true,"href":"http:\/\/cordobadirecto.com\/index.php\/wp-json\/wp\/v2\/categories?post=163927"},{"taxonomy":"post_tag","embeddable":true,"href":"http:\/\/cordobadirecto.com\/index.php\/wp-json\/wp\/v2\/tags?post=163927"}],"curies":[{"name":"wp","href":"https:\/\/api.w.org\/{rel}","templated":true}]}}