{"id":163941,"date":"2025-03-28T21:50:30","date_gmt":"2025-03-28T21:50:30","guid":{"rendered":"https:\/\/puntoapunto.com.ar\/?p=371502"},"modified":"2025-03-28T21:50:30","modified_gmt":"2025-03-28T21:50:30","slug":"macri-en-la-bolsa-la-falta-de-apego-a-lo-institucional-esta-afectando-el-plan-economico","status":"publish","type":"post","link":"http:\/\/cordobadirecto.com\/index.php\/2025\/03\/28\/macri-en-la-bolsa-la-falta-de-apego-a-lo-institucional-esta-afectando-el-plan-economico\/","title":{"rendered":"Macri en la Bolsa: \u00abla falta de apego a lo institucional est\u00e1 afectando el plan econ\u00f3mico\u00bb"},"content":{"rendered":"<p data-pm-slice=\"1 1 []\">En la <a href=\"https:\/\/www.bolsacba.com.ar\/\">Bolsa de Comercio de C\u00f3rdoba<\/a>, el expresident<strong>e Mauricio Macri<\/strong> reafirm\u00f3 su <strong>apoyo al gobierno de Javier Milei y destac\u00f3 el rol del PRO en la consolidaci\u00f3n del cambio en Argentina. \u00ab<\/strong>La mejor manera de apoya a Milei en esta elecci\u00f3n legislativa es votando al PRO\u00bb, asegur\u00f3.<\/p>\n<div class=\"g g-36\">\n<div class=\"g-dyn a-144 c-1\"><a class=\"gofollow\" data-track=\"MTQ0LDM2LDEsNjA=\" href=\"https:\/\/www.cba.gov.ar\/dengue\/\" target=\"_blank\" rel=\"noopener\"><img src=\"http:\/\/cordobadirecto.com\/wp-content\/uploads\/2025\/03\/macri-en-la-bolsa-la-falta-de-apego-a-lo-institucional-esta-afectando-el-plan-economico.gif\" loading=\"lazy\"><\/a><\/div>\n<\/div>\n<p>El l\u00edder del PRO sostuvo que, pese a los cambios en el escenario pol\u00edtico, la vocaci\u00f3n de transformaci\u00f3n de los argentinos sigue intacta. \u00abEl PRO fue el primero en hablar de cambio hace 20 a\u00f1os y lo llev\u00f3 adelante en todas las ciudades donde gobern\u00f3. Lamentablemente, ese proceso se interrumpi\u00f3 en 2019, cuando ya hab\u00edamos logrado avances significativos\u00bb, afirm\u00f3.\n<\/p>\n<p>En su discurso, Macri enfatiz\u00f3 el papel de su partido en el Congreso para garantizar la gobernabilidad de Milei. \u00abEl PRO trabaj\u00f3 para que el cambio llegara al poder y sigue colaborando para que todas las herramientas que el gobierno necesita sean aprobadas en el Congreso, donde enfrenta una enorme minor\u00eda\u00bb.\n<\/p>\n<p>El exmandatario destac\u00f3 que su espacio ha sido clave para evitar crisis econ\u00f3micas de gran magnitud. \u00abYa son cinco veces que<strong> el PRO ayud\u00f3 a evitar un colapso financiero en Argentina: con la aprobaci\u00f3n de la Ley Bases, sosteniendo el DNU, respaldando dos vetos presidenciales y, hace pocos d\u00edas, permitiendo que se apruebe el DNU necesario para negociar con el <a href=\"https:\/\/puntoapunto.com.ar\/caputo-confirmo-que-el-acuerdo-con-el-fmi-sera-por-us-20-000-millones\/\">FMI<\/a><\/strong>\u00ab.\n<\/p>\n<p><img decoding=\"async\" class=\"aligncenter size-full wp-image-371519\" src=\"http:\/\/cordobadirecto.com\/wp-content\/uploads\/2025\/03\/macri-en-la-bolsa-la-falta-de-apego-a-lo-institucional-esta-afectando-el-plan-economico.jpg\" alt width=\"1080\" height=\"847\" srcset=\"http:\/\/cordobadirecto.com\/wp-content\/uploads\/2025\/03\/macri-en-la-bolsa-la-falta-de-apego-a-lo-institucional-esta-afectando-el-plan-economico.jpg 1080w, http:\/\/cordobadirecto.com\/wp-content\/uploads\/2025\/03\/macri-en-la-bolsa-la-falta-de-apego-a-lo-institucional-esta-afectando-el-plan-economico-2.jpg 300w, http:\/\/cordobadirecto.com\/wp-content\/uploads\/2025\/03\/macri-en-la-bolsa-la-falta-de-apego-a-lo-institucional-esta-afectando-el-plan-economico-3.jpg 1024w, http:\/\/cordobadirecto.com\/wp-content\/uploads\/2025\/03\/macri-en-la-bolsa-la-falta-de-apego-a-lo-institucional-esta-afectando-el-plan-economico-4.jpg 768w, http:\/\/cordobadirecto.com\/wp-content\/uploads\/2025\/03\/macri-en-la-bolsa-la-falta-de-apego-a-lo-institucional-esta-afectando-el-plan-economico-5.jpg 750w\" sizes=\"(max-width: 1080px) 100vw, 1080px\" loading=\"lazy\"><!-- \u00a1O bien no hay banners, estan desactivados o no estan programados para esta ubicaci\u00f3n! -->\n<\/p>\n<p>Asimismo, cuestion\u00f3 el comportamiento de algunos legisladores opositores durante las sesiones parlamentarias. \u00abMientras algunos diputados se tiraban agua, usaban meg\u00e1fonos o se agarraban a pi\u00f1as, los representantes del PRO se ocuparon de ser los adultos en la sala\u00bb, se\u00f1al\u00f3.<\/p>\n<p>Macri reafirm\u00f3 su compromiso con la estabilidad del gobierno libertario. \u00ab<strong>Vamos a seguir sosteniendo el cambio y no vamos a permitir ninguna desestabilizaci\u00f3n. Nadie va a llevarse puesto al gobierno del presidente Milei<\/strong>\u00ab, concluy\u00f3.\n<\/p>\n<p class=\"com-paragraph --s\">Luego de expresar que lo que no cambi\u00f3 en los \u00faltimos seis meses fue \u201cla vocaci\u00f3n de cambio de los argentinos\u201d, Macri sostuvo: \u201cLo que s\u00ed cambio, al menos para m\u00ed y lo escucho, es la falta de apego a lo institucional y comienza a afectar al plan econ\u00f3mico.&nbsp;<strong>El plan no es un hecho aislado, sobre todo cuando uno piensa en lo que est\u00e1 buscando, que es recuperar la confianza,&nbsp;<\/strong>porque si hay confianza, la gente dice \u2018pongo mi plata\u2019 y se mueve la econom\u00eda\u201d.\n<\/p>\n<p><iframe loading=\"lazy\" id=\"_ytid_70865\" width=\"480\" height=\"270\" data-origwidth=\"480\" data-origheight=\"270\" src=\"https:\/\/www.youtube.com\/embed\/G_VtqjAKdKI?enablejsapi=1&amp;autoplay=0&amp;cc_load_policy=0&amp;cc_lang_pref=&amp;iv_load_policy=1&amp;loop=0&amp;modestbranding=0&amp;rel=0&amp;fs=1&amp;playsinline=0&amp;autohide=2&amp;theme=dark&amp;color=red&amp;controls=1&amp;\" class=\"__youtube_prefs__ epyt-is-override no-lazyload\" title=\"YouTube player\" allow=\"fullscreen; accelerometer; autoplay; clipboard-write; encrypted-media; gyroscope; picture-in-picture\" allowfullscreen data-no-lazy=\"1\" data-skipgform_ajax_framebjll>[embedded content]<\/iframe>\n<\/p>\n<div class=\"ln-banner-container --middle_1_dsk\">\n<div class=\"AV6201684596d6851f9c661ec4\">\n<div id=\"aniBox\">\n<div id=\"aniplayer_AV6201684596d6851f9c661ec4-1743181851417\">\n<div id=\"aniplayer_AV6201684596d6851f9c661ec4-1743181851417gui\" readability=\"20\">\n<div id=\"av-caption\" readability=\"15\">\n<p>El extitular del Ejecutivo agreg\u00f3: \u201cEsa confianza no la genera un presidente iluminado, sino un conjunto de gente que respalde estas ideas, y ese conjunto de gente est\u00e1 en las instituciones. Cada organismo del Estado tiene que predicar lo mismo, competencia, trasparencia y meritocracia.<strong>&nbsp;Empez\u00e1s a destratar la institucionalidad, empieza a perderse ese bien a alcanzar y lo que logr\u00e1s de a poco lo perd\u00e9s en un segundo\u201d.<\/strong><\/p>\n<\/div>\n<div readability=\"32.5\">\n<p data-pm-slice=\"1 1 []\">Macri tambi\u00e9n hizo una reflexi\u00f3n sobre el estilo de gobierno de Milei y sus desaf\u00edos en el poder. \u00abCuando me habl\u00f3 de su proyecto de pa\u00eds, me entusiasm\u00f3. Pero al trasladarlo a su \u2018tri\u00e1ngulo de hierro\u2019 y el entorno que lo rodea, se transform\u00f3 en un proyecto de poder donde se busca controlar todos los resortes del Estado.<strong> Es un proceso que te a\u00edsla, te hace escuchar menos y te vuelve m\u00e1s intolerante a la cr\u00edtica. Eso es lo que le ha sucedido a este gobierno en estos meses<\/strong>\u00ab, analiz\u00f3 el expresidente.\n<\/p>\n<div id=\"element-body-10\" class=\"sc-80531b6b-0 chRIGJ container-text text-embed\" readability=\"74\">\n<p>\u00abYo le dije al Presidente que \u00e9l no delega, \u00e9l se desendiente de demasiadas cosas y no est\u00e1 bien desentenderse. Una cosa es tener equipo y delegar y otra cosa es desentenderse. \u00c9l no puede estar pronunciado su vocaci\u00f3n por trabajar en conjunto con el PRO y haber logrado cero porque la hermana, que llama el jefe, dice que no\u00bb, destac\u00f3 el expresidente. \u00abEl Presiente me propuso aquella famosa fusi\u00f3n. Hasta ahora el trabajar juntos nunca existi\u00f3, <strong>solo fue rescatarlos para que no se vayan al abismo y el plan se vaya al demonio<\/strong>\u00ab, remarc\u00f3 Macri.\n<\/p>\n<p><img loading=\"lazy\" decoding=\"async\" class=\"aligncenter size-full wp-image-371520\" src=\"http:\/\/cordobadirecto.com\/wp-content\/uploads\/2025\/03\/macri-en-la-bolsa-la-falta-de-apego-a-lo-institucional-esta-afectando-el-plan-economico-1.jpg\" alt width=\"1080\" height=\"790\" srcset=\"http:\/\/cordobadirecto.com\/wp-content\/uploads\/2025\/03\/macri-en-la-bolsa-la-falta-de-apego-a-lo-institucional-esta-afectando-el-plan-economico-1.jpg 1080w, http:\/\/cordobadirecto.com\/wp-content\/uploads\/2025\/03\/macri-en-la-bolsa-la-falta-de-apego-a-lo-institucional-esta-afectando-el-plan-economico-6.jpg 300w, http:\/\/cordobadirecto.com\/wp-content\/uploads\/2025\/03\/macri-en-la-bolsa-la-falta-de-apego-a-lo-institucional-esta-afectando-el-plan-economico-7.jpg 1024w, http:\/\/cordobadirecto.com\/wp-content\/uploads\/2025\/03\/macri-en-la-bolsa-la-falta-de-apego-a-lo-institucional-esta-afectando-el-plan-economico-8.jpg 768w, http:\/\/cordobadirecto.com\/wp-content\/uploads\/2025\/03\/macri-en-la-bolsa-la-falta-de-apego-a-lo-institucional-esta-afectando-el-plan-economico-9.jpg 750w\" sizes=\"auto, (max-width: 1080px) 100vw, 1080px\">\n<\/p>\n<div id=\"element-body-13\" class=\"sc-80531b6b-0 chRIGJ container-text text-embed\" readability=\"63\">\n<p>Tambi\u00e9n habl\u00f3 del cierre de listas en la Ciudad, donde el PRO y los libertarios van por separado. \u00abHasta ahora siete distritos se cerraron y en el s\u00e9ptimo el PRO no ha ido con LLA y por decisi\u00f3n de LLA. Ahora el todo o nada se redujo por ahora a la Provincia de Buenos Aires, pero no empez\u00f3 ninguna conversaci\u00f3n, qued\u00f3 como foto\u00bb.\n<\/p>\n<\/div>\n<p>Macri manifest\u00f3 que \u00abno es su idea\u00bb su candidato: \u00abprefiero ayudar a que otros tomen la posta\u00bb. <strong>Sobre su futro en la politica, dijo que el foco est\u00e1 en \u00abayudar a formar a nuevos dirigentes\u00bb.<\/strong><\/p>\n<\/div>\n<p data-pm-slice=\"1 1 []\">En otro tramo de su discurso, Macri critic\u00f3 la alta carga impositiva en Argentina y su impacto en la competitividad. \u00ab<strong>En el ranking mundial de impuestos, estamos entre los pa\u00edses con mayor presi\u00f3n fiscal. Hay potencial para competir, creo en el empresariado argentino, pero es fundamental liberarles las manos, reducir impuestos y disminuir la litigiosidad laboral\u00bb, sostuvo.<\/strong>\n<\/p>\n<\/div>\n<\/div>\n<\/div>\n<\/div>\n<\/div>\n<\/div>\n<div class=\"g g-38\">\n<div class=\"g-dyn a-12 c-1\"><a class=\"gofollow\" data-track=\"MTIsMzgsMSw2MA==\" href=\"https:\/\/hospitalprivado.com.ar\/blog\/institucional\/somos-la-primera-institucion-del-interior-del-pais-en-acreditar-joint-commission-international.html\" target=\"_blank\" rel=\"noopener\"><img src=\"http:\/\/cordobadirecto.com\/wp-content\/uploads\/2025\/03\/macri-en-la-bolsa-la-falta-de-apego-a-lo-institucional-esta-afectando-el-plan-economico-1.gif\" loading=\"lazy\"><\/a><\/div>\n<\/div>\n","protected":false},"excerpt":{"rendered":"<p>En la Bolsa de Comercio de C\u00f3rdoba, el expresidente Mauricio Macri reafirm\u00f3 su apoyo al gobierno de Javier Milei y destac\u00f3 el rol del PRO en la consolidaci\u00f3n del cambio en Argentina. \u00abLa mejor manera de apoya a Milei en esta elecci\u00f3n legislativa es votando al PRO\u00bb, asegur\u00f3. El l\u00edder del PRO sostuvo que, pese [&hellip;]<\/p>\n","protected":false},"author":1,"featured_media":163942,"comment_status":"closed","ping_status":"closed","sticky":false,"template":"","format":"standard","meta":[],"categories":[25],"tags":[],"_links":{"self":[{"href":"http:\/\/cordobadirecto.com\/index.php\/wp-json\/wp\/v2\/posts\/163941"}],"collection":[{"href":"http:\/\/cordobadirecto.com\/index.php\/wp-json\/wp\/v2\/posts"}],"about":[{"href":"http:\/\/cordobadirecto.com\/index.php\/wp-json\/wp\/v2\/types\/post"}],"author":[{"embeddable":true,"href":"http:\/\/cordobadirecto.com\/index.php\/wp-json\/wp\/v2\/users\/1"}],"replies":[{"embeddable":true,"href":"http:\/\/cordobadirecto.com\/index.php\/wp-json\/wp\/v2\/comments?post=163941"}],"version-history":[{"count":0,"href":"http:\/\/cordobadirecto.com\/index.php\/wp-json\/wp\/v2\/posts\/163941\/revisions"}],"wp:featuredmedia":[{"embeddable":true,"href":"http:\/\/cordobadirecto.com\/index.php\/wp-json\/wp\/v2\/media\/163942"}],"wp:attachment":[{"href":"http:\/\/cordobadirecto.com\/index.php\/wp-json\/wp\/v2\/media?parent=163941"}],"wp:term":[{"taxonomy":"category","embeddable":true,"href":"http:\/\/cordobadirecto.com\/index.php\/wp-json\/wp\/v2\/categories?post=163941"},{"taxonomy":"post_tag","embeddable":true,"href":"http:\/\/cordobadirecto.com\/index.php\/wp-json\/wp\/v2\/tags?post=163941"}],"curies":[{"name":"wp","href":"https:\/\/api.w.org\/{rel}","templated":true}]}}