{"id":163943,"date":"2025-03-28T20:19:59","date_gmt":"2025-03-28T20:19:59","guid":{"rendered":"http:\/\/cordobadirecto.com\/index.php\/2025\/03\/28\/mauricio-macri-en-las-provincias-donde-cerraron-las-listas-fuimos-separados-de-lla-por\/"},"modified":"2025-03-28T20:19:59","modified_gmt":"2025-03-28T20:19:59","slug":"mauricio-macri-en-las-provincias-donde-cerraron-las-listas-fuimos-separados-de-lla-por","status":"publish","type":"post","link":"http:\/\/cordobadirecto.com\/index.php\/2025\/03\/28\/mauricio-macri-en-las-provincias-donde-cerraron-las-listas-fuimos-separados-de-lla-por\/","title":{"rendered":"Mauricio Macri: En las provincias donde cerraron las listas, fuimos separados de LLA por &#8230;"},"content":{"rendered":"<p>La expresidenta lanz\u00f3 una fuerte cr\u00edtica al Gobierno luego de que el ministro de <b>Econom\u00eda<\/b>, Toto Caputo, anunciara un <b>nuevo<\/b> acuerdo con el Fondo&nbsp;&#8230; <\/p>\n","protected":false},"excerpt":{"rendered":"<p>La expresidenta lanz\u00f3 una fuerte cr\u00edtica al Gobierno luego de que el ministro de Econom\u00eda, Toto Caputo, anunciara un nuevo acuerdo con el Fondo&nbsp;&#8230;<\/p>\n","protected":false},"author":1,"featured_media":0,"comment_status":"closed","ping_status":"closed","sticky":false,"template":"","format":"standard","meta":[],"categories":[40],"tags":[],"_links":{"self":[{"href":"http:\/\/cordobadirecto.com\/index.php\/wp-json\/wp\/v2\/posts\/163943"}],"collection":[{"href":"http:\/\/cordobadirecto.com\/index.php\/wp-json\/wp\/v2\/posts"}],"about":[{"href":"http:\/\/cordobadirecto.com\/index.php\/wp-json\/wp\/v2\/types\/post"}],"author":[{"embeddable":true,"href":"http:\/\/cordobadirecto.com\/index.php\/wp-json\/wp\/v2\/users\/1"}],"replies":[{"embeddable":true,"href":"http:\/\/cordobadirecto.com\/index.php\/wp-json\/wp\/v2\/comments?post=163943"}],"version-history":[{"count":0,"href":"http:\/\/cordobadirecto.com\/index.php\/wp-json\/wp\/v2\/posts\/163943\/revisions"}],"wp:attachment":[{"href":"http:\/\/cordobadirecto.com\/index.php\/wp-json\/wp\/v2\/media?parent=163943"}],"wp:term":[{"taxonomy":"category","embeddable":true,"href":"http:\/\/cordobadirecto.com\/index.php\/wp-json\/wp\/v2\/categories?post=163943"},{"taxonomy":"post_tag","embeddable":true,"href":"http:\/\/cordobadirecto.com\/index.php\/wp-json\/wp\/v2\/tags?post=163943"}],"curies":[{"name":"wp","href":"https:\/\/api.w.org\/{rel}","templated":true}]}}