{"id":16395,"date":"2021-08-31T09:36:21","date_gmt":"2021-08-31T09:36:21","guid":{"rendered":"https:\/\/es.digitaltrends.com\/?p=857184"},"modified":"2021-08-31T09:36:21","modified_gmt":"2021-08-31T09:36:21","slug":"quieres-usar-instagram-tendras-que-decirle-cuando-cumples-anos","status":"publish","type":"post","link":"http:\/\/cordobadirecto.com\/index.php\/2021\/08\/31\/quieres-usar-instagram-tendras-que-decirle-cuando-cumples-anos\/","title":{"rendered":"\u00bfQuieres usar Instagram? Tendr\u00e1s que decirle cu\u00e1ndo cumples a\u00f1os"},"content":{"rendered":"<p>Hasta ahora no era obligatorio indicar tu fecha de nacimiento para poder crear una cuenta o utilizar Instagram, pero esto acaba de cambiar. La red social anunci\u00f3 en un <a href=\"https:\/\/about.instagram.com\/blog\/announcements\/asking-people-for-their-birthdays\" target=\"_blank\" rel=\"noopener\">publicaci\u00f3n de blog<\/a> que tendr\u00e1s que indicar tu fecha de nacimiento para poder disfrutar la <em>app<\/em>.<\/p>\n<p>En las pr\u00f3ximas semanas el servicio mostrar\u00e1 una ventana emergente al abrir la plataforma. En ella se te pedir\u00e1 que indiques cu\u00e1l es la fecha de tu cumplea\u00f1os, informaci\u00f3n que seg\u00fan la red social no se har\u00e1 p\u00fablica. Podr\u00e1s declinar la petici\u00f3n de a\u00f1adir tu fecha de nacimiento, pero si rechazas varias veces el mensaje ya no podr\u00e1s usar m\u00e1s la aplicaci\u00f3n.<\/p>\n<figure class=\"aligncenter\"><img src=\"http:\/\/cordobadirecto.com\/wp-content\/uploads\/2021\/08\/quieres-usar-instagram-tendras-que-decirle-cuando-cumples-anos.gif\" data-dt-lazy-src=\"https:\/\/icdn.dtcn.com\/image\/digitaltrends_es\/cumpeanos-720x720.jpg\" onerror=\"dti_load_error(this)\" class=\" wp-image-857187 size-large dt-lazy-load dt-lazy-pending\" alt><\/figure>\n<p>\u201cEsta informaci\u00f3n es necesaria para las nuevas funciones que estamos desarrollando para proteger a los m\u00e1s j\u00f3venes\u201d, explica Pavni Diwanji, vicepresidenta que se uni\u00f3 a la firma en diciembre pasado, en un comunicado remitido por la red social a los medios. Instagram tiene planeado implementar algunas funciones <a href=\"https:\/\/es.digitaltrends.com\/tendencias\/tiktok-horarios-notificaciones-menores\/\">similares a las de TikTok<\/a> para proteger a los menores, como impedir que estos reciban mensajes privados.<\/p>\n<p>En su comunicado, la red social reconoce que algunos usuarios pueden mentir sobre su edad, motivo por el cual ya trabajan en herramientas basadas en inteligencia artificial que detecten la informaci\u00f3n falsa. Por ejemplo, pueden utilizar la edad de las personas que te felicitan en un post de cumplea\u00f1os para calcular cu\u00e1l podr\u00eda ser tu media de edad. Tambi\u00e9n podr\u00eda preguntar a otros usuarios por tu edad, aunque todas estas funciones a\u00fan se encuentran en fase temprana de desarrollo.<\/p>\n<h4 class=\"h-editors-recs-title\"> Recomendaciones del editor\t<\/h4>\n<p> <span id=\"publisher-md\" itemprop=\"publisher\" itemscope itemtype=\"https:\/\/schema.org\/Organization\"> <span itemprop=\"url\" itemtype=\"https:\/\/schema.org\/Url\" content=\"https:\/\/es.digitaltrends.com\"> <span itemprop=\"logo\" itemscope itemtype=\"https:\/\/schema.org\/ImageObject\"> <meta itemprop=\"url\" content=\"https:\/\/cdn.dtcn.com\/dt\/dt-logo-small.png\"> <meta itemprop=\"width\" content=\"0\"> <meta itemprop=\"height\" content=\"0\"> <\/span> <meta itemprop=\"name\" content=\"Digital Trends Espa\u00f1ol\"> <\/span> <span itemprop=\"image\" itemscope itemtype=\"https:\/\/schema.org\/ImageObject\"> <meta itemprop=\"url\" content=\"https:\/\/icdn.dtcn.com\/image\/digitaltrends_es\/instagram-25.jpg\"> <\/span> <\/span><\/p>\n","protected":false},"excerpt":{"rendered":"<p>Hasta ahora no era obligatorio indicar tu fecha de nacimiento para poder crear una cuenta o utilizar Instagram, pero esto acaba de cambiar. La red social anunci\u00f3 en un publicaci\u00f3n de blog que tendr\u00e1s que indicar tu fecha de nacimiento para poder disfrutar la app. En las pr\u00f3ximas semanas el servicio mostrar\u00e1 una ventana emergente [&hellip;]<\/p>\n","protected":false},"author":1,"featured_media":16396,"comment_status":"closed","ping_status":"closed","sticky":false,"template":"","format":"standard","meta":[],"categories":[26],"tags":[],"_links":{"self":[{"href":"http:\/\/cordobadirecto.com\/index.php\/wp-json\/wp\/v2\/posts\/16395"}],"collection":[{"href":"http:\/\/cordobadirecto.com\/index.php\/wp-json\/wp\/v2\/posts"}],"about":[{"href":"http:\/\/cordobadirecto.com\/index.php\/wp-json\/wp\/v2\/types\/post"}],"author":[{"embeddable":true,"href":"http:\/\/cordobadirecto.com\/index.php\/wp-json\/wp\/v2\/users\/1"}],"replies":[{"embeddable":true,"href":"http:\/\/cordobadirecto.com\/index.php\/wp-json\/wp\/v2\/comments?post=16395"}],"version-history":[{"count":0,"href":"http:\/\/cordobadirecto.com\/index.php\/wp-json\/wp\/v2\/posts\/16395\/revisions"}],"wp:featuredmedia":[{"embeddable":true,"href":"http:\/\/cordobadirecto.com\/index.php\/wp-json\/wp\/v2\/media\/16396"}],"wp:attachment":[{"href":"http:\/\/cordobadirecto.com\/index.php\/wp-json\/wp\/v2\/media?parent=16395"}],"wp:term":[{"taxonomy":"category","embeddable":true,"href":"http:\/\/cordobadirecto.com\/index.php\/wp-json\/wp\/v2\/categories?post=16395"},{"taxonomy":"post_tag","embeddable":true,"href":"http:\/\/cordobadirecto.com\/index.php\/wp-json\/wp\/v2\/tags?post=16395"}],"curies":[{"name":"wp","href":"https:\/\/api.w.org\/{rel}","templated":true}]}}