{"id":163969,"date":"2025-03-28T21:59:39","date_gmt":"2025-03-28T21:59:39","guid":{"rendered":"https:\/\/www.ole.com.ar\/autos\/turismo-carretera-tc-fecha-3-neuquen-fechas-horarios-ver-tv_0_70v9Wo0ZLS.html"},"modified":"2025-03-28T21:59:39","modified_gmt":"2025-03-28T21:59:39","slug":"tc-en-neuquen-horarios-y-donde-ver-por-tv-la-tercera-fecha-del-turismo-carretera","status":"publish","type":"post","link":"http:\/\/cordobadirecto.com\/index.php\/2025\/03\/28\/tc-en-neuquen-horarios-y-donde-ver-por-tv-la-tercera-fecha-del-turismo-carretera\/","title":{"rendered":"TC en Neuqu\u00e9n: horarios y d\u00f3nde ver por TV la tercera fecha del Turismo Carretera"},"content":{"rendered":"<p><time class=\"createDate\" datetime=\"2025-03-28T18:59:39-03:00\">28\/03\/2025 18:59hs.<\/time><\/p>\n<div id=\"storyBody\">\n<div class=\"custom-text \" readability=\"41.836257309942\">\n<p>La orquesta conformada por los rugidos de los autos del <strong><a href=\"https:\/\/www.ole.com.ar\/tema\/turismo-carretera.html\" title=\"Turismo Carretera\" alt=\"Turismo Carretera\" class=\"slug\">TC<\/a><\/strong> no se mover\u00e1 del sur nacional, pero se trasladar\u00e1 a <strong>Neuqu\u00e9n<\/strong>, donde se realizar\u00e1 la tercera carrera del campeonato. Tras las fechas en Viedma y El Calafate, el l\u00edder del campeonato es <strong>Juli\u00e1n Santero<\/strong> (Ford Mustang), campe\u00f3n defensor, quien todav\u00eda no gan\u00f3 y este domingo buscar\u00e1 la victoria que le permita so\u00f1ar con el bicampeonato (es obligatoria para coronarse a fin de a\u00f1o).<strong> Igual, a no adelantarse, que antes habr\u00e1 bastante m\u00e1s acci\u00f3n&#8230;<\/strong><\/p>\n<\/div>\n<p><h2><strong>El TC en Neuqu\u00e9n: horarios y d\u00f3nde verlo<\/strong><\/h2>\n<\/p>\n<div class=\"custom-text \" readability=\"40\">\n<p>El Turismo Carretera encender\u00e1 el asfalto del Aut\u00f3dromo Parque Provincia de Neuqu\u00e9n por 15\u00aa vez. La acci\u00f3n dar\u00e1 inicio el <strong>s\u00e1bado 29<\/strong>, cuando a las <strong>11hs <\/strong>se largue el <strong>primer entrenamiento<\/strong> y se pueda ver a trav\u00e9s de DeporTV, mientras que el <strong>segundo<\/strong> tendr\u00e1 lugar a las <strong>13.30hs<\/strong> y ser\u00e1 transmitido por MotorPlay. <strong>La clasificaci\u00f3n<\/strong>, que consta de cuatro cuartos de ocho minutos cada uno, comenzar\u00e1 a las <strong>16hs <\/strong>y de su transmisi\u00f3n se har\u00e1n cargo los medios mencionados, as\u00ed como tambi\u00e9n la <strong>TV P\u00fablica<\/strong>.<\/p>\n<\/div>\n<div class=\"custom-text \" readability=\"37\">\n<p>El <strong>domingo 30<\/strong>, las <strong>series <\/strong>del TC arracar\u00e1n a las <strong>10hs<\/strong>. Luego, a las <strong>14hs<\/strong>, se realizar\u00e1 <strong>el evento principal<\/strong>, cuya televisaci\u00f3n ir\u00e1 por cuenta de la <strong>TV P\u00fablica<\/strong>.<\/p>\n<\/div>\n<p><h2><strong>Cinco vueltas y tres bajas de cara a la tercera fecha<\/strong><\/h2>\n<\/p>\n<div class=\"custom-text \" readability=\"36\">\n<p>Durante la jornada en Neuqu\u00e9n, no estar\u00e1n presentes <strong>Gast\u00f3n Mazzacane<\/strong> (Chevrolet Camaro) y <strong>Augusto Carinelli<\/strong> (Toyota Camry) debido a que no recibieron el alta m\u00e9dica <strong>tras el choque que protagonizaron en El Calafate<\/strong>. Otro que tampoco ser\u00e1 parte de la parrilla es <strong>Esteban Gini<\/strong> (Chevrolet Camaro) debido a que celebrar\u00e1 su casamiento.<\/p>\n<\/div>\n<div class=\"custom-text \" readability=\"37\">\n<p>En tanto, quienes ser\u00e1n parte de la largada tras sus ausencias son <strong>Sebasti\u00e1n Abella<\/strong> (Torino), <strong>Lautaro de la Iglesia<\/strong> (Dodge), <strong>Sergio Alaux<\/strong>, <strong>Diego De Carlo<\/strong> y <strong>Mart\u00edn Serrano<\/strong> (Chevrolet Camaro).<\/p>\n<\/div>\n<div class=\"sc-e7b891c4-0 ifHnQL image-embed\"><img alt=\"Facundo Chapur gan\u00f3 la carrera del Turismo Carretera en El Calafate. (Foto: Prensa TC\/ACTC)\" loading=\"lazy\" width=\"720\" height=\"100\" decoding=\"async\" data-nimg=\"1\" src=\"http:\/\/cordobadirecto.com\/wp-content\/uploads\/2025\/03\/tc-en-neuquen-horarios-y-donde-ver-por-tv-la-tercera-fecha-del-turismo-carretera.jpg\"><span class=\"epigraphe\">Facundo Chapur gan\u00f3 la carrera del Turismo Carretera en El Calafate. (Foto: Prensa TC\/ACTC)<\/span><\/div>\n<p><h2><strong> Los autos deber\u00e1n incorporar un nuevo elemento<\/strong><\/h2>\n<\/p>\n<div class=\"custom-text \" readability=\"37\">\n<p>A partir de esta carrera, todas las escuder\u00edas deber\u00e1n sumarle a sus respectivas m\u00e1quinas un novedoso detalle que ayudar\u00e1 a mejorar la visibilidad y, por ende, la seguridad en la pista. Se trata de un <strong>sistema de luces LED en los endplates del aler\u00f3n trasero<\/strong>.<\/p>\n<\/div>\n<div class=\"sc-e7b891c4-0 ifHnQL image-embed\"><img alt=\"Para mejorar la visibilidad del auto que va detr\u00e1s, se colocaron luces LED en los alerones de cada auto. (Foto: Solo TC)\" loading=\"lazy\" width=\"720\" height=\"100\" decoding=\"async\" data-nimg=\"1\" src=\"http:\/\/cordobadirecto.com\/wp-content\/uploads\/2025\/03\/tc-en-neuquen-horarios-y-donde-ver-por-tv-la-tercera-fecha-del-turismo-carretera-1.jpg\"><span class=\"epigraphe\">Para mejorar la visibilidad del auto que va detr\u00e1s, se colocaron luces LED en los alerones de cada auto. (Foto: Solo TC)<\/span><\/div>\n<div class=\"sc-a7166897-0 eoLsBE\" readability=\"6\">\n<section readability=\"2\"><picture><img alt=\"Valent\u00edn Perrone en Moto3: horarios y c\u00f3mo ver por TV el GP de Las Am\u00e9ricas\" loading=\"lazy\" width=\"290\" height=\"290\" decoding=\"async\" data-nimg=\"1\" src=\"http:\/\/cordobadirecto.com\/wp-content\/uploads\/2025\/03\/tc-en-neuquen-horarios-y-donde-ver-por-tv-la-tercera-fecha-del-turismo-carretera-2.jpg\"><\/picture>\n<p><span>Mir\u00e1 tambi\u00e9n<\/span><\/p>\n<hr>\n<h3>Valent\u00edn Perrone en Moto3: horarios y c\u00f3mo ver por TV el GP de Las Am\u00e9ricas<\/h3>\n<\/p>\n<\/section>\n<\/div>\n<div class=\"sc-a7166897-0 eoLsBE\" readability=\"6\">\n<section readability=\"2\"><picture><img alt=\"\u00bfRed Bull prepara una sorpresa tras haber anunciado a Tsunoda?\" loading=\"lazy\" width=\"290\" height=\"290\" decoding=\"async\" data-nimg=\"1\" src=\"http:\/\/cordobadirecto.com\/wp-content\/uploads\/2025\/03\/tc-en-neuquen-horarios-y-donde-ver-por-tv-la-tercera-fecha-del-turismo-carretera-3.jpg\"><\/picture>\n<p><span>Mir\u00e1 tambi\u00e9n<\/span><\/p>\n<hr>\n<h3>\u00bfRed Bull prepara una sorpresa tras haber anunciado a Tsunoda?<\/h3>\n<\/p>\n<\/section>\n<\/div>\n<div class=\"sc-a7166897-0 eoLsBE\" readability=\"6.5\">\n<section readability=\"3\"><picture><img alt=\"La posible vuelta de Checo P\u00e9rez a la F1: &quot;Las puertas est\u00e1n abiertas en muchos lados&quot;\" loading=\"lazy\" width=\"290\" height=\"290\" decoding=\"async\" data-nimg=\"1\" src=\"http:\/\/cordobadirecto.com\/wp-content\/uploads\/2025\/03\/tc-en-neuquen-horarios-y-donde-ver-por-tv-la-tercera-fecha-del-turismo-carretera-4.jpg\"><\/picture>\n<p><span>Mir\u00e1 tambi\u00e9n<\/span><\/p>\n<hr>\n<h3>La posible vuelta de Checo P\u00e9rez a la F1: &#8220;Las puertas est\u00e1n abiertas en muchos lados&#8221;<\/h3>\n<\/p>\n<\/section>\n<\/div>\n<\/div>\n","protected":false},"excerpt":{"rendered":"<p>28\/03\/2025 18:59hs. La orquesta conformada por los rugidos de los autos del TC no se mover\u00e1 del sur nacional, pero se trasladar\u00e1 a Neuqu\u00e9n, donde se realizar\u00e1 la tercera carrera del campeonato. Tras las fechas en Viedma y El Calafate, el l\u00edder del campeonato es Juli\u00e1n Santero (Ford Mustang), campe\u00f3n defensor, quien todav\u00eda no gan\u00f3 [&hellip;]<\/p>\n","protected":false},"author":1,"featured_media":163970,"comment_status":"closed","ping_status":"closed","sticky":false,"template":"","format":"standard","meta":[],"categories":[21],"tags":[],"_links":{"self":[{"href":"http:\/\/cordobadirecto.com\/index.php\/wp-json\/wp\/v2\/posts\/163969"}],"collection":[{"href":"http:\/\/cordobadirecto.com\/index.php\/wp-json\/wp\/v2\/posts"}],"about":[{"href":"http:\/\/cordobadirecto.com\/index.php\/wp-json\/wp\/v2\/types\/post"}],"author":[{"embeddable":true,"href":"http:\/\/cordobadirecto.com\/index.php\/wp-json\/wp\/v2\/users\/1"}],"replies":[{"embeddable":true,"href":"http:\/\/cordobadirecto.com\/index.php\/wp-json\/wp\/v2\/comments?post=163969"}],"version-history":[{"count":0,"href":"http:\/\/cordobadirecto.com\/index.php\/wp-json\/wp\/v2\/posts\/163969\/revisions"}],"wp:featuredmedia":[{"embeddable":true,"href":"http:\/\/cordobadirecto.com\/index.php\/wp-json\/wp\/v2\/media\/163970"}],"wp:attachment":[{"href":"http:\/\/cordobadirecto.com\/index.php\/wp-json\/wp\/v2\/media?parent=163969"}],"wp:term":[{"taxonomy":"category","embeddable":true,"href":"http:\/\/cordobadirecto.com\/index.php\/wp-json\/wp\/v2\/categories?post=163969"},{"taxonomy":"post_tag","embeddable":true,"href":"http:\/\/cordobadirecto.com\/index.php\/wp-json\/wp\/v2\/tags?post=163969"}],"curies":[{"name":"wp","href":"https:\/\/api.w.org\/{rel}","templated":true}]}}