{"id":163986,"date":"2025-03-30T03:08:20","date_gmt":"2025-03-30T03:08:20","guid":{"rendered":"http:\/\/cordobadirecto.com\/index.php\/2025\/03\/30\/milei-pierde-imagen-positiva-y-comienza-una-nueva-etapa-en-su-relacion-con-la-opinion-publica\/"},"modified":"2025-03-30T03:08:20","modified_gmt":"2025-03-30T03:08:20","slug":"milei-pierde-imagen-positiva-y-comienza-una-nueva-etapa-en-su-relacion-con-la-opinion-publica","status":"publish","type":"post","link":"http:\/\/cordobadirecto.com\/index.php\/2025\/03\/30\/milei-pierde-imagen-positiva-y-comienza-una-nueva-etapa-en-su-relacion-con-la-opinion-publica\/","title":{"rendered":"Milei pierde imagen positiva y comienza una <b>nueva<\/b> etapa en su relaci\u00f3n con la opini\u00f3n p\u00fablica"},"content":{"rendered":"<p>&#8230; <b>econ\u00f3mica<\/b> y los vaivenes del calendario electoral. As\u00ed lo se\u00f1alan &#8230; <b>nuevo<\/b> acuerdo con el FMI? Los n\u00fameros del sondeo de Zuban <b>C\u00f3rdoba<\/b>LN. Con&nbsp;&#8230; <\/p>\n","protected":false},"excerpt":{"rendered":"<p>&#8230; econ\u00f3mica y los vaivenes del calendario electoral. As\u00ed lo se\u00f1alan &#8230; nuevo acuerdo con el FMI? Los n\u00fameros del sondeo de Zuban C\u00f3rdobaLN. Con&nbsp;&#8230;<\/p>\n","protected":false},"author":1,"featured_media":0,"comment_status":"closed","ping_status":"closed","sticky":false,"template":"","format":"standard","meta":[],"categories":[40],"tags":[],"_links":{"self":[{"href":"http:\/\/cordobadirecto.com\/index.php\/wp-json\/wp\/v2\/posts\/163986"}],"collection":[{"href":"http:\/\/cordobadirecto.com\/index.php\/wp-json\/wp\/v2\/posts"}],"about":[{"href":"http:\/\/cordobadirecto.com\/index.php\/wp-json\/wp\/v2\/types\/post"}],"author":[{"embeddable":true,"href":"http:\/\/cordobadirecto.com\/index.php\/wp-json\/wp\/v2\/users\/1"}],"replies":[{"embeddable":true,"href":"http:\/\/cordobadirecto.com\/index.php\/wp-json\/wp\/v2\/comments?post=163986"}],"version-history":[{"count":0,"href":"http:\/\/cordobadirecto.com\/index.php\/wp-json\/wp\/v2\/posts\/163986\/revisions"}],"wp:attachment":[{"href":"http:\/\/cordobadirecto.com\/index.php\/wp-json\/wp\/v2\/media?parent=163986"}],"wp:term":[{"taxonomy":"category","embeddable":true,"href":"http:\/\/cordobadirecto.com\/index.php\/wp-json\/wp\/v2\/categories?post=163986"},{"taxonomy":"post_tag","embeddable":true,"href":"http:\/\/cordobadirecto.com\/index.php\/wp-json\/wp\/v2\/tags?post=163986"}],"curies":[{"name":"wp","href":"https:\/\/api.w.org\/{rel}","templated":true}]}}