{"id":163989,"date":"2025-03-28T15:20:55","date_gmt":"2025-03-28T15:20:55","guid":{"rendered":"https:\/\/es.digitaltrends.com\/?p=1065621"},"modified":"2025-03-28T15:20:55","modified_gmt":"2025-03-28T15:20:55","slug":"para-el-calendario-5-series-imperdibles-en-abril","status":"publish","type":"post","link":"http:\/\/cordobadirecto.com\/index.php\/2025\/03\/28\/para-el-calendario-5-series-imperdibles-en-abril\/","title":{"rendered":"Para el calendario: 5 series imperdibles en abril"},"content":{"rendered":"<div><img src=\"http:\/\/cordobadirecto.com\/wp-content\/uploads\/2025\/03\/para-el-calendario-5-series-imperdibles-en-abril.jpg\" class=\"ff-og-image-inserted\"><\/div>\n<div class=\"b-toc h-toc\"> <label for=\"dt-toc\"> Tabla de contenidos\t<\/label> <\/p>\n<div class=\"b-drop\"> <svg viewBox=\"0 0 35 20\">\n<polygon points=\"35,2.2 32.8,0 17.5,15.6 2.2,0 0,2.2 17.5,20\" \/>\n<\/svg> <\/div><\/div>\n<p>Un nuevo mes del 2025 llega. As\u00ed, es conveniente revisar estas cinco series imperdibles en abril, como la s\u00e9ptima temporada de <a href=\"https:\/\/es.digitaltrends.com\/entretenimiento\/black-mirror-7-trailer-oficial\/\" rel>Black Mirror<\/a> o la cuarta de <em>Hacks<\/em>. Si bien cada una se distingue por crear su propio universo, tal vez el punto que las une es que han sido bien recibidas tanto por la cr\u00edtica como por el p\u00fablico en cada una de sus entregas.<\/p>\n<h2 class=\"wp-block-heading\"><strong>Temporada 7 de Black Mirror (10 de abril)<\/strong><\/h2>\n<figure class=\"wp-block-embed is-type-video is-provider-youtube wp-block-embed-youtube wp-embed-aspect-16-9 wp-has-aspect-ratio\">\n<div class=\"wp-block-embed__wrapper\">\n<iframe title=\"Black Mirror: Temporada 7 | Tr\u00e1iler oficial | Netflix\" width=\"500\" height=\"281\" src=\"https:\/\/www.youtube.com\/embed\/r8LEV1B3lrA?feature=oembed\" frameborder=\"0\" allow=\"accelerometer; autoplay; clipboard-write; encrypted-media; gyroscope; picture-in-picture; web-share\" referrerpolicy=\"strict-origin-when-cross-origin\" allowfullscreen>[embedded content]<\/iframe>\n<\/div>\n<\/figure>\n<p>Netflix ya dio a conocer el adelanto de la s\u00e9ptima temporada de la serie concebida por Charlie Brooker, la cual estar\u00e1 compuesta por seis episodios que seguir\u00e1n la l\u00ednea de la relaci\u00f3n intrincada entre los seres humanos y la tecnolog\u00eda. No solo son las historias las que prometen en esta nueva entrega, sino el elenco compuesto por nombres como Awkwafina, Peter Capaldi, Asim Chaudhry, Emma Corrin, Patsy Ferran, Paul Giamatti, Lewis Gribben, Rashida Jones, Siena Kelly, Rosy McEwen, Cristin Milioti, Chris O\u2019Dowd, Will Poulter, Issa Rae, Tracee Ellis Ross y Jimmi Simpson.<\/p>\n<div class=\"b-connatix b-connatix--video\" id=\"dt-cnx-container-67e6c70d5fa6d\">\n<div class=\"b-connatix__label\"> Recommended Videos <\/div>\n<div class=\"b-connatix__container\"> <\/div>\n<\/div>\n<p>La \u00faltima temporada de <em>Black Mirror<\/em> se estren\u00f3 en junio de 2023 en la plataforma de Los Gatos, California. Cont\u00f3 con cinco cap\u00edtulos.<\/p>\n<h2 class=\"wp-block-heading\"><strong>Temporada 2 de The Last of Us (13 de abril)<\/strong><\/h2>\n<figure class=\"wp-block-embed is-type-video is-provider-youtube wp-block-embed-youtube wp-embed-aspect-16-9 wp-has-aspect-ratio\">\n<div class=\"wp-block-embed__wrapper\">\n<iframe title=\"The Last Of Us - Temporada 2 | Tr\u00e1iler Oficial Subtitulado | Max\" width=\"500\" height=\"281\" src=\"https:\/\/www.youtube.com\/embed\/e7tDsBuzc3Q?feature=oembed\" frameborder=\"0\" allow=\"accelerometer; autoplay; clipboard-write; encrypted-media; gyroscope; picture-in-picture; web-share\" referrerpolicy=\"strict-origin-when-cross-origin\" allowfullscreen>[embedded content]<\/iframe>\n<\/div>\n<\/figure>\n<p>Luego de una primera temporada que, en algunos episodios, result\u00f3 sumamente conmovedora, Max estrena la segunda entrega de <a href=\"https:\/\/es.digitaltrends.com\/entretenimiento\/the-last-of-us-temporada-2-nuevo-trailer\/\" rel>The Last of US<\/a>, la cual estar\u00e1 compuesta por solo siete cap\u00edtulos y traer\u00e1 de vuelta a Pedro Pascal como Joel, Bella Ramsey como Ellie, Gabriel Luna como Tommy y Rutina Wesley como Maria.<\/p>\n<p>Entre las nuevas caras est\u00e1n Kaitlyn Dever, Isabela Merced, Young Mazino, Ariela Barer, Tati Gabrielle, Spencer Lord, Danny Ramirez, Jeffrey Wright y Catherine O\u2019Hara. La segunda temporada se ubica cinco a\u00f1os despu\u00e9s de los eventos de la primera entrega; ahora, Joel y Ellie se enfrentan entre ellos y a un mundo m\u00e1s peligroso que el que dejaron atr\u00e1s.<\/p>\n<h2 class=\"wp-block-heading\"><strong>Temporada 6&nbsp; de El cuento de la criada (8 de abril)<\/strong><\/h2>\n<figure class=\"wp-block-embed is-type-video is-provider-youtube wp-block-embed-youtube wp-embed-aspect-16-9 wp-has-aspect-ratio\">\n<div class=\"wp-block-embed__wrapper\">\n<iframe title=\"The Handmaid's Tale | Final Season Trailer | Hulu\" width=\"500\" height=\"281\" src=\"https:\/\/www.youtube.com\/embed\/xBBRUdLBsFI?feature=oembed\" frameborder=\"0\" allow=\"accelerometer; autoplay; clipboard-write; encrypted-media; gyroscope; picture-in-picture; web-share\" referrerpolicy=\"strict-origin-when-cross-origin\" allowfullscreen>[embedded content]<\/iframe>\n<\/div>\n<\/figure>\n<p>Esta entrega es especial (Hulu), no solo porque marca el final de la producci\u00f3n, sino por la historia que ofrecer\u00e1 a los televidentes: \u201cResalta la importancia de la esperanza, el coraje, la solidaridad y la resiliencia en la b\u00fasqueda de la justicia y la libertad\u201d.<\/p>\n<p>Eso no es poco en el contexto en el que se desarrolla <em>El cuento de la criada<\/em>: un r\u00e9gimen fundamentalista trata a las mujeres como si fueran menos que una propiedad; ellas deben servir a los hombres y hacer hasta lo imposible por concebir a los hijos de ellos en un entorno donde la tasa de natalidad est\u00e1 por los suelos. El elenco principal est\u00e1 compuesto por Elisabeth Moss, Yvonne Strahovski, Madeline Brewer, Joseph Fiennes, Ann Dowd y Max Minghella.<\/p>\n<h2 class=\"wp-block-heading\"><strong>Temporada 2 de Andor (22 de abril)<\/strong><\/h2>\n<figure class=\"wp-block-embed is-type-video is-provider-youtube wp-block-embed-youtube wp-embed-aspect-16-9 wp-has-aspect-ratio\">\n<div class=\"wp-block-embed__wrapper\">\n<iframe title=\"Andor | Tr\u00e1iler Oficial Doblado | Disney+\" width=\"500\" height=\"281\" src=\"https:\/\/www.youtube.com\/embed\/Zmaj6kCXHJM?feature=oembed\" frameborder=\"0\" allow=\"accelerometer; autoplay; clipboard-write; encrypted-media; gyroscope; picture-in-picture; web-share\" referrerpolicy=\"strict-origin-when-cross-origin\" allowfullscreen>[embedded content]<\/iframe>\n<\/div>\n<\/figure>\n<p>No hay vuelta atr\u00e1s, la lucha contra el Imperio cobra m\u00e1s sentido. Por supuesto, las dudas emergen en aquellos que est\u00e1n en pie de lucha, pero de lo que s\u00ed est\u00e1n seguros es de que no hay otro camino m\u00e1s que la victoria. La segunda entrega (Disney+) se centra todav\u00eda m\u00e1s en el viaje de Cassian Andor.<\/p>\n<p>Como recordatorio, la historia es anterior a los eventos de <em>Rogue One: Una historia de Star Wars<\/em> y muestra c\u00f3mo creci\u00f3 la rebeli\u00f3n contra el Imperio. <a href=\"https:\/\/es.digitaltrends.com\/entretenimiento\/andor-2-trailer\/\" rel>Andor<\/a> arranca con el robo de los planos de la Estrella de la Muerte.<\/p>\n<h2 class=\"wp-block-heading\"><strong>Temporada 4 de Hacks (10 de abril)<\/strong><\/h2>\n<figure class=\"wp-block-embed is-type-video is-provider-youtube wp-block-embed-youtube wp-embed-aspect-16-9 wp-has-aspect-ratio\">\n<div class=\"wp-block-embed__wrapper\">\n<iframe title=\"Hacks Temporada 4 | Trailer Oficial | Max\" width=\"500\" height=\"281\" src=\"https:\/\/www.youtube.com\/embed\/dWSIXdYYhrY?feature=oembed\" frameborder=\"0\" allow=\"accelerometer; autoplay; clipboard-write; encrypted-media; gyroscope; picture-in-picture; web-share\" referrerpolicy=\"strict-origin-when-cross-origin\" allowfullscreen>[embedded content]<\/iframe>\n<\/div>\n<\/figure>\n<p>M\u00e1s por obligaci\u00f3n, Deborah Vance, una figura legendaria de la comedia, y Ava, una joven escritora de comedia, se unen para intentar recomponer sus carreras, sin embargo, la tutela no resulta un camino sencillo. En el elenco principal de <em>Hacks<\/em> est\u00e1n los nombres de Jean Smart, Hannah Einbinder y Carl Clemons-Hopkins.<\/p>\n<p>En la nueva entrega (Max), parece que Deborah ha vuelto al ruedo, pero, para mantenerse, deber\u00e1 recordar qui\u00e9nes la han llevado al lugar en donde se encuentra. Ava, por el otro lado, debe lidiar con la comediante y con su vida misma. La serie se renov\u00f3 para esta cuarta temporada en mayo de 2024.<\/p>\n<p> <span id=\"publisher-md\" itemprop=\"publisher\" itemscope itemtype=\"https:\/\/schema.org\/Organization\"> <span itemprop=\"url\" itemtype=\"https:\/\/schema.org\/Url\" content=\"https:\/\/es.digitaltrends.com\"> <span itemprop=\"logo\" itemscope itemtype=\"https:\/\/schema.org\/ImageObject\"> <meta itemprop=\"url\" content=\"https:\/\/cdn.dtcn.com\/dt\/dt-logo-small.png\"> <meta itemprop=\"width\" content=\"0\"> <meta itemprop=\"height\" content=\"0\"> <\/span> <meta itemprop=\"name\" content=\"Digital Trends Espa\u00f1ol\"> <\/span> <span itemprop=\"image\" itemscope itemtype=\"https:\/\/schema.org\/ImageObject\"> <meta itemprop=\"url\" content=\"https:\/\/es.digitaltrends.com\/wp-content\/uploads\/2025\/03\/black-mirror.jpg?p=1\"> <\/span> <\/span> <\/p>\n","protected":false},"excerpt":{"rendered":"<p>Tabla de contenidos Un nuevo mes del 2025 llega. As\u00ed, es conveniente revisar estas cinco series imperdibles en abril, como la s\u00e9ptima temporada de Black Mirror o la cuarta de Hacks. Si bien cada una se distingue por crear su propio universo, tal vez el punto que las une es que han sido bien recibidas [&hellip;]<\/p>\n","protected":false},"author":1,"featured_media":163990,"comment_status":"closed","ping_status":"closed","sticky":false,"template":"","format":"standard","meta":[],"categories":[18],"tags":[],"_links":{"self":[{"href":"http:\/\/cordobadirecto.com\/index.php\/wp-json\/wp\/v2\/posts\/163989"}],"collection":[{"href":"http:\/\/cordobadirecto.com\/index.php\/wp-json\/wp\/v2\/posts"}],"about":[{"href":"http:\/\/cordobadirecto.com\/index.php\/wp-json\/wp\/v2\/types\/post"}],"author":[{"embeddable":true,"href":"http:\/\/cordobadirecto.com\/index.php\/wp-json\/wp\/v2\/users\/1"}],"replies":[{"embeddable":true,"href":"http:\/\/cordobadirecto.com\/index.php\/wp-json\/wp\/v2\/comments?post=163989"}],"version-history":[{"count":0,"href":"http:\/\/cordobadirecto.com\/index.php\/wp-json\/wp\/v2\/posts\/163989\/revisions"}],"wp:featuredmedia":[{"embeddable":true,"href":"http:\/\/cordobadirecto.com\/index.php\/wp-json\/wp\/v2\/media\/163990"}],"wp:attachment":[{"href":"http:\/\/cordobadirecto.com\/index.php\/wp-json\/wp\/v2\/media?parent=163989"}],"wp:term":[{"taxonomy":"category","embeddable":true,"href":"http:\/\/cordobadirecto.com\/index.php\/wp-json\/wp\/v2\/categories?post=163989"},{"taxonomy":"post_tag","embeddable":true,"href":"http:\/\/cordobadirecto.com\/index.php\/wp-json\/wp\/v2\/tags?post=163989"}],"curies":[{"name":"wp","href":"https:\/\/api.w.org\/{rel}","templated":true}]}}