{"id":1640,"date":"2021-02-16T01:50:56","date_gmt":"2021-02-16T01:50:56","guid":{"rendered":"http:\/\/cordobadirecto.com\/index.php\/2021\/02\/16\/menem-el-presidente-que-mas-tiempo-goberno-argentina-desde-1916\/"},"modified":"2021-02-16T01:50:56","modified_gmt":"2021-02-16T01:50:56","slug":"menem-el-presidente-que-mas-tiempo-goberno-argentina-desde-1916","status":"publish","type":"post","link":"http:\/\/cordobadirecto.com\/index.php\/2021\/02\/16\/menem-el-presidente-que-mas-tiempo-goberno-argentina-desde-1916\/","title":{"rendered":"Menem, el presidente que m\u00e1s tiempo gobern\u00f3 Argentina desde 1916"},"content":{"rendered":"<div><img src=\"http:\/\/cordobadirecto.com\/wp-content\/uploads\/2021\/02\/menem-el-presidente-que-mas-tiempo-goberno-argentina-desde-1916.jpg\" class=\"ff-og-image-inserted\"><\/div>\n<p>Carlos Sa\u00fal Menem estuvo al frente del Gobierno nacional exactamente 3.807 d\u00edas. Gobern\u00f3 el pa\u00eds durante 10 a\u00f1os y casi seis meses. Desde 1916, a\u00f1o en el que se vot\u00f3 por primera vez con<a href=\"https:\/\/es.wikipedia.org\/wiki\/Ley_S%C3%A1enz_Pe%C3%B1a#:~:text=de%20lista%20incompleta..-,El%20Sistema%20de%20la%20ley%20S%C3%A1enz%20Pe%C3%B1a,sufragio%20y%20el%20mecanismo%20plurinominal.\" target=\"_blank\" rel=\"noopener\">&nbsp;la ley S\u00e1ez Pe\u00f1a<\/a> (aprobada en 1912), fue el presidente que m\u00e1s tiempo gobern\u00f3 al pa\u00eds.<\/p>\n<p>Acaba de fallecer, <a href=\"https:\/\/www.lavoz.com.ar\/temas\/muerte-de-carlos-saul-menem\" target=\"_self\" rel=\"noopener\">a la edad de 90 a\u00f1os.<\/a><\/p>\n<p>Su largo per\u00edodo de gobierno se explica por dos cuestiones. Primero, porque lleg\u00f3 al poder cuando el per\u00edodo presidencial era de seis a\u00f1os; tramo que complet\u00f3 en su primer mandato.<\/p>\n<p>Luego, concret\u00f3 el Pacto de Olivos para reforma la Constituci\u00f3n, que, entre otros aportes, redujo a cuatro los a\u00f1os que un presidente est\u00e1 en la Casa Rosada.<\/p>\n<div class=\"block-ad-node\">\n<div>\n<p> <span>Publicidad<\/span> <\/p>\n<\/div>\n<\/div>\n<p>As\u00ed, lleg\u00f3 a los 10 a\u00f1os con reelecci\u00f3n de por medio. Ning\u00fan otro mandatario manej\u00f3 los hilos del poder durante tanto tiempo.<\/p>\n<p>Menem super\u00f3 a otros dos peronistas: Juan Domingo Per\u00f3n y Cristina Fern\u00e1ndez de Kirchner.<\/p>\n<p>Per\u00f3n, que tuvo tres per\u00edodos presidenciales (de los que s\u00f3lo complet\u00f3 uno, entre 1946-1952) , alcanz\u00f3 a sumar 3.658 d\u00edas.<\/p>\n<p>Y Cristina Fern\u00e1ndez, que complet\u00f3 dos per\u00edodos consecutivos (2007-2011, y 2011-2015).<\/p>\n<div class=\"block-ad-node\">\n<div>\n<p> <span>Publicidad<\/span> <\/p>\n<\/div>\n<\/div>\n<p class=\"SubTitulo\"><strong>Yrigoyen<\/strong><\/p>\n<p>El primer presidente &#8220;no peronista&#8221; aparece en el cuarto lugar. Se trata de Hip\u00f3lito Yrigoyen, que estuvo a cargo del poder en dos oportunidades.<\/p>\n<div class=\"block-ad-node\">\n<div>\n<p> <span>Publicidad<\/span> <\/p>\n<\/div>\n<\/div>\n<p>Fue el primer mandatario elegido bajo la <a href=\"https:\/\/www.conicet.gov.ar\/la-ley-saenz-pena-y-la-fragil-transicion-hacia-la-argentina-democratica\/\" target=\"_blank\" rel=\"noopener\">ley de voto universal, secreto y obligatorio<\/a> (en el que, vale la aclaraci\u00f3n, no votaban las mujeres) y tambi\u00e9n, el primero en ser derrocado por militares cuando el 6 de septiembre de 1930 lo sac\u00f3 del poder Jos\u00e9 Felix Uriburu.<\/p>\n<p>Detr\u00e1s, otro radical: Ra\u00fal Ricardo Alfons\u00edn, que no logr\u00f3 completar su mandato pero alcanz\u00f3 a sumar 2.037 d\u00edas.&nbsp;<\/p><figcaption class=\"title is-margin-t is-font-small is-font-sans-serif\">Ra\u00fal Ricardo Alfons\u00edn, uno de los radicales que m\u00e1s dur\u00f3 al frente de la Casa Rosada. (La Voz\/Archivo)<\/figcaption><p>El sexto es el nombre del horror. Porque uno de los presidentes que m\u00e1s gobern\u00f3 al pa\u00eds fue el militar Jorge Rafael Videla, que ejerci\u00f3 el poder durante 1.831 d\u00edas. Son&nbsp; m\u00e1s de 5 a\u00f1os.&nbsp;<\/p>\n<p class=\"SubTitulo\"><strong>Peronismo<\/strong><\/p>\n<p>El peronismo &#8211; en todas sus variantes- es la fuerza pol\u00edtica que m\u00e1s ha gobernado Argentina. Desde 1916, hasta hoy (15 de febrero de 2021, con Alberto Fern\u00e1ndez), estuvo en el poder 13.805 d\u00edas.<\/p>\n<p>Son casi 40 a\u00f1os (es el 38% del tiempo transcurrido).<\/p>\n<p class=\"TextoDestacado\">Luego, la Uni\u00f3n C\u00edvica Radical, que suma 12.424 d\u00edas en la Casa Rosada (unos 34 a\u00f1os).<\/p>\n<p>Tercero, los militares, que coparon el poder durante 7.930 d\u00edas (casi 22 a\u00f1os).<\/p>\n<p>Cuarto, los dem\u00f3cratas (2.534 d\u00edas). Y quinto, Cambiemos (1.462 d\u00edas).<\/p>\n<div class=\"ctaNewsNotaContainer\" readability=\"6.5\">\n<div class=\"newsletterTextContainer\" readability=\"33\">\n<p> S\u00cdNTESIS POL\u00cdTICA<\/p>\n<p> Informaci\u00f3n exclusiva y el mejor an\u00e1lisis, los lunes en tu correo.<\/p>\n<form method=\"post\" action-xhr=\"https:\/\/www.lavoz.com.ar\/newsletters\/sintesis-politica\/signup\" id=\"newsletter-signup\" class=\"newsletterForm\" target=\"_blank\" custom-validation-reporting=\"as-you-go\" on=\"submit:AMP.setState({formLoading:true});submit-success:AMP.setState({formSuccess:true})\">\n<div submit-success class=\"is-paddingless-l\" readability=\"6\"> <template type=\"amp-mustache\" readability=\"2\"><\/p>\n<p> <strong>\u00a1Gracias por suscribirte!<\/strong><\/p>\n<p> <\/template><\/div>\n<div submit-error class=\"is-paddingless-l\" readability=\"6.5\"> <template type=\"amp-mustache\" readability=\"3\"><\/p>\n<p> <strong>Ha ocurrido un error, por favor intente nuevamente m\u00e1s tarde.<\/strong><\/p>\n<p> <\/template><\/div>\n<\/form>\n<\/div>\n<\/div>\n<div>\n<p> <span>Publicidad<\/span> <\/p>\n<\/div>\n","protected":false},"excerpt":{"rendered":"<p>Carlos Sa\u00fal Menem estuvo al frente del Gobierno nacional exactamente 3.807 d\u00edas. Gobern\u00f3 el pa\u00eds durante 10 a\u00f1os y casi seis meses. Desde 1916, a\u00f1o en el que se vot\u00f3 por primera vez con&nbsp;la ley S\u00e1ez Pe\u00f1a (aprobada en 1912), fue el presidente que m\u00e1s tiempo gobern\u00f3 al pa\u00eds. Acaba de fallecer, a la edad [&hellip;]<\/p>\n","protected":false},"author":1,"featured_media":1641,"comment_status":"closed","ping_status":"closed","sticky":false,"template":"","format":"standard","meta":[],"categories":[23],"tags":[],"_links":{"self":[{"href":"http:\/\/cordobadirecto.com\/index.php\/wp-json\/wp\/v2\/posts\/1640"}],"collection":[{"href":"http:\/\/cordobadirecto.com\/index.php\/wp-json\/wp\/v2\/posts"}],"about":[{"href":"http:\/\/cordobadirecto.com\/index.php\/wp-json\/wp\/v2\/types\/post"}],"author":[{"embeddable":true,"href":"http:\/\/cordobadirecto.com\/index.php\/wp-json\/wp\/v2\/users\/1"}],"replies":[{"embeddable":true,"href":"http:\/\/cordobadirecto.com\/index.php\/wp-json\/wp\/v2\/comments?post=1640"}],"version-history":[{"count":0,"href":"http:\/\/cordobadirecto.com\/index.php\/wp-json\/wp\/v2\/posts\/1640\/revisions"}],"wp:featuredmedia":[{"embeddable":true,"href":"http:\/\/cordobadirecto.com\/index.php\/wp-json\/wp\/v2\/media\/1641"}],"wp:attachment":[{"href":"http:\/\/cordobadirecto.com\/index.php\/wp-json\/wp\/v2\/media?parent=1640"}],"wp:term":[{"taxonomy":"category","embeddable":true,"href":"http:\/\/cordobadirecto.com\/index.php\/wp-json\/wp\/v2\/categories?post=1640"},{"taxonomy":"post_tag","embeddable":true,"href":"http:\/\/cordobadirecto.com\/index.php\/wp-json\/wp\/v2\/tags?post=1640"}],"curies":[{"name":"wp","href":"https:\/\/api.w.org\/{rel}","templated":true}]}}