{"id":164007,"date":"2025-03-29T21:24:51","date_gmt":"2025-03-29T21:24:51","guid":{"rendered":"https:\/\/www.ole.com.ar\/autos\/canapino-agustin-titan-tc-clasificacion-neuquen-tercera-fecha-record-circuito_0_ceQV3K5d55.html"},"modified":"2025-03-29T21:24:51","modified_gmt":"2025-03-29T21:24:51","slug":"tc-agustin-canapino-hizo-la-pole-con-un-tiempazo-en-neuquen","status":"publish","type":"post","link":"http:\/\/cordobadirecto.com\/index.php\/2025\/03\/29\/tc-agustin-canapino-hizo-la-pole-con-un-tiempazo-en-neuquen\/","title":{"rendered":"TC: Agust\u00edn Canapino hizo la pole con un tiempazo en Neuqu\u00e9n"},"content":{"rendered":"<p><span class=\"createDate\">29\/03\/2025 18:24hs.<\/span><time class=\"modificatedDate\" datetime=\"2025-03-29T19:01:47-03:00\"> Actualizado al 29\/03\/2025 19:01hs.<\/time><\/p>\n<div id=\"storyBody\">\n<div class=\"custom-text \" readability=\"38\">\n<p><strong>Los motores de los autos del TC volvieron a sonar en el sur del pa\u00eds<\/strong>, ya que este s\u00e1bado se llev\u00f3 a cabo la <strong>clasificaci\u00f3n la 3\u00aa fecha del Turismo Carretera<\/strong> en el aut\u00f3dromo de Centenario (<strong>Neuqu\u00e9n<\/strong>), donde Agust\u00edn Canapino (Chevrolet Camaro) qued\u00f3 primero. As\u00ed, el piloto del Canning Motorsport sell\u00f3 su <strong>2\u00aa pole position de la temporada<\/strong> (la anterior fue en Viedma). <\/p>\n<\/div>\n<div class=\"custom-text \" readability=\"41\">\n<p>Al hombre que supo correr dos temporadas y media en la IndyCar<strong> lo escoltaron Santiago Mangoni<\/strong> (Chevrolet Camaro) y <strong>Mauricio Lambiris<\/strong> (Ford Mustang), quienes tambi\u00e9n partir\u00e1n en punta en las series de este domingo. Valent\u00edn Aguirre, Jos\u00e9 Manuel Urcera, Juli\u00e1n Santero, Mariano Werner, Marcelo Agrelo, Hern\u00e1n Palazzo y Mat\u00edas Rossi completaron el top 10.<\/p>\n<\/div>\n<div class=\"sc-e7b891c4-0 ifHnQL image-embed\"><img alt=\"Mangoni, Canapino y Lambiris, los tres mejores de la qualy.\" loading=\"lazy\" width=\"720\" height=\"100\" decoding=\"async\" data-nimg=\"1\" src=\"http:\/\/cordobadirecto.com\/wp-content\/uploads\/2025\/03\/tc-agustin-canapino-hizo-la-pole-con-un-tiempazo-en-neuquen.jpg\"><span class=\"epigraphe\">Mangoni, Canapino y Lambiris, los tres mejores de la qualy.<\/span><\/div>\n<div class=\"custom-text \" readability=\"37\">\n<p><strong>El arrecife\u00f1o<\/strong>, que complet\u00f3 un s\u00e1bado muy productivo ya que tambi\u00e9n <strong>gan\u00f3 la carrera inaugural sprint<\/strong> del Turismo Carretera 2000, se qued\u00f3 adem\u00e1s con el <strong>nuevo r\u00e9cord de la pista estableciendo un tiempo de 1m26s922 con el que baj\u00f3 <\/strong>por 0s265 el registro que sosten\u00eda Juli\u00e1n Santero (Ford) desde marzo del 2023.<\/p>\n<\/div>\n<div class=\"custom-text \" readability=\"35\">\n<p>Es la 12\u00aa pole para Canapino en el TC, que por haberla conseguido igual\u00f3 a <strong>Jos\u00e9 Mar\u00eda &#8220;Pechito&#8221; L\u00f3pez <\/strong>en el d\u00e9cimo lugar de pilotos con m\u00e1s primeros puestos en clasificaciones en este campeonato.<\/p>\n<\/div>\n<div class=\"sc-e7b891c4-0 ifHnQL image-embed\"><img alt=\"El festejo de Canapino.\" loading=\"lazy\" width=\"720\" height=\"100\" decoding=\"async\" data-nimg=\"1\" src=\"http:\/\/cordobadirecto.com\/wp-content\/uploads\/2025\/03\/tc-agustin-canapino-hizo-la-pole-con-un-tiempazo-en-neuquen-1.jpg\"><span class=\"epigraphe\">El festejo de Canapino.<\/span><\/div>\n<div class=\"custom-text \" readability=\"38\">\n<p>\u201cAgradezco a todo el equipo y al motorista Mart\u00edn Costanzo. <strong>Feliz por el 1-2 que hicimos con Mangoni, que adem\u00e1s de rival es amigo y competir con \u00e9l me potencia.<\/strong> Se lo dedico a mi viejo (NdeR: falleci\u00f3 en el 2021), que con la victoria en el Turismo Carretera 2000 y esta pole position debe estar muy contento\u201d, dijo el <strong>Tit\u00e1n tras la clasificaci\u00f3n<\/strong>.<\/p>\n<\/div>\n<div class=\"custom-text \" readability=\"38\">\n<p><strong>El cuatro veces campe\u00f3n del TC<\/strong> desbanc\u00f3 justamente a Mangoni, que hab\u00eda dominado la tanda en los tres primeros grupos. De todos modos, el balcarce\u00f1o se\u00f1al\u00f3 el <strong>buen rendimiento que viene teniendo su Chevrolet Camaro,<\/strong> con el que logr\u00f3 el 3er puesto en la clasificaci\u00f3n y la final de la anterior carrera en El Calafate.<\/p>\n<\/div>\n<div class=\"custom-text \" readability=\"40\">\n<p>\u201c<strong>Arrancamos bien el d\u00eda y el a\u00f1o, y lo venimos demostrando carrera tras carrera<\/strong>. Estamos trabajando much\u00edsimo para intentar lograr esto que es tan dif\u00edcil, con 54 autos en pista, es un m\u00e9rito muy grande\u201d, dijo <strong>Mangoni, que sell\u00f3 el 1-2 de la escuder\u00eda<\/strong> que dirigen Walter P\u00e9rez y Gustavo Lema.<\/p>\n<\/div>\n<p><h2><strong>A qu\u00e9 hora se corren las series y la final del TC y c\u00f3mo verlas<\/strong><\/h2>\n<\/p>\n<div class=\"custom-text \" readability=\"32\">\n<p>10.05 a 10.15 \u2013 1\u00aa Serie (5 vueltas)<\/p>\n<\/div>\n<div class=\"custom-text \" readability=\"32\">\n<p>10.30 a 10.40 \u2013 2\u00aa Serie (5 vueltas)<\/p>\n<\/div>\n<div class=\"custom-text \" readability=\"32\">\n<p>10.55 a 11.05 \u2013 3\u00aa Serie (5 vueltas)<\/p>\n<\/div>\n<div class=\"custom-text \" readability=\"32\">\n<p>14.00 a 14.50 \u2013 Final TC (25 vueltas o 50 minutos)<\/p>\n<\/div>\n<div class=\"custom-text \">\n<p>Televisa la TV P\u00fablica.<\/p>\n<\/div>\n<p><h2>La clasificaci\u00f3n completa del TC en Neuqu\u00e9n<\/h2>\n<\/p>\n<div class=\"custom-text \" readability=\"32\">\n<p>1\u00ba Agust\u00edn Canapino &#8211; Chevrolet (Camaro) 1m26s922<\/p>\n<\/div>\n<div class=\"custom-text \" readability=\"32\">\n<p>2\u00ba Santiago Mangoni &#8211; Chevrolet (Camaro) a 0.190<\/p>\n<\/div>\n<div class=\"custom-text \" readability=\"32\">\n<p>3\u00ba Mauricio Lambiris &#8211; Ford (Mustang) a 0.366<\/p>\n<\/div>\n<div class=\"custom-text \" readability=\"32\">\n<p>4\u00ba Valent\u00edn Aguirre &#8211; Chevrolet (Camaro) a 0.367<\/p>\n<\/div>\n<div class=\"custom-text \" readability=\"32\">\n<p>5\u00ba Jos\u00e9 Manuel Urcera &#8211; Ford (Mustang) a 0.424<\/p>\n<\/div>\n<div class=\"custom-text \" readability=\"32\">\n<p>6\u00ba Juli\u00e1n Santero &#8211; Ford (Mustang) a 0.427<\/p>\n<\/div>\n<div class=\"custom-text \" readability=\"32\">\n<p>7\u00ba Mariano Werner &#8211; Ford (Mustang) a 0.436<\/p>\n<\/div>\n<div class=\"custom-text \" readability=\"32\">\n<p>8\u00ba Marcelo Agrelo &#8211; Toyota a 0.504<\/p>\n<\/div>\n<div class=\"custom-text \" readability=\"32\">\n<p>9\u00ba Hern\u00e1n Palazzo &#8211; Toyota a 0.507<\/p>\n<\/div>\n<div class=\"custom-text \" readability=\"32\">\n<p>10\u00ba Mat\u00edas Rossi &#8211; Toyota a 0.552<\/p>\n<\/div>\n<div class=\"custom-text \" readability=\"32\">\n<p>11\u00ba Otto Fritzler &#8211; Toyota a 0.642<\/p>\n<\/div>\n<div class=\"custom-text \" readability=\"32\">\n<p>12\u00ba Jonatan Castellano &#8211; Dodge (Challenger) a 0.663<\/p>\n<\/div>\n<div class=\"custom-text \" readability=\"32\">\n<p>13\u00ba Mat\u00edas Canapino &#8211; Chevrolet (Camaro) a 0.687<\/p>\n<\/div>\n<div class=\"custom-text \" readability=\"32\">\n<p>14\u00ba Diego Ciantini &#8211; Chevrolet (Camaro) a 0.787<\/p>\n<\/div>\n<div class=\"custom-text \" readability=\"32\">\n<p>15\u00ba Marcos Quijada &#8211; Chevrolet (Camaro) a 0.801<\/p>\n<\/div>\n<div class=\"custom-text \" readability=\"32\">\n<p>16\u00ba Jerem\u00edas Olmedo &#8211; Ford (Mustang) a 0.802<\/p>\n<\/div>\n<div class=\"custom-text \" readability=\"32\">\n<p>17\u00ba Agust\u00edn Mart\u00ednez &#8211; Ford (Mustang) a 0.807<\/p>\n<\/div>\n<div class=\"custom-text \" readability=\"32\">\n<p>18\u00ba Juan Mart\u00edn Trucco &#8211; Dodge (Challenger) a 0.824<\/p>\n<\/div>\n<div class=\"custom-text \" readability=\"32\">\n<p>19\u00ba Luis Jos\u00e9 Di Palma &#8211; Chevrolet (Camaro) a 0.871<\/p>\n<\/div>\n<div class=\"custom-text \" readability=\"32\">\n<p>20\u00ba Juan Cruz Benvenuti &#8211; Chevrolet (Camaro) a 0.877<\/p>\n<\/div>\n<div class=\"custom-text \" readability=\"32\">\n<p>21\u00ba Nicol\u00e1s Bonelli &#8211; Ford (Mustang) a 0.915<\/p>\n<\/div>\n<div class=\"custom-text \" readability=\"32\">\n<p>22\u00ba Nicol\u00e1s Trosset &#8211; Ford (Mustang) a 1.012<\/p>\n<\/div>\n<div class=\"custom-text \" readability=\"32\">\n<p>23\u00ba Ricardo Risatti &#8211; Dodge (Challenger) a 1.037<\/p>\n<\/div>\n<div class=\"custom-text \" readability=\"32\">\n<p>24\u00ba Lautaro De La Iglesia &#8211; Dodge (Challenger) a 1.059<\/p>\n<\/div>\n<div class=\"custom-text \" readability=\"32\">\n<p>25\u00ba Jerem\u00edas Scialchi &#8211; Ford (Mustang) a 1.199<\/p>\n<\/div>\n<div class=\"custom-text \" readability=\"32\">\n<p>26\u00ba Tob\u00edas Mart\u00ednez &#8211; Toyota a 1.200<\/p>\n<\/div>\n<div class=\"custom-text \" readability=\"32\">\n<p>27\u00ba Ignacio Fa\u00edn &#8211; Torino (Torino Ng) a 1.224<\/p>\n<\/div>\n<div class=\"custom-text \" readability=\"32\">\n<p>28\u00ba Elio Craparo &#8211; Dodge (Challenger) a 1.330<\/p>\n<\/div>\n<div class=\"custom-text \" readability=\"32\">\n<p>29\u00ba Santiago Alvarez &#8211; Chevrolet (Camaro) a 1.453<\/p>\n<\/div>\n<div class=\"custom-text \" readability=\"32\">\n<p>30\u00ba Alfonso Domenech &#8211; Toyota a 1.501<\/p>\n<\/div>\n<div class=\"custom-text \" readability=\"32\">\n<p>31\u00ba Gast\u00f3n Ferrante &#8211; Toyota a 1.507<\/p>\n<\/div>\n<div class=\"custom-text \" readability=\"32\">\n<p>32\u00ba Diego Azar &#8211; Toyota a 1.512<\/p>\n<\/div>\n<div class=\"custom-text \" readability=\"32\">\n<p>33\u00ba JB De Benedictis &#8211; Ford (Mustang) a 1.522<\/p>\n<\/div>\n<div class=\"custom-text \" readability=\"32\">\n<p>34\u00ba Mat\u00edas Jalaf &#8211; Ford (Mustang) a 1.534<\/p>\n<\/div>\n<div class=\"custom-text \" readability=\"32\">\n<p>35\u00ba Juan Tom\u00e1s Catal\u00e1n Magni &#8211; Ford (Mustang) a 1.538<\/p>\n<\/div>\n<div class=\"custom-text \" readability=\"32\">\n<p>36\u00ba Andr\u00e9a Jakos &#8211; Toyota a 1.554<\/p>\n<\/div>\n<div class=\"custom-text \" readability=\"32\">\n<p>37\u00ba Norberto Fontana &#8211; Chevrolet (Camaro) a 1.576<\/p>\n<\/div>\n<div class=\"custom-text \" readability=\"32\">\n<p>38\u00ba Nicol\u00e1s Cotignola &#8211; Torino (Torino Ng) a 1.612<\/p>\n<\/div>\n<div class=\"custom-text \" readability=\"32\">\n<p>39\u00ba Jer\u00f3nimo Teti &#8211; Ford (Mustang) a 1.656<\/p>\n<\/div>\n<div class=\"custom-text \" readability=\"32\">\n<p>40\u00ba Emiliano Spataro &#8211; Ford (Mustang) a 1.733<\/p>\n<\/div>\n<div class=\"custom-text \" readability=\"32\">\n<p>41\u00ba Sergio Alaux &#8211; Chevrolet (Camaro) a 1.805<\/p>\n<\/div>\n<div class=\"custom-text \" readability=\"32\">\n<p>42\u00ba Facundo Chapur &#8211; Torino (Torino Ng) a 1.942<\/p>\n<\/div>\n<div class=\"custom-text \" readability=\"32\">\n<p>43\u00ba Mart\u00edn Serrano &#8211; Chevrolet (Camaro) a 1.977<\/p>\n<\/div>\n<div class=\"custom-text \" readability=\"32\">\n<p>44\u00ba Juan Jos\u00e9 Ebarl\u00edn &#8211; Chevrolet (Camaro) a 2.011<\/p>\n<\/div>\n<div class=\"custom-text \" readability=\"32\">\n<p>45\u00ba Mart\u00edn V\u00e1zquez &#8211; Dodge (Challenger) a 2.091<\/p>\n<\/div>\n<div class=\"custom-text \" readability=\"32\">\n<p>46\u00ba Christian Ledesma &#8211; Chevrolet (Camaro) a 2.162<\/p>\n<\/div>\n<div class=\"custom-text \" readability=\"32\">\n<p>47\u00ba Nicol\u00e1s Impiombato &#8211; Chevrolet (Camaro) a 2.928<\/p>\n<\/div>\n<div class=\"custom-text \" readability=\"32\">\n<p>48\u00ba Sebasti\u00e1n Abella &#8211; Torino (Torino Ng) a 3.420<\/p>\n<\/div>\n<div class=\"custom-text \" readability=\"32\">\n<p>49\u00ba Diego De Carlo &#8211; Chevrolet (Camaro) a 3.885<\/p>\n<\/div>\n<div class=\"custom-text \" readability=\"32\">\n<p>50\u00ba Kevin Candela &#8211; Torino (Torino Ng) a 4.327<\/p>\n<\/div>\n<div class=\"custom-text \" readability=\"32\">\n<p>51\u00ba Facundo Ardusso &#8211; Chevrolet (Camaro) a 4.331<\/p>\n<\/div>\n<div class=\"custom-text \" readability=\"32\">\n<p>52\u00ba Marcos Landa &#8211; Chevrolet (Camaro) a 10.50.404<\/p>\n<\/div>\n<div class=\"custom-text \" readability=\"32\">\n<p>53\u00ba Federico Iribarne &#8211; Chevrolet (Camaro) a 18.03.754<\/p>\n<\/div>\n<p><h2>Posiciones del TC<\/h2>\n<\/p>\n<div class=\"custom-text \">\n<p>1\u00b0 Juli\u00e1n Santero &#8211; 73<\/p>\n<\/div>\n<div class=\"custom-text \" readability=\"32\">\n<p>2\u00b0 Juan Mart\u00edn Trucco &#8211; 72<\/p>\n<\/div>\n<div class=\"custom-text \" readability=\"32\">\n<p>3\u00b0 Jos\u00e9 Manuel Urcera &#8211; 70<\/p>\n<\/div>\n<div class=\"custom-text \" readability=\"32\">\n<p>4\u00b0 Jonatan\tCastellano &#8211; 63 (1)<\/p>\n<\/div>\n<div class=\"custom-text \" readability=\"32\">\n<p>5\u00b0 Mauricio Lambiris &#8211; 61<\/p>\n<\/div>\n<div class=\"custom-text \" readability=\"33\">\n<p>6\u00b0 Marcelo Agrelo &#8211; 60,5<\/p>\n<\/div>\n<div class=\"custom-text \" readability=\"33\">\n<p>7\u00b0 Santiago Santiago &#8211; 59,5<\/p>\n<\/div>\n<div class=\"custom-text \" readability=\"33\">\n<p>8\u00b0 Agust\u00edn Canapino &#8211; 58,5<\/p>\n<\/div>\n<div class=\"custom-text \" readability=\"33\">\n<p>9\u00b0 Hern\u00e1n Palazzo &#8211; 54,5<\/p>\n<\/div>\n<div class=\"custom-text \" readability=\"33\">\n<p>10\u00b0 Facundo Chapur &#8211; 49,5 (1)<\/p>\n<\/div>\n<div class=\"custom-text \" readability=\"33\">\n<p>Entre par\u00e9ntesis, carreras ganadas en la temporada.<\/p>\n<\/div>\n<div class=\"sc-a7166897-0 eoLsBE\" readability=\"6.5\">\n<section readability=\"3\"><picture><img alt=\"\u00bfPreguntaron por Colapinto? El detr\u00e1s de escena de la reuni\u00f3n entre Red Bull y Alpine\" loading=\"lazy\" width=\"290\" height=\"290\" decoding=\"async\" data-nimg=\"1\" src=\"http:\/\/cordobadirecto.com\/wp-content\/uploads\/2025\/03\/tc-agustin-canapino-hizo-la-pole-con-un-tiempazo-en-neuquen-2.jpg\"><\/picture>\n<p><span>Mir\u00e1 tambi\u00e9n<\/span><\/p>\n<hr>\n<h3>\u00bfPreguntaron por Colapinto? El detr\u00e1s de escena de la reuni\u00f3n entre Red Bull y Alpine<\/h3>\n<\/p>\n<\/section>\n<\/div>\n<div class=\"sc-a7166897-0 eoLsBE\" readability=\"6\">\n<section readability=\"2\"><picture><img alt=\"La pica en Red Bull que gener\u00f3 Franco Colapinto y denunci\u00f3 un ex F\u00f3rmula 1\" loading=\"lazy\" width=\"290\" height=\"290\" decoding=\"async\" data-nimg=\"1\" src=\"http:\/\/cordobadirecto.com\/wp-content\/uploads\/2025\/03\/tc-agustin-canapino-hizo-la-pole-con-un-tiempazo-en-neuquen-3.jpg\"><\/picture>\n<p><span>Mir\u00e1 tambi\u00e9n<\/span><\/p>\n<hr>\n<h3>La pica en Red Bull que gener\u00f3 Franco Colapinto y denunci\u00f3 un ex F\u00f3rmula 1<\/h3>\n<\/p>\n<\/section>\n<\/div>\n<div class=\"sc-a7166897-0 eoLsBE\" readability=\"6\">\n<section readability=\"2\"><picture><img alt=\"As\u00ed gasta Cristiano Ronaldo su fortuna: sus compras te dejar\u00e1n realmente impactado\" loading=\"lazy\" width=\"290\" height=\"290\" decoding=\"async\" data-nimg=\"1\" src=\"http:\/\/cordobadirecto.com\/wp-content\/uploads\/2025\/03\/tc-agustin-canapino-hizo-la-pole-con-un-tiempazo-en-neuquen-4.jpg\"><\/picture>\n<p><span>Mir\u00e1 tambi\u00e9n<\/span><\/p>\n<hr>\n<h3>As\u00ed gasta Cristiano Ronaldo su fortuna: sus compras te dejar\u00e1n realmente impactado<\/h3>\n<\/p>\n<\/section>\n<\/div>\n<div class=\"sc-a7166897-0 eoLsBE\" readability=\"6\">\n<section readability=\"2\"><picture><img alt=\"En qu\u00e9 posici\u00f3n va a largar Valent\u00edn Perrone en el GP de Las Am\u00e9ricas de Moto3\" loading=\"lazy\" width=\"290\" height=\"290\" decoding=\"async\" data-nimg=\"1\" src=\"http:\/\/cordobadirecto.com\/wp-content\/uploads\/2025\/03\/tc-agustin-canapino-hizo-la-pole-con-un-tiempazo-en-neuquen-5.jpg\"><\/picture>\n<p><span>Mir\u00e1 tambi\u00e9n<\/span><\/p>\n<hr>\n<h3>En qu\u00e9 posici\u00f3n va a largar Valent\u00edn Perrone en el GP de Las Am\u00e9ricas de Moto3<\/h3>\n<\/p>\n<\/section>\n<\/div>\n<\/div>\n","protected":false},"excerpt":{"rendered":"<p>29\/03\/2025 18:24hs. Actualizado al 29\/03\/2025 19:01hs. Los motores de los autos del TC volvieron a sonar en el sur del pa\u00eds, ya que este s\u00e1bado se llev\u00f3 a cabo la clasificaci\u00f3n la 3\u00aa fecha del Turismo Carretera en el aut\u00f3dromo de Centenario (Neuqu\u00e9n), donde Agust\u00edn Canapino (Chevrolet Camaro) qued\u00f3 primero. As\u00ed, el piloto del Canning [&hellip;]<\/p>\n","protected":false},"author":1,"featured_media":164008,"comment_status":"closed","ping_status":"closed","sticky":false,"template":"","format":"standard","meta":[],"categories":[21],"tags":[],"_links":{"self":[{"href":"http:\/\/cordobadirecto.com\/index.php\/wp-json\/wp\/v2\/posts\/164007"}],"collection":[{"href":"http:\/\/cordobadirecto.com\/index.php\/wp-json\/wp\/v2\/posts"}],"about":[{"href":"http:\/\/cordobadirecto.com\/index.php\/wp-json\/wp\/v2\/types\/post"}],"author":[{"embeddable":true,"href":"http:\/\/cordobadirecto.com\/index.php\/wp-json\/wp\/v2\/users\/1"}],"replies":[{"embeddable":true,"href":"http:\/\/cordobadirecto.com\/index.php\/wp-json\/wp\/v2\/comments?post=164007"}],"version-history":[{"count":0,"href":"http:\/\/cordobadirecto.com\/index.php\/wp-json\/wp\/v2\/posts\/164007\/revisions"}],"wp:featuredmedia":[{"embeddable":true,"href":"http:\/\/cordobadirecto.com\/index.php\/wp-json\/wp\/v2\/media\/164008"}],"wp:attachment":[{"href":"http:\/\/cordobadirecto.com\/index.php\/wp-json\/wp\/v2\/media?parent=164007"}],"wp:term":[{"taxonomy":"category","embeddable":true,"href":"http:\/\/cordobadirecto.com\/index.php\/wp-json\/wp\/v2\/categories?post=164007"},{"taxonomy":"post_tag","embeddable":true,"href":"http:\/\/cordobadirecto.com\/index.php\/wp-json\/wp\/v2\/tags?post=164007"}],"curies":[{"name":"wp","href":"https:\/\/api.w.org\/{rel}","templated":true}]}}