{"id":164009,"date":"2025-03-29T19:26:10","date_gmt":"2025-03-29T19:26:10","guid":{"rendered":"https:\/\/www.ole.com.ar\/autos\/posicion-va-largar-valentin-perrone-gp-americas-moto3-motogp_0_0im0or5GaA.html"},"modified":"2025-03-29T19:26:10","modified_gmt":"2025-03-29T19:26:10","slug":"en-que-posicion-va-a-largar-valentin-perrone-en-el-gp-de-las-americas-de-moto3","status":"publish","type":"post","link":"http:\/\/cordobadirecto.com\/index.php\/2025\/03\/29\/en-que-posicion-va-a-largar-valentin-perrone-en-el-gp-de-las-americas-de-moto3\/","title":{"rendered":"En qu\u00e9 posici\u00f3n va a largar Valent\u00edn Perrone en el GP de Las Am\u00e9ricas de Moto3"},"content":{"rendered":"<p><time class=\"createDate\" datetime=\"2025-03-29T16:26:10-03:00\">29\/03\/2025 16:26hs.<\/time><\/p>\n<div id=\"storyBody\">\n<div class=\"custom-text \" readability=\"41\">\n<p>Cuando se lo vio rengueando y siendo retirado en ambulancia tras el GP de Argentina, que se disput\u00f3 en Termas de R\u00edo Hondo, era dif\u00edcil de creer que <strong>Valent\u00edn Perrone (KTM)<\/strong> llegar\u00eda a la fecha siguiente del <strong>Moto3 <\/strong>en Estados Unidos. Sin embargo, all\u00ed est\u00e1. Despu\u00e9s de algunas pr\u00e1cticas que le sirvieron para volver a entrar en ritmo, <strong>el Coyote disput\u00f3 la clasificaci\u00f3n<\/strong> y, si bien no termin\u00f3 en una muy buena posici\u00f3n, tendr\u00e1 el domingo para recuperar terreno y cumplir el objetivo de finalizar su primera carrera.<\/p>\n<\/div>\n<div class=\"custom-text \" readability=\"36\">\n<p>Despu\u00e9s de haber conseguido el <strong>9\u00b0 puesto en el segundo entrenamiento libre<\/strong>, hab\u00eda material para ilusionarse con un acceso a la Q2 (la tanda definitoria en la que se establecen los puestos de vanguardia). Sin embargo, el argentino se qued\u00f3 corto por poquito.<\/p>\n<\/div>\n<div class=\"sc-e7b891c4-0 ifHnQL image-embed\"><img alt=\"Perrone buscar\u00e1 recuperar en la carrera del domingo. (@valentinperrone73)\" loading=\"lazy\" width=\"720\" height=\"100\" decoding=\"async\" data-nimg=\"1\" src=\"http:\/\/cordobadirecto.com\/wp-content\/uploads\/2025\/03\/en-que-posicion-va-a-largar-valentin-perrone-en-el-gp-de-las-americas-de-moto3.jpg\"><span class=\"epigraphe\">Perrone buscar\u00e1 recuperar en la carrera del domingo. (@valentinperrone73)<\/span><\/div>\n<div class=\"custom-text \" readability=\"42\">\n<p>En la Q1, en la que los cuatro mejores se quedan con la clasificaci\u00f3n a la siguiente instancia, el nacido en Barcelona hizo un tiempo record de 2m15s591 que <strong>le vali\u00f3 para quedar 7\u00b0, unas cuatro d\u00e9cimas por debajo del \u00faltimo clasificado<\/strong>. Terminada la tanda cronometrada, un Perrone que est\u00e1 plenamente recuperado del<strong> <\/strong>esquince de tobillo con edema \u00f3seo que sufri\u00f3 <strong>largar\u00e1 en la 21\u00aa posici\u00f3n<\/strong>. En su primer Gran Premio, en Tailandia, se lo vio escalar much\u00edsimas posiciones hasta la ca\u00edda por un toque con un rival, as\u00ed que a no subestimarlo&#8230;<\/p>\n<\/div>\n<p><h2><strong>Horario y d\u00f3nde ver la carrera del Moto3 por el GP de Las Am\u00e9ricas<\/strong><\/h2>\n<\/p>\n<div class=\"custom-text \" readability=\"37\">\n<p>La carrera del Moto3 en el trazado texano se disputar\u00e1 <strong>este domingo a las 13.00hs de Argentina<\/strong> y constar\u00e1 de 14 vueltas. Toda la actividad ser\u00e1 transmitida en televisi\u00f3n, por <strong>ESPN 3<\/strong>, y tambi\u00e9n en streaming, por la pantalla de <strong>Disney+<\/strong>.<\/p>\n<\/div>\n<div class=\"sc-e7b891c4-0 ifHnQL image-embed\"><img alt=\"De entrada, Perrone la pas\u00f3 mal con la lluvia. El s\u00e1bado anduvo mejor. (Red Bull KTM Tech 3)\" loading=\"lazy\" width=\"720\" height=\"100\" decoding=\"async\" data-nimg=\"1\" src=\"http:\/\/cordobadirecto.com\/wp-content\/uploads\/2025\/03\/en-que-posicion-va-a-largar-valentin-perrone-en-el-gp-de-las-americas-de-moto3-1.jpg\"><span class=\"epigraphe\">De entrada, Perrone la pas\u00f3 mal con la lluvia. El s\u00e1bado anduvo mejor. (Red Bull KTM Tech 3)<\/span><\/div>\n<p><h2><strong>Marc M\u00e1rquez sigue dominando en el MotoGP<\/strong><\/h2>\n<\/p>\n<div class=\"custom-text \" readability=\"32.851764705882\">\n<p>Luego de haber sufrido <a href=\"https:\/\/www.ole.com.ar\/autos\/video-marc-marquez-cayo-salio-volando-motogp-gp-americas_0_bHJ9uA4ixM.html\" target=\"_self\" title=\"una ca\u00edda tremenda en la primera pr\u00e1ctica libre del fin de semana\" alt=\"una ca\u00edda tremenda en la primera pr\u00e1ctica libre del fin de semana\" rel=\"noopener\">una ca\u00edda tremenda en la primera pr\u00e1ctica libre del fin de semana<\/a>, <strong>Marc M\u00e1rquez (Ducati) <\/strong>se recompuso y volvi\u00f3 a brillar. En la clasificaci\u00f3n de este s\u00e1bado, el hexacampe\u00f3n de MotoGP domin\u00f3 con un tiempo de 2m1s088 que<strong> le garantiz\u00f3 la pole position<\/strong>. Teniendo presente que gan\u00f3 las dos carreras sprint y principales que se disputaron, en Tailandia y Argentina, lo del espa\u00f1ol es cosa seria&#8230;<\/p>\n<\/div>\n<div class=\"sc-a7166897-0 eoLsBE\" readability=\"6\">\n<section readability=\"2\"><picture><img alt=\"Video: Marc M\u00e1rquez se cay\u00f3 de la moto y sali\u00f3 volando\" loading=\"lazy\" width=\"290\" height=\"290\" decoding=\"async\" data-nimg=\"1\" src=\"http:\/\/cordobadirecto.com\/wp-content\/uploads\/2025\/03\/en-que-posicion-va-a-largar-valentin-perrone-en-el-gp-de-las-americas-de-moto3-2.jpg\"><\/picture>\n<p><span>Mir\u00e1 tambi\u00e9n<\/span><\/p>\n<hr>\n<h3>Video: Marc M\u00e1rquez se cay\u00f3 de la moto y sali\u00f3 volando<\/h3>\n<\/p>\n<\/section>\n<\/div>\n<div class=\"sc-a7166897-0 eoLsBE\" readability=\"6.5\">\n<section readability=\"3\"><picture><img alt=\"\u00bfPreguntaron por Colapinto? El detr\u00e1s de escena de la reuni\u00f3n entre Red Bull y Alpine\" loading=\"lazy\" width=\"290\" height=\"290\" decoding=\"async\" data-nimg=\"1\" src=\"http:\/\/cordobadirecto.com\/wp-content\/uploads\/2025\/03\/en-que-posicion-va-a-largar-valentin-perrone-en-el-gp-de-las-americas-de-moto3-3.jpg\"><\/picture>\n<p><span>Mir\u00e1 tambi\u00e9n<\/span><\/p>\n<hr>\n<h3>\u00bfPreguntaron por Colapinto? El detr\u00e1s de escena de la reuni\u00f3n entre Red Bull y Alpine<\/h3>\n<\/p>\n<\/section>\n<\/div>\n<div class=\"sc-a7166897-0 eoLsBE\" readability=\"6\">\n<section readability=\"2\"><picture><img alt=\"La pica en Red Bull que gener\u00f3 Franco Colapinto y denunci\u00f3 un ex F\u00f3rmula 1\" loading=\"lazy\" width=\"290\" height=\"290\" decoding=\"async\" data-nimg=\"1\" src=\"http:\/\/cordobadirecto.com\/wp-content\/uploads\/2025\/03\/en-que-posicion-va-a-largar-valentin-perrone-en-el-gp-de-las-americas-de-moto3-4.jpg\"><\/picture>\n<p><span>Mir\u00e1 tambi\u00e9n<\/span><\/p>\n<hr>\n<h3>La pica en Red Bull que gener\u00f3 Franco Colapinto y denunci\u00f3 un ex F\u00f3rmula 1<\/h3>\n<\/p>\n<\/section>\n<\/div>\n<div class=\"sc-a7166897-0 eoLsBE\" readability=\"6\">\n<section readability=\"2\"><picture><img alt=\"Valent\u00edn Perrone en Moto3: horarios y c\u00f3mo ver por TV el GP de Las Am\u00e9ricas\" loading=\"lazy\" width=\"290\" height=\"290\" decoding=\"async\" data-nimg=\"1\" src=\"http:\/\/cordobadirecto.com\/wp-content\/uploads\/2025\/03\/en-que-posicion-va-a-largar-valentin-perrone-en-el-gp-de-las-americas-de-moto3-5.jpg\"><\/picture>\n<p><span>Mir\u00e1 tambi\u00e9n<\/span><\/p>\n<hr>\n<h3>Valent\u00edn Perrone en Moto3: horarios y c\u00f3mo ver por TV el GP de Las Am\u00e9ricas<\/h3>\n<\/p>\n<\/section>\n<\/div>\n<\/div>\n","protected":false},"excerpt":{"rendered":"<p>29\/03\/2025 16:26hs. Cuando se lo vio rengueando y siendo retirado en ambulancia tras el GP de Argentina, que se disput\u00f3 en Termas de R\u00edo Hondo, era dif\u00edcil de creer que Valent\u00edn Perrone (KTM) llegar\u00eda a la fecha siguiente del Moto3 en Estados Unidos. Sin embargo, all\u00ed est\u00e1. Despu\u00e9s de algunas pr\u00e1cticas que le sirvieron para [&hellip;]<\/p>\n","protected":false},"author":1,"featured_media":164010,"comment_status":"closed","ping_status":"closed","sticky":false,"template":"","format":"standard","meta":[],"categories":[21],"tags":[],"_links":{"self":[{"href":"http:\/\/cordobadirecto.com\/index.php\/wp-json\/wp\/v2\/posts\/164009"}],"collection":[{"href":"http:\/\/cordobadirecto.com\/index.php\/wp-json\/wp\/v2\/posts"}],"about":[{"href":"http:\/\/cordobadirecto.com\/index.php\/wp-json\/wp\/v2\/types\/post"}],"author":[{"embeddable":true,"href":"http:\/\/cordobadirecto.com\/index.php\/wp-json\/wp\/v2\/users\/1"}],"replies":[{"embeddable":true,"href":"http:\/\/cordobadirecto.com\/index.php\/wp-json\/wp\/v2\/comments?post=164009"}],"version-history":[{"count":0,"href":"http:\/\/cordobadirecto.com\/index.php\/wp-json\/wp\/v2\/posts\/164009\/revisions"}],"wp:featuredmedia":[{"embeddable":true,"href":"http:\/\/cordobadirecto.com\/index.php\/wp-json\/wp\/v2\/media\/164010"}],"wp:attachment":[{"href":"http:\/\/cordobadirecto.com\/index.php\/wp-json\/wp\/v2\/media?parent=164009"}],"wp:term":[{"taxonomy":"category","embeddable":true,"href":"http:\/\/cordobadirecto.com\/index.php\/wp-json\/wp\/v2\/categories?post=164009"},{"taxonomy":"post_tag","embeddable":true,"href":"http:\/\/cordobadirecto.com\/index.php\/wp-json\/wp\/v2\/tags?post=164009"}],"curies":[{"name":"wp","href":"https:\/\/api.w.org\/{rel}","templated":true}]}}