{"id":164019,"date":"2025-03-27T15:10:43","date_gmt":"2025-03-27T15:10:43","guid":{"rendered":"https:\/\/cordoba.gob.ar\/?p=76269"},"modified":"2025-03-27T15:10:43","modified_gmt":"2025-03-27T15:10:43","slug":"cordoba-presento-su-caso-de-exito-en-un-evento-internacional-de-nomadismo-digital","status":"publish","type":"post","link":"http:\/\/cordobadirecto.com\/index.php\/2025\/03\/27\/cordoba-presento-su-caso-de-exito-en-un-evento-internacional-de-nomadismo-digital\/","title":{"rendered":"C\u00f3rdoba present\u00f3 su caso de \u00e9xito en un evento internacional de nomadismo digital"},"content":{"rendered":"<div><img src=\"http:\/\/cordobadirecto.com\/wp-content\/uploads\/2025\/03\/cordoba-presento-su-caso-de-exito-en-un-evento-internacional-de-nomadismo-digital.jpg\" class=\"ff-og-image-inserted\"><\/div>\n<ul>\n<li data-prosemirror-content-type=\"node\" data-prosemirror-node-name=\"paragraph\" data-prosemirror-node-block=\"true\"><strong>La ciudad fue invitada a compartir la experiencia del programa Digital Nomads C\u00f3rdoba en The Nomad World Fest, edici\u00f3n R\u00edo de Janeiro.<\/strong><\/li>\n<li data-prosemirror-content-type=\"node\" data-prosemirror-node-name=\"paragraph\" data-prosemirror-node-block=\"true\"><strong>La iniciativa se enfoca en generar un ecosistema amigable para los n\u00f3mades digitales, brindando beneficios, actividades e informaci\u00f3n organizada en un sitio web.<\/strong><\/li>\n<\/ul>\n<hr>\n<p data-prosemirror-content-type=\"node\" data-prosemirror-node-name=\"paragraph\" data-prosemirror-node-block=\"true\">La ciudad de C\u00f3rdoba fue invitada a presentar su trabajo para la atracci\u00f3n de trabajadores remoto en el evento \u201cThe Nomads World Fest\u201d, realizada en R\u00edo de Janeiro, Brasil.<\/p>\n<p data-prosemirror-content-type=\"node\" data-prosemirror-node-name=\"paragraph\" data-prosemirror-node-block=\"true\">El encuentro reuni\u00f3 a expertos y referentes del nomadismo digital de distintas partes del mundo para compartir experiencias, intercambiar buenas pr\u00e1cticas y \u00faltimas tendencias.<\/p>\n<p data-prosemirror-content-type=\"node\" data-prosemirror-node-name=\"paragraph\" data-prosemirror-node-block=\"true\">La directora de Programas Internacionales de C\u00f3rdoba Acelera, Gabriela Sibilla, present\u00f3 \u00abDigital Nomads C\u00f3rdoba Capital: un caso de \u00e9xito\u00bb. En esta oportunidad, destac\u00f3 los logros y el impacto del programa, que en menos de dos a\u00f1os posicion\u00f3 a la ciudad en el top cinco de lugares de destinos de LATAM.<\/p>\n<p data-prosemirror-content-type=\"node\" data-prosemirror-node-name=\"paragraph\" data-prosemirror-node-block=\"true\">La iniciativa oficial de la Municipalidad de C\u00f3rdoba se enfoca en generar un ecosistema amigable para los n\u00f3mades digitales, brindando beneficios exclusivos, informaci\u00f3n organizada y actividades que generan comunidad e intercambio de talentos globales.<\/p>\n<p data-prosemirror-content-type=\"node\" data-prosemirror-node-name=\"paragraph\" data-prosemirror-node-block=\"true\">Durante su presentaci\u00f3n, la representante comparti\u00f3 las estrategias implementadas por la ciudad para atraer y retener talento remoto, as\u00ed como los casos de \u00e9xito que han fortalecido la reputaci\u00f3n de C\u00f3rdoba en este segmento.<\/p>\n<p data-prosemirror-content-type=\"node\" data-prosemirror-node-name=\"paragraph\" data-prosemirror-node-block=\"true\">\u00abFue una experiencia enriquecedora para presentar C\u00f3rdoba Capital ante una comunidad n\u00f3made diversa. Lo m\u00e1s gratificante fue percibir el entusiasmo y el inter\u00e9s que despert\u00f3 la posibilidad de descubrir todo lo que la ciudad tiene para ofrecer\u00bb, sostuvo.<\/p>\n<p data-prosemirror-content-type=\"node\" data-prosemirror-node-name=\"paragraph\" data-prosemirror-node-block=\"true\">La participaci\u00f3n de C\u00f3rdoba refuerza su compromiso con la innovaci\u00f3n y la internacionalizaci\u00f3n, consolid\u00e1ndose como un hub para n\u00f3mades digitales a nivel global.<\/p>\n<p data-prosemirror-content-type=\"node\" data-prosemirror-node-name=\"paragraph\" data-prosemirror-node-block=\"true\">Estos espacios, adem\u00e1s, permiten ampliar la red de contactos, generar oportunidades de cooperaci\u00f3n e implementar nuevas estrategias de promoci\u00f3n.<\/p>\n<p data-prosemirror-content-type=\"node\" data-prosemirror-node-name=\"paragraph\" data-prosemirror-node-block=\"true\">Sibilla cerr\u00f3: \u201cMuchos de los participantes de este encuentro manifestaron su inter\u00e9s en sumarse al pr\u00f3ximo evento del programa, el Foro Internacional Digital Nomads C\u00f3rdoba, donde podr\u00e1n aportar su experiencia y conocimientos sobre el nomadismo digital\u201d.<\/p>\n<p data-prosemirror-content-type=\"node\" data-prosemirror-node-name=\"paragraph\" data-prosemirror-node-block=\"true\"><strong data-prosemirror-content-type=\"mark\" data-prosemirror-mark-name=\"strong\">Sobre el programa Digital Nomads C\u00f3rdoba<\/strong><\/p>\n<p data-prosemirror-content-type=\"node\" data-prosemirror-node-name=\"paragraph\" data-prosemirror-node-block=\"true\">Es una iniciativa que atrae a talentos y profesionales que eligen trabajar y viajar por el mundo al mismo tiempo. Ofrece informaci\u00f3n, beneficios, espacios de coworking y actividades en comunidad. Desde su lanzamiento en 2022, se registraron m\u00e1s de 200 n\u00f3mades de 25 nacionalidades.<\/p>\n<p data-prosemirror-content-type=\"node\" data-prosemirror-node-name=\"paragraph\" data-prosemirror-node-block=\"true\">Adem\u00e1s, la ciudad escal\u00f3 20 posiciones en el ranking Nomad List, alcanzando el puesto N\u00b04 en Latinoam\u00e9rica (diciembre 2024). Tambi\u00e9n se establecieron alianzas con m\u00e1s de 30 empresas del sector privado, que ofrecen alrededor de 60 beneficios a trabajadores remotos. M\u00e1s informaci\u00f3n en el siguiente <a href=\"https:\/\/nomadscordoba.com\/\">enlace<\/a>.<\/p>\n","protected":false},"excerpt":{"rendered":"<p>La ciudad fue invitada a compartir la experiencia del programa Digital Nomads C\u00f3rdoba en The Nomad World Fest, edici\u00f3n R\u00edo de Janeiro. La iniciativa se enfoca en generar un ecosistema amigable para los n\u00f3mades digitales, brindando beneficios, actividades e informaci\u00f3n organizada en un sitio web. La ciudad de C\u00f3rdoba fue invitada a presentar su trabajo [&hellip;]<\/p>\n","protected":false},"author":1,"featured_media":164020,"comment_status":"closed","ping_status":"closed","sticky":false,"template":"","format":"standard","meta":[],"categories":[44],"tags":[],"_links":{"self":[{"href":"http:\/\/cordobadirecto.com\/index.php\/wp-json\/wp\/v2\/posts\/164019"}],"collection":[{"href":"http:\/\/cordobadirecto.com\/index.php\/wp-json\/wp\/v2\/posts"}],"about":[{"href":"http:\/\/cordobadirecto.com\/index.php\/wp-json\/wp\/v2\/types\/post"}],"author":[{"embeddable":true,"href":"http:\/\/cordobadirecto.com\/index.php\/wp-json\/wp\/v2\/users\/1"}],"replies":[{"embeddable":true,"href":"http:\/\/cordobadirecto.com\/index.php\/wp-json\/wp\/v2\/comments?post=164019"}],"version-history":[{"count":0,"href":"http:\/\/cordobadirecto.com\/index.php\/wp-json\/wp\/v2\/posts\/164019\/revisions"}],"wp:featuredmedia":[{"embeddable":true,"href":"http:\/\/cordobadirecto.com\/index.php\/wp-json\/wp\/v2\/media\/164020"}],"wp:attachment":[{"href":"http:\/\/cordobadirecto.com\/index.php\/wp-json\/wp\/v2\/media?parent=164019"}],"wp:term":[{"taxonomy":"category","embeddable":true,"href":"http:\/\/cordobadirecto.com\/index.php\/wp-json\/wp\/v2\/categories?post=164019"},{"taxonomy":"post_tag","embeddable":true,"href":"http:\/\/cordobadirecto.com\/index.php\/wp-json\/wp\/v2\/tags?post=164019"}],"curies":[{"name":"wp","href":"https:\/\/api.w.org\/{rel}","templated":true}]}}