{"id":164021,"date":"2025-03-27T14:51:39","date_gmt":"2025-03-27T14:51:39","guid":{"rendered":"https:\/\/cordoba.gob.ar\/?p=76253"},"modified":"2025-03-27T14:51:39","modified_gmt":"2025-03-27T14:51:39","slug":"en-rio-cuarto-passerini-compartio-experiencias-de-gobierno-junto-a-otros-intendentes-en-la-primera-cumbre-regional-de-participacion-ciudadana","status":"publish","type":"post","link":"http:\/\/cordobadirecto.com\/index.php\/2025\/03\/27\/en-rio-cuarto-passerini-compartio-experiencias-de-gobierno-junto-a-otros-intendentes-en-la-primera-cumbre-regional-de-participacion-ciudadana\/","title":{"rendered":"En R\u00edo Cuarto, Passerini comparti\u00f3 experiencias de gobierno junto a otros intendentes en la primera Cumbre Regional de Participaci\u00f3n Ciudadana"},"content":{"rendered":"<div><img src=\"http:\/\/cordobadirecto.com\/wp-content\/uploads\/2025\/03\/en-rio-cuarto-passerini-compartio-experiencias-de-gobierno-junto-a-otros-intendentes-en-la-primera-cumbre-regional-de-participacion-ciudadana.jpg\" class=\"ff-og-image-inserted\"><\/div>\n<ul>\n<li data-prosemirror-content-type=\"node\" data-prosemirror-node-name=\"paragraph\" data-prosemirror-node-block=\"true\"><strong>Participaron jefes y jefas comunales y equipos de gobierno de m\u00e1s de 30 localidad del sur provincial.<\/strong><\/li>\n<li data-prosemirror-content-type=\"node\" data-prosemirror-node-name=\"paragraph\" data-prosemirror-node-block=\"true\"><strong><strong>El foro busca generar espacios de di\u00e1logo, fortalecer redes locales y contribuir a la construcci\u00f3n de una agenda pol\u00edtica en la materia.<\/strong><\/strong><br \/>\n<hr>\n<\/li>\n<\/ul>\n<p data-prosemirror-content-type=\"node\" data-prosemirror-node-name=\"paragraph\" data-prosemirror-node-block=\"true\">Con la presencia de intendentes y jefes comunales de C\u00f3rdoba, este mi\u00e9rcoles comenz\u00f3 la Primera Cumbre Regional de Participaci\u00f3n Ciudadana en R\u00edo Cuarto. Es el evento previo al desarrollo del Congreso del Observatorio Internacional de Democracia Participativa (OIDP), que se realizar\u00e1 entre el 21 y el 23 de mayo en la ciudad de C\u00f3rdoba.<\/p>\n<p data-prosemirror-content-type=\"node\" data-prosemirror-node-name=\"paragraph\" data-prosemirror-node-block=\"true\">El acto estuvo encabezado por el intendente Daniel Passerini y su par de la capital alterna, Guillermo Rivas, adem\u00e1s del el Coordinador Global de OIDP, Adri\u00e0 Duarte Gri\u00f1\u00f3 y el Secretario de Participaci\u00f3n Ciudadana de C\u00f3rdoba, Juan Domingo Viola.<\/p>\n<p data-prosemirror-content-type=\"node\" data-prosemirror-node-name=\"paragraph\" data-prosemirror-node-block=\"true\">\u201cFortalecer la democracia tiene sentido si nosotros garantizamos la participaci\u00f3n, por eso integrar municipios y compartir experiencias es para nosotros una pol\u00edtica central\u201d, expres\u00f3 Passerini en el evento y agreg\u00f3: \u201cestar cerca de la gente es tender los puentes de comunicaci\u00f3n y las v\u00edas de di\u00e1logo que son fundamentales para el desarrollo de las comunidades\u201d.<\/p>\n<p data-prosemirror-content-type=\"node\" data-prosemirror-node-name=\"paragraph\" data-prosemirror-node-block=\"true\">Por su parte, el intendente de la ciudad de R\u00edo Cuarto, Guillermo Rivas, expres\u00f3 su satisfacci\u00f3n por ser sede de este encuentro. \u201cQue hoy podamos trabajar de un modo conjunto, compartir nuestras experiencias y promover herramientas de participaci\u00f3n en todas las comunidades es un enorme desaf\u00edo. La transformaci\u00f3n de nuestra comunidad no se hace solo desde un gobierno, sino escuchando a los vecinos y juntos tomar decisiones\u201d, enfatiz\u00f3.<\/p>\n<p data-prosemirror-content-type=\"node\" data-prosemirror-node-name=\"paragraph\" data-prosemirror-node-block=\"true\">El foro busca generar espacios de di\u00e1logo, fortalecer redes locales y contribuir a la construcci\u00f3n de una agenda pol\u00edtica de participaci\u00f3n ciudadana.<\/p>\n<p data-prosemirror-content-type=\"node\" data-prosemirror-node-name=\"paragraph\" data-prosemirror-node-block=\"true\">Por la ma\u00f1ana se realiz\u00f3 una reuni\u00f3n de trabajo, a trav\u00e9s de un panel y una serie de talleres, a los que asistieron m\u00e1s de 30 intendentes junto con sus equipos de gobierno.<\/p>\n<p data-prosemirror-content-type=\"node\" data-prosemirror-node-name=\"paragraph\" data-prosemirror-node-block=\"true\">Adem\u00e1s de los intendentes regionales, participaron representantes de Villa Mercedes, San Luis y de General Pico, La Pampa.<\/p>\n<p data-prosemirror-content-type=\"node\" data-prosemirror-node-name=\"paragraph\" data-prosemirror-node-block=\"true\"><strong data-prosemirror-content-type=\"mark\" data-prosemirror-mark-name=\"strong\">Sobre la OIDP<\/strong><\/p>\n<p data-prosemirror-content-type=\"node\" data-prosemirror-node-name=\"paragraph\" data-prosemirror-node-block=\"true\">Desde 2001, el Observatorio Internacional de la Democracia Participativa (OIDP) es una red internacional abierta a todas las ciudades, organizaciones y centros de investigaci\u00f3n con inter\u00e9s en conocer, intercambiar y aplicar experiencias sobre democracia participativa en el \u00e1mbito local. Adem\u00e1s, desde el 2006 trabaja de manera conjunta con Ciudades y Gobiernos Locales Unidos (CGLU).<\/p>\n<p data-prosemirror-content-type=\"node\" data-prosemirror-node-name=\"paragraph\" data-prosemirror-node-block=\"true\">A la fecha, la red cuenta con casi 1700 ciudades miembros en todo el mundo, la mayor\u00eda concentradas en \u00c1frica y Sudam\u00e9rica.<\/p>\n<p data-prosemirror-content-type=\"node\" data-prosemirror-node-name=\"paragraph\" data-prosemirror-node-block=\"true\">El intendente Daniel Passerini es el actual Presidente del OIDP 2025.<\/p>\n","protected":false},"excerpt":{"rendered":"<p>Participaron jefes y jefas comunales y equipos de gobierno de m\u00e1s de 30 localidad del sur provincial. El foro busca generar espacios de di\u00e1logo, fortalecer redes locales y contribuir a la construcci\u00f3n de una agenda pol\u00edtica en la materia. Con la presencia de intendentes y jefes comunales de C\u00f3rdoba, este mi\u00e9rcoles comenz\u00f3 la Primera Cumbre [&hellip;]<\/p>\n","protected":false},"author":1,"featured_media":164022,"comment_status":"closed","ping_status":"closed","sticky":false,"template":"","format":"standard","meta":[],"categories":[44],"tags":[],"_links":{"self":[{"href":"http:\/\/cordobadirecto.com\/index.php\/wp-json\/wp\/v2\/posts\/164021"}],"collection":[{"href":"http:\/\/cordobadirecto.com\/index.php\/wp-json\/wp\/v2\/posts"}],"about":[{"href":"http:\/\/cordobadirecto.com\/index.php\/wp-json\/wp\/v2\/types\/post"}],"author":[{"embeddable":true,"href":"http:\/\/cordobadirecto.com\/index.php\/wp-json\/wp\/v2\/users\/1"}],"replies":[{"embeddable":true,"href":"http:\/\/cordobadirecto.com\/index.php\/wp-json\/wp\/v2\/comments?post=164021"}],"version-history":[{"count":0,"href":"http:\/\/cordobadirecto.com\/index.php\/wp-json\/wp\/v2\/posts\/164021\/revisions"}],"wp:featuredmedia":[{"embeddable":true,"href":"http:\/\/cordobadirecto.com\/index.php\/wp-json\/wp\/v2\/media\/164022"}],"wp:attachment":[{"href":"http:\/\/cordobadirecto.com\/index.php\/wp-json\/wp\/v2\/media?parent=164021"}],"wp:term":[{"taxonomy":"category","embeddable":true,"href":"http:\/\/cordobadirecto.com\/index.php\/wp-json\/wp\/v2\/categories?post=164021"},{"taxonomy":"post_tag","embeddable":true,"href":"http:\/\/cordobadirecto.com\/index.php\/wp-json\/wp\/v2\/tags?post=164021"}],"curies":[{"name":"wp","href":"https:\/\/api.w.org\/{rel}","templated":true}]}}