{"id":164026,"date":"2025-03-30T22:45:12","date_gmt":"2025-03-30T22:45:12","guid":{"rendered":"https:\/\/cordoba.gob.ar\/?p=76331"},"modified":"2025-03-30T22:45:12","modified_gmt":"2025-03-30T22:45:12","slug":"esta-semana-abriran-con-horario-extendido-los-cpc-de-san-vicente-monsenor-pablo-cabrera-centro-america-y-mercado-de-la-ciudad","status":"publish","type":"post","link":"http:\/\/cordobadirecto.com\/index.php\/2025\/03\/30\/esta-semana-abriran-con-horario-extendido-los-cpc-de-san-vicente-monsenor-pablo-cabrera-centro-america-y-mercado-de-la-ciudad\/","title":{"rendered":"Esta semana abrir\u00e1n con horario extendido los CPC de San Vicente, Monse\u00f1or Pablo Cabrera, Centro Am\u00e9rica y Mercado de la Ciudad"},"content":{"rendered":"<div><img src=\"http:\/\/cordobadirecto.com\/wp-content\/uploads\/2025\/03\/esta-semana-abriran-con-horario-extendido-los-cpc-de-san-vicente-monsenor-pablo-cabrera-centro-america-y-mercado-de-la-ciudad.jpg\" class=\"ff-og-image-inserted\"><\/div>\n<ul>\n<li data-prosemirror-content-type=\"node\" data-prosemirror-node-name=\"paragraph\" data-prosemirror-node-block=\"true\"><strong>Ser\u00e1 de 8 a 18 horas de martes a viernes y de 8 a 14 horas el s\u00e1bado.<\/strong><\/li>\n<li data-prosemirror-content-type=\"node\" data-prosemirror-node-name=\"paragraph\" data-prosemirror-node-block=\"true\"><strong><strong>El mi\u00e9rcoles no habr\u00e1 atenci\u00f3n por el feriado del D\u00eda del Veterano y de los Ca\u00eddos en la Guerra de las Malvinas.<\/strong><\/strong><br \/>\n<hr>\n<\/li>\n<\/ul>\n<p data-prosemirror-content-type=\"node\" data-prosemirror-node-name=\"paragraph\" data-prosemirror-node-block=\"true\">La Municipalidad de C\u00f3rdoba informa que esta semana cuatro CPC abrir\u00e1n sus puertas con horario extendido. En esta ocasi\u00f3n ser\u00e1n aquellos ubicados en San Vicente, Monse\u00f1or Pablo Cabrera, Centro Am\u00e9rica y Mercado de la Ciudad.<\/p>\n<p data-prosemirror-content-type=\"node\" data-prosemirror-node-name=\"paragraph\" data-prosemirror-node-block=\"true\">El horario de atenci\u00f3n ser\u00e1 de 8 a 18 horas, entre el lunes 31 de marzo y martes 4 de abril; y de 8 a 14 horas, el d\u00eda s\u00e1bado 5 de abril.<\/p>\n<p data-prosemirror-content-type=\"node\" data-prosemirror-node-name=\"paragraph\" data-prosemirror-node-block=\"true\">El resto de los CPC funcionar\u00e1 en su horario habitual de 8 a 14 horas.<\/p>\n<p data-prosemirror-content-type=\"node\" data-prosemirror-node-name=\"paragraph\" data-prosemirror-node-block=\"true\">El mi\u00e9rcoles 2 de abril no habr\u00e1 atenci\u00f3n al vecino por el feriado nacional del D\u00eda del Veterano y de los Ca\u00eddos en la guerra de Malvinas.<\/p>\n<p data-prosemirror-content-type=\"node\" data-prosemirror-node-name=\"paragraph\" data-prosemirror-node-block=\"true\">Ya son miles de vecinos que hacen sus tr\u00e1mites en el horario de la tarde y s\u00e1bados, con m\u00e1s de la mitad de los tr\u00e1mites realizados en esta franja horaria.<\/p>\n<p data-prosemirror-content-type=\"node\" data-prosemirror-node-name=\"paragraph\" data-prosemirror-node-block=\"true\">La ubicaci\u00f3n de estos Centros de Participaci\u00f3n Comunal es:<\/p>\n<ul class=\"ak-ul\" data-prosemirror-content-type=\"node\" data-prosemirror-node-name=\"bulletList\" data-prosemirror-node-block=\"true\" readability=\"3\">\n<li data-prosemirror-content-type=\"node\" data-prosemirror-node-name=\"listItem\" data-prosemirror-node-block=\"true\" readability=\"0\">\n<p data-prosemirror-content-type=\"node\" data-prosemirror-node-name=\"paragraph\" data-prosemirror-node-block=\"true\">CPC San Vicente: San Jer\u00f3nimo 2850, barrio San Vicente.<\/p>\n<\/li>\n<li data-prosemirror-content-type=\"node\" data-prosemirror-node-name=\"listItem\" data-prosemirror-node-block=\"true\" readability=\"0\">\n<p data-prosemirror-content-type=\"node\" data-prosemirror-node-name=\"paragraph\" data-prosemirror-node-block=\"true\">CPC Monse\u00f1or Pablo Cabrera: Av. Monse\u00f1or Pablo Cabrera 4800, barrio Poeta Lugones.<\/p>\n<\/li>\n<li data-prosemirror-content-type=\"node\" data-prosemirror-node-name=\"listItem\" data-prosemirror-node-block=\"true\" readability=\"0\">\n<p data-prosemirror-content-type=\"node\" data-prosemirror-node-name=\"paragraph\" data-prosemirror-node-block=\"true\">CPC Centro Am\u00e9rica: Av. Juan B. Justo 4350, barrio Centro Am\u00e9rica.<\/p>\n<\/li>\n<li data-prosemirror-content-type=\"node\" data-prosemirror-node-name=\"listItem\" data-prosemirror-node-block=\"true\" readability=\"0\">\n<p data-prosemirror-content-type=\"node\" data-prosemirror-node-name=\"paragraph\" data-prosemirror-node-block=\"true\">CPC Mercado de la Ciudad: Oncativo 50, barrio Centro<\/p>\n<\/li>\n<\/ul>\n<p data-prosemirror-content-type=\"node\" data-prosemirror-node-name=\"paragraph\" data-prosemirror-node-block=\"true\">La pr\u00f3xima semana, por otra parte, la atenci\u00f3n en horario extendido llegar\u00e1 a los CPC de Col\u00f3n, Villa El Libertador, Pueyrred\u00f3n y Gui\u00f1az\u00fa.<\/p>\n","protected":false},"excerpt":{"rendered":"<p>Ser\u00e1 de 8 a 18 horas de martes a viernes y de 8 a 14 horas el s\u00e1bado. El mi\u00e9rcoles no habr\u00e1 atenci\u00f3n por el feriado del D\u00eda del Veterano y de los Ca\u00eddos en la Guerra de las Malvinas. La Municipalidad de C\u00f3rdoba informa que esta semana cuatro CPC abrir\u00e1n sus puertas con horario [&hellip;]<\/p>\n","protected":false},"author":1,"featured_media":164027,"comment_status":"closed","ping_status":"closed","sticky":false,"template":"","format":"standard","meta":[],"categories":[44],"tags":[],"_links":{"self":[{"href":"http:\/\/cordobadirecto.com\/index.php\/wp-json\/wp\/v2\/posts\/164026"}],"collection":[{"href":"http:\/\/cordobadirecto.com\/index.php\/wp-json\/wp\/v2\/posts"}],"about":[{"href":"http:\/\/cordobadirecto.com\/index.php\/wp-json\/wp\/v2\/types\/post"}],"author":[{"embeddable":true,"href":"http:\/\/cordobadirecto.com\/index.php\/wp-json\/wp\/v2\/users\/1"}],"replies":[{"embeddable":true,"href":"http:\/\/cordobadirecto.com\/index.php\/wp-json\/wp\/v2\/comments?post=164026"}],"version-history":[{"count":0,"href":"http:\/\/cordobadirecto.com\/index.php\/wp-json\/wp\/v2\/posts\/164026\/revisions"}],"wp:featuredmedia":[{"embeddable":true,"href":"http:\/\/cordobadirecto.com\/index.php\/wp-json\/wp\/v2\/media\/164027"}],"wp:attachment":[{"href":"http:\/\/cordobadirecto.com\/index.php\/wp-json\/wp\/v2\/media?parent=164026"}],"wp:term":[{"taxonomy":"category","embeddable":true,"href":"http:\/\/cordobadirecto.com\/index.php\/wp-json\/wp\/v2\/categories?post=164026"},{"taxonomy":"post_tag","embeddable":true,"href":"http:\/\/cordobadirecto.com\/index.php\/wp-json\/wp\/v2\/tags?post=164026"}],"curies":[{"name":"wp","href":"https:\/\/api.w.org\/{rel}","templated":true}]}}