{"id":164028,"date":"2025-03-30T12:07:00","date_gmt":"2025-03-30T12:07:00","guid":{"rendered":"https:\/\/es.digitaltrends.com\/?p=1065695"},"modified":"2025-03-30T12:07:00","modified_gmt":"2025-03-30T12:07:00","slug":"como-se-formo-la-alianza-rebelde-en-star-wars","status":"publish","type":"post","link":"http:\/\/cordobadirecto.com\/index.php\/2025\/03\/30\/como-se-formo-la-alianza-rebelde-en-star-wars\/","title":{"rendered":"\u00bfC\u00f3mo se form\u00f3 la Alianza Rebelde en Star Wars?"},"content":{"rendered":"<div class=\"b-toc h-toc\"> <label for=\"dt-toc\"> Tabla de contenidos\t<\/label> <\/p>\n<div class=\"b-drop\"> <svg viewBox=\"0 0 35 20\">\n<polygon points=\"35,2.2 32.8,0 17.5,15.6 2.2,0 0,2.2 17.5,20\" \/>\n<\/svg> <\/div><\/div>\n<p>Cuando pensamos en <a href=\"https:\/\/es.digitaltrends.com\/entretenimiento\/the-acolyte-tipos-de-jedi-star-wars\/\">Star Wars<\/a>, una de las primeras im\u00e1genes que nos viene a la mente es la eterna lucha entre la Alianza Rebelde y el Imperio Gal\u00e1ctico. Pero, \u00bfalguna vez te has preguntado c\u00f3mo se form\u00f3 la Rebeli\u00f3n? No fue algo que surgiera de la nada: fue el resultado de a\u00f1os de opresi\u00f3n, resistencia y sacrificios de personajes clave que desafiaron a la tiran\u00eda del Emperador Palpatine. Con la nueva temporada de <a href=\"https:\/\/es.digitaltrends.com\/entretenimiento\/las-series-live-action-de-starwars-ordenadas-de-la-peor-a-la-mejor\/\"><em>Andor<\/em><\/a>&nbsp;en el horizonte, es el momento perfecto para profundizar en la historia de la Alianza Rebelde.<\/p>\n<h2><strong>El cambio en el canon de Star Wars<\/strong><\/h2>\n<figure id=\"attachment_969722\" aria-describedby=\"caption-attachment-969722\" class=\"wp-caption alignnone\"><img src=\"http:\/\/cordobadirecto.com\/wp-content\/uploads\/2025\/03\/como-se-formo-la-alianza-rebelde-en-star-wars.gif\" data-dt-lazy-src=\"https:\/\/es.digitaltrends.com\/wp-content\/uploads\/2022\/12\/mejores-series-disney-plus-diciembre.jpg?p=1\" decoding=\"async\" class=\"wp-image-969722 size-full h-lightbox is-zoomable dt-lazy-load dt-lazy-pending\" alt=\"Las mejores series en Disney Plus \u2013 Diego Luna en &quot;Andor&quot; (2022).\"><figcaption id=\"caption-attachment-969722\" class=\"wp-caption-text\"><span class=\"text\">Andor<\/span> <span class=\"credit\">Disney<\/span><\/figcaption><\/figure>\n<p>Antes de repasar la historia de la Alianza Rebelde, es importante aclarar qu\u00e9 forma parte del canon oficial y qu\u00e9 pertenece al universo <em>Legends<\/em>. En 2014, tras la compra de Lucasfilm por parte de Disney, se hizo un reinicio parcial de la continuidad. El antiguo Universo Expandido fue rebrandeado como <em>Legends<\/em> y solo las seis <a href=\"https:\/\/es.digitaltrends.com\/entretenimiento\/carteles-cine-polacos-censura\/\">pel\u00edculas<\/a> originales y <em>The Clone Wars<\/em> se mantuvieron como parte del nuevo canon. Esto significa que hay dos versiones de c\u00f3mo se form\u00f3 la Alianza Rebelde: la que se consideraba oficial antes de 2014 y la que ha sido desarrollada en el canon actual.<\/p>\n<div class=\"b-connatix b-connatix--video\" id=\"dt-cnx-container-67e936de82549\">\n<div class=\"b-connatix__label\"> Recommended Videos <\/div>\n<div class=\"b-connatix__container\"> <\/div>\n<\/div>\n<h2><strong>La formaci\u00f3n de la Alianza Rebelde en <em>Legends<\/em><\/strong><\/h2>\n<p>Desde el momento en que el Emperador Palpatine transform\u00f3 la Rep\u00fablica en el Imperio Gal\u00e1ctico, surgieron voces de oposici\u00f3n. Uno de los primeros movimientos de resistencia vino de la \u201cDelegaci\u00f3n de los 2,000\u201d, un grupo de senadores que intentaron frenar los poderes de emergencia de Palpatine. Sin embargo, el Emperador respondi\u00f3 con represalias, exiliando y eliminando a los disidentes.<\/p>\n<p>En los primeros a\u00f1os del Imperio, la resistencia era dispersa y desorganizada. Hubo rebeliones en planetas como Kashyyyk, Naboo y Kamino, pero fueron brutalmente reprimidas. Uno de los eventos clave que aviv\u00f3 la oposici\u00f3n fue la Masacre de Ghorman, en la que cientos de manifestantes pac\u00edficos fueron asesinados cuando una nave imperial aterriz\u00f3 deliberadamente sobre ellos.<\/p>\n<p>Los verdaderos cimientos de la Alianza Rebelde se establecieron cuando tres l\u00edderes clave comenzaron a coordinar esfuerzos: Bail Organa de Alderaan, Mon Mothma de Chandrila y Garm Bel Iblis de Corellia. Sus reuniones secretas en Coruscant, conocidas como las \u201cCharlas de Cantham House\u201d, sentaron las bases de una oposici\u00f3n estructurada al Imperio.<\/p>\n<figure id=\"attachment_1065698\" aria-describedby=\"caption-attachment-1065698\" class=\"wp-caption alignnone\"><img src=\"http:\/\/cordobadirecto.com\/wp-content\/uploads\/2025\/03\/como-se-formo-la-alianza-rebelde-en-star-wars.gif\" data-dt-lazy-src=\"https:\/\/es.digitaltrends.com\/wp-content\/uploads\/2025\/03\/Star-Wars_-The-Force-Unleashed-Lucasfilms-Games.jpg?fit=1200%2C800&amp;p=1\" decoding=\"async\" class=\"wp-image-1065698 size-full h-lightbox is-zoomable dt-lazy-load dt-lazy-pending\" alt=\"Star Wars_ The Force Unleashed \"><figcaption id=\"caption-attachment-1065698\" class=\"wp-caption-text\"><span class=\"text\">Star Wars: The Force Unleashed<\/span> <span class=\"credit\">Lucasfilms Games<\/span><\/figcaption><\/figure>\n<p>El evento que finalmente uni\u00f3 a estos l\u00edderes fue el Tratado de Corellia en 2 ABY (Antes de la Batalla de Yavin). Aqu\u00ed, se estableci\u00f3 oficialmente la Alianza Rebelde. Sin embargo, en el universo <em>Legends<\/em>, este tratado fue \u201cfacilitado\u201d por Galen Marek, tambi\u00e9n conocido como Starkiller, el aprendiz secreto de Darth Vader en el videojuego <em>The Force Unleashed<\/em>. Starkiller, inicialmente enviado para reunir a los rebeldes como una distracci\u00f3n para el Emperador, termin\u00f3 sacrific\u00e1ndose para que la Alianza pudiera sobrevivir. En su honor, el s\u00edmbolo de su familia fue adoptado como el emblema de la Rebeli\u00f3n.<\/p>\n<p>Con la Alianza oficialmente formada, Mon Mothma redact\u00f3 la Declaraci\u00f3n de la Rebelde, un manifiesto dirigido a Palpatine en el que enumeraba los cr\u00edmenes del Imperio, incluyendo la esclavitud de especies no humanas, el aumento de impuestos y la eliminaci\u00f3n del Senado Imperial. Este documento marc\u00f3 el inicio oficial de la Guerra Civil Gal\u00e1ctica.<\/p>\n<h2><strong>La formaci\u00f3n de la Alianza en el canon actual<\/strong><\/h2>\n<p>En la continuidad actual, la creaci\u00f3n de la Alianza no involucra a Starkiller. En su lugar, personajes como Mon Mothma y Saw Gerrera desempe\u00f1an papeles fundamentales. La serie <em>Rebels<\/em> y la pel\u00edcula <em>Rogue One<\/em> muestran c\u00f3mo la resistencia se fue consolidando en diferentes frentes hasta convertirse en una organizaci\u00f3n unificada.<\/p>\n<p>Uno de los eventos m\u00e1s importantes en esta versi\u00f3n es la Batalla de Scarif, en la que los rebeldes roban los planos de la Estrella de la Muerte. Aunque en <em>Legends<\/em> el conflicto comenz\u00f3 oficialmente con el Tratado de Corellia, en el canon actual, la guerra se intensifica a partir de los eventos de <em>Rogue One<\/em> y la destrucci\u00f3n de la Estrella de la Muerte en la Batalla de Yavin.<\/p>\n<h2><strong>Diferencias clave entre <em>Legends<\/em> y el canon<\/strong><\/h2>\n<figure id=\"attachment_1065699\" aria-describedby=\"caption-attachment-1065699\" class=\"wp-caption alignnone\"><img src=\"http:\/\/cordobadirecto.com\/wp-content\/uploads\/2025\/03\/como-se-formo-la-alianza-rebelde-en-star-wars.gif\" data-dt-lazy-src=\"https:\/\/es.digitaltrends.com\/wp-content\/uploads\/2025\/03\/Star-Wars_-Rogue-One-Giles-Keyte-Lucasfilm.jpg?fit=1200%2C800&amp;p=1\" decoding=\"async\" class=\"size-full wp-image-1065699 h-lightbox is-zoomable dt-lazy-load dt-lazy-pending\" alt=\"Star Wars_ Rogue One\"><figcaption id=\"caption-attachment-1065699\" class=\"wp-caption-text\"><span class=\"text\">Star Wars: Rogue One<\/span> <span class=\"credit\">Giles Keyte\/Lucasfilm<\/span><\/figcaption><\/figure>\n<p>Ambas versiones de la historia comparten una idea central: la Alianza Rebelde no se cre\u00f3 en un solo d\u00eda ni por un solo h\u00e9roe, sino gracias a la lucha de muchas personas que arriesgaron sus vidas para desafiar al Imperio. Sin embargo, hay diferencias importantes:<\/p>\n<ul>\n<li>En <em>Legends<\/em>, la Rebeli\u00f3n tiene un origen m\u00e1s estructurado con el Tratado de Corellia y la intervenci\u00f3n de Starkiller.<\/li>\n<li>En el canon actual, la formaci\u00f3n es m\u00e1s gradual y fragmentada, destacando la importancia de Mon Mothma y Saw Gerrera, junto con la Batalla de Scarif.<\/li>\n<li><em>Rogue One<\/em> y <em>Andor<\/em> exploran a fondo el sacrificio y la estrategia que hicieron posible la existencia de la Alianza.<\/li>\n<\/ul>\n<p>Independientemente de la versi\u00f3n que prefieras, la historia de la Alianza Rebelde es una de las m\u00e1s fascinantes del universo de Star Wars. Desde senadores disidentes hasta guerreros ca\u00eddos en desgracia, todos contribuyeron a la lucha contra la opresi\u00f3n del Imperio.<\/p>\n<p> <span id=\"publisher-md\" itemprop=\"publisher\" itemscope itemtype=\"https:\/\/schema.org\/Organization\"> <span itemprop=\"url\" itemtype=\"https:\/\/schema.org\/Url\" content=\"https:\/\/es.digitaltrends.com\"> <span itemprop=\"logo\" itemscope itemtype=\"https:\/\/schema.org\/ImageObject\"> <meta itemprop=\"url\" content=\"https:\/\/cdn.dtcn.com\/dt\/dt-logo-small.png\"> <meta itemprop=\"width\" content=\"0\"> <meta itemprop=\"height\" content=\"0\"> <\/span> <meta itemprop=\"name\" content=\"Digital Trends Espa\u00f1ol\"> <\/span> <span itemprop=\"image\" itemscope itemtype=\"https:\/\/schema.org\/ImageObject\"> <meta itemprop=\"url\" content=\"https:\/\/es.digitaltrends.com\/wp-content\/uploads\/2025\/03\/Alianza-Rebelde-StarWars.com_.jpg?p=1\"> <\/span> <\/span> <\/p>\n","protected":false},"excerpt":{"rendered":"<p>Tabla de contenidos Cuando pensamos en Star Wars, una de las primeras im\u00e1genes que nos viene a la mente es la eterna lucha entre la Alianza Rebelde y el Imperio Gal\u00e1ctico. Pero, \u00bfalguna vez te has preguntado c\u00f3mo se form\u00f3 la Rebeli\u00f3n? No fue algo que surgiera de la nada: fue el resultado de a\u00f1os [&hellip;]<\/p>\n","protected":false},"author":1,"featured_media":164029,"comment_status":"closed","ping_status":"closed","sticky":false,"template":"","format":"standard","meta":[],"categories":[18],"tags":[],"_links":{"self":[{"href":"http:\/\/cordobadirecto.com\/index.php\/wp-json\/wp\/v2\/posts\/164028"}],"collection":[{"href":"http:\/\/cordobadirecto.com\/index.php\/wp-json\/wp\/v2\/posts"}],"about":[{"href":"http:\/\/cordobadirecto.com\/index.php\/wp-json\/wp\/v2\/types\/post"}],"author":[{"embeddable":true,"href":"http:\/\/cordobadirecto.com\/index.php\/wp-json\/wp\/v2\/users\/1"}],"replies":[{"embeddable":true,"href":"http:\/\/cordobadirecto.com\/index.php\/wp-json\/wp\/v2\/comments?post=164028"}],"version-history":[{"count":0,"href":"http:\/\/cordobadirecto.com\/index.php\/wp-json\/wp\/v2\/posts\/164028\/revisions"}],"wp:featuredmedia":[{"embeddable":true,"href":"http:\/\/cordobadirecto.com\/index.php\/wp-json\/wp\/v2\/media\/164029"}],"wp:attachment":[{"href":"http:\/\/cordobadirecto.com\/index.php\/wp-json\/wp\/v2\/media?parent=164028"}],"wp:term":[{"taxonomy":"category","embeddable":true,"href":"http:\/\/cordobadirecto.com\/index.php\/wp-json\/wp\/v2\/categories?post=164028"},{"taxonomy":"post_tag","embeddable":true,"href":"http:\/\/cordobadirecto.com\/index.php\/wp-json\/wp\/v2\/tags?post=164028"}],"curies":[{"name":"wp","href":"https:\/\/api.w.org\/{rel}","templated":true}]}}