{"id":164049,"date":"2025-03-30T20:34:59","date_gmt":"2025-03-30T20:34:59","guid":{"rendered":"https:\/\/www.ole.com.ar\/autos\/paso-valentin-perrone-gp-americas-moto3-caida-accidente_0_jvBknDHwCA.html"},"modified":"2025-03-30T20:34:59","modified_gmt":"2025-03-30T20:34:59","slug":"que-le-paso-a-valentin-perrone-en-el-gp-de-las-americas-de-moto3","status":"publish","type":"post","link":"http:\/\/cordobadirecto.com\/index.php\/2025\/03\/30\/que-le-paso-a-valentin-perrone-en-el-gp-de-las-americas-de-moto3\/","title":{"rendered":"Qu\u00e9 le pas\u00f3 a Valent\u00edn Perrone en el GP de las Am\u00e9ricas de Moto3"},"content":{"rendered":"<p><time class=\"createDate\" datetime=\"2025-03-30T17:34:59-03:00\">30\/03\/2025 17:34hs.<\/time><\/p>\n<div id=\"storyBody\">\n<div class=\"custom-text \" readability=\"44\">\n<p>Por c\u00f3mo estaba corriendo, era esperable que <strong>Valent\u00edn Perrone (KTM)<\/strong> terminara su primera carrera en <strong>Moto3 <\/strong>y, para colmo, que lo hiciera a lo grande, sumando puntos luego de haber ganado much\u00edsimas posiciones. Sin embargo, al igual que le sucedi\u00f3 en Tailandia y Argentina, el <strong>GP de las Am\u00e9ricas<\/strong>, disputado en Texas, Estados Unidos, concluy\u00f3 de la peor manera para \u00e9l: <strong>sufri\u00f3 una ca\u00edda y estir\u00f3 esa mala racha que viene arrastrando.<\/strong><\/p>\n<\/div>\n<div class=\"custom-text \" readability=\"40\">\n<p>Entre el viernes y el s\u00e1bado, el argentino fue de menor a mayor. No le alcanz\u00f3 para obtener un buen resultado en la clasificaci\u00f3n, por el que debi\u00f3 conformarse con un 21er lugar en la grilla de partida, <strong>pero no le puso mala cara y se ubic\u00f3 en su caj\u00f3n de salida decidido a llevarse puestos a sus rivales<\/strong>. Despu\u00e9s de un inicio cauto, en el que no quiso arriesgar de m\u00e1s, el pibe de 17 a\u00f1os comenz\u00f3 a escalar posiciones de forma tal que lo hizo ver sencillo.<\/p>\n<\/div>\n<div class=\"sc-e7b891c4-0 ifHnQL image-embed\"><img alt=\"Valent\u00edn Perrone la estaba rompiendo en el GP de las Am\u00e9ricas. (IG)\" loading=\"lazy\" width=\"720\" height=\"100\" decoding=\"async\" data-nimg=\"1\" src=\"http:\/\/cordobadirecto.com\/wp-content\/uploads\/2025\/03\/que-le-paso-a-valentin-perrone-en-el-gp-de-las-americas-de-moto3.jpg\"><span class=\"epigraphe\">Valent\u00edn Perrone la estaba rompiendo en el GP de las Am\u00e9ricas. (IG)<\/span><\/div>\n<div class=\"custom-text \" readability=\"40\">\n<p>Ayudado por algunos incidentes que le permitieron ascender en el clasificador, <strong>Perrone se devor\u00f3 a cada uno que se cruz\u00f3 en su camino \u00a1hasta quedar 10\u00b0 en la carrera!<\/strong> Con poco para el final, sin importar si perd\u00eda alg\u00fan puesto, el trabajo estaba hecho y ser\u00eda m\u00e1s que reconocido. Sin embargo, una equivocaci\u00f3n lo llev\u00f3 al abandono: <strong>perdi\u00f3 la moto a la salida de la curva 6, se cay\u00f3 y se llev\u00f3 con \u00e9l al japon\u00e9s Ryusei Yamanaka (KTM)<\/strong>.<\/p>\n<\/div>\n<div class=\"custom-text \" readability=\"45\">\n<p>Pese al mal trago, y al hecho de que <strong>el Coyote no pudo terminar ninguna de las tres carreras que disput\u00f3<\/strong> (de la anterior, en Termas de R\u00edo Hondo, se march\u00f3 con un esguince de tobillo por una ca\u00edda), lo m\u00e1s destacable fue su performance a lo largo de la final. Por caso, el corredor con el que se accident\u00f3 es seis a\u00f1os mayor que \u00e9l y <strong>Jos\u00e9 Antonio Rueda, el espa\u00f1ol que gan\u00f3 el Gran Premio<\/strong>, dos. Compitiendo contra pilotos m\u00e1s experimentados, el argentino est\u00e1 dando la talla. Con Qatar en el horizonte, entre el 11 y el 13 de abril, ya va a salir&#8230;<\/p>\n<\/div>\n<p><h2><strong>El accidente de Valent\u00edn Perrone en el GP de las Am\u00e9ricas de Moto3<\/strong><\/h2>\n<\/p>\n<div class=\"sc-734b4696-1 kFfZtB\">\n<div class=\"sc-d00d9e74-0 hnHYbk\" type=\"embed\">\n<div class=\"sc-d00d9e74-1 iKVbz videoText\" id=\"contentTitleembedxFqlUeEc\" type=\"embed\"><svg fill=\"#ffffff\"><symbol id=\"play\" viewBox=\"0 0 512 512\"><path d=\"M512 256C512 397.4 397.4 512 256 512C114.6 512 0 397.4 0 256C0 114.6 114.6 0 256 0C397.4 0 512 114.6 512 256zM176 168V344C176 352.7 180.7 360.7 188.3 364.9C195.8 369.2 205.1 369 212.5 364.5L356.5 276.5C363.6 272.1 368 264.4 368 256C368 247.6 363.6 239.9 356.5 235.5L212.5 147.5C205.1 142.1 195.8 142.8 188.3 147.1C180.7 151.3 176 159.3 176 168V168z\" \/><\/symbol><use xlink:href=\"#play\" \/><\/svg><\/p>\n<div class=\"right\">\n<p>valentin perrone<!-- --> &#8211; <span>&nbsp;<\/span><\/p>\n<h2 class=\"title-vid\">La ca\u00edda de Valent\u00edn Perrone en el GP de Las Am\u00e9ricas<\/h2>\n<\/div>\n<\/div>\n<p><span class=\"back\" id=\"spanBackembedxFqlUeEc\"><\/span><\/div>\n<div class=\"JWvideoNota_title\">\n<p>Cr\u00e9dito: ESPN<\/p>\n<\/div>\n<\/div>\n<div class=\"sc-a7166897-0 eoLsBE\" readability=\"6\">\n<section readability=\"2\"><picture><img alt=\"Se suspendi\u00f3 la final del TC en Neuqu\u00e9n: \u00bfqu\u00e9 pas\u00f3?\" loading=\"lazy\" width=\"290\" height=\"290\" decoding=\"async\" data-nimg=\"1\" src=\"http:\/\/cordobadirecto.com\/wp-content\/uploads\/2025\/03\/que-le-paso-a-valentin-perrone-en-el-gp-de-las-americas-de-moto3-1.jpg\"><\/picture>\n<p><span>Mir\u00e1 tambi\u00e9n<\/span><\/p>\n<hr>\n<h3>Se suspendi\u00f3 la final del TC en Neuqu\u00e9n: \u00bfqu\u00e9 pas\u00f3?<\/h3>\n<\/p>\n<\/section>\n<\/div>\n<div class=\"sc-a7166897-0 eoLsBE\" readability=\"6.5\">\n<section readability=\"3\"><picture><img alt=\"El ambicioso objetivo de Yuki Tsunoda: &quot;S\u00e9 que ser\u00e1 dif\u00edcil, pero...&quot;\" loading=\"lazy\" width=\"290\" height=\"290\" decoding=\"async\" data-nimg=\"1\" src=\"http:\/\/cordobadirecto.com\/wp-content\/uploads\/2025\/03\/que-le-paso-a-valentin-perrone-en-el-gp-de-las-americas-de-moto3-2.jpg\"><\/picture>\n<p><span>Mir\u00e1 tambi\u00e9n<\/span><\/p>\n<hr>\n<h3>El ambicioso objetivo de Yuki Tsunoda: &#8220;S\u00e9 que ser\u00e1 dif\u00edcil, pero&#8230;&#8221;<\/h3>\n<\/p>\n<\/section>\n<\/div>\n<div class=\"sc-a7166897-0 eoLsBE\" readability=\"6\">\n<section readability=\"2\"><picture><img alt=\"La pica en Red Bull que gener\u00f3 Franco Colapinto y denunci\u00f3 un ex F\u00f3rmula 1\" loading=\"lazy\" width=\"290\" height=\"290\" decoding=\"async\" data-nimg=\"1\" src=\"http:\/\/cordobadirecto.com\/wp-content\/uploads\/2025\/03\/que-le-paso-a-valentin-perrone-en-el-gp-de-las-americas-de-moto3-3.jpg\"><\/picture>\n<p><span>Mir\u00e1 tambi\u00e9n<\/span><\/p>\n<hr>\n<h3>La pica en Red Bull que gener\u00f3 Franco Colapinto y denunci\u00f3 un ex F\u00f3rmula 1<\/h3>\n<\/p>\n<\/section>\n<\/div>\n<div class=\"sc-a7166897-0 eoLsBE\" readability=\"6.5\">\n<section readability=\"3\"><picture><img alt=\"\u00bfPreguntaron por Colapinto? El detr\u00e1s de escena de la reuni\u00f3n entre Red Bull y Alpine\" loading=\"lazy\" width=\"290\" height=\"290\" decoding=\"async\" data-nimg=\"1\" src=\"http:\/\/cordobadirecto.com\/wp-content\/uploads\/2025\/03\/que-le-paso-a-valentin-perrone-en-el-gp-de-las-americas-de-moto3-4.jpg\"><\/picture>\n<p><span>Mir\u00e1 tambi\u00e9n<\/span><\/p>\n<hr>\n<h3>\u00bfPreguntaron por Colapinto? El detr\u00e1s de escena de la reuni\u00f3n entre Red Bull y Alpine<\/h3>\n<\/p>\n<\/section>\n<\/div>\n<div class=\"sc-a7166897-0 eoLsBE\" readability=\"6.5\">\n<section readability=\"3\"><picture><img alt=\"Qu\u00e9 es el Turismo Carretera 2000, la categor\u00eda que rivalizar\u00e1 con el TC2000\" loading=\"lazy\" width=\"290\" height=\"290\" decoding=\"async\" data-nimg=\"1\" src=\"http:\/\/cordobadirecto.com\/wp-content\/uploads\/2025\/03\/que-le-paso-a-valentin-perrone-en-el-gp-de-las-americas-de-moto3-5.jpg\"><\/picture>\n<p><span>Mir\u00e1 tambi\u00e9n<\/span><\/p>\n<hr>\n<h3>Qu\u00e9 es el Turismo Carretera 2000, la categor\u00eda que rivalizar\u00e1 con el TC2000<\/h3>\n<\/p>\n<\/section>\n<\/div>\n<\/div>\n","protected":false},"excerpt":{"rendered":"<p>30\/03\/2025 17:34hs. Por c\u00f3mo estaba corriendo, era esperable que Valent\u00edn Perrone (KTM) terminara su primera carrera en Moto3 y, para colmo, que lo hiciera a lo grande, sumando puntos luego de haber ganado much\u00edsimas posiciones. Sin embargo, al igual que le sucedi\u00f3 en Tailandia y Argentina, el GP de las Am\u00e9ricas, disputado en Texas, Estados [&hellip;]<\/p>\n","protected":false},"author":1,"featured_media":164050,"comment_status":"closed","ping_status":"closed","sticky":false,"template":"","format":"standard","meta":[],"categories":[21],"tags":[],"_links":{"self":[{"href":"http:\/\/cordobadirecto.com\/index.php\/wp-json\/wp\/v2\/posts\/164049"}],"collection":[{"href":"http:\/\/cordobadirecto.com\/index.php\/wp-json\/wp\/v2\/posts"}],"about":[{"href":"http:\/\/cordobadirecto.com\/index.php\/wp-json\/wp\/v2\/types\/post"}],"author":[{"embeddable":true,"href":"http:\/\/cordobadirecto.com\/index.php\/wp-json\/wp\/v2\/users\/1"}],"replies":[{"embeddable":true,"href":"http:\/\/cordobadirecto.com\/index.php\/wp-json\/wp\/v2\/comments?post=164049"}],"version-history":[{"count":0,"href":"http:\/\/cordobadirecto.com\/index.php\/wp-json\/wp\/v2\/posts\/164049\/revisions"}],"wp:featuredmedia":[{"embeddable":true,"href":"http:\/\/cordobadirecto.com\/index.php\/wp-json\/wp\/v2\/media\/164050"}],"wp:attachment":[{"href":"http:\/\/cordobadirecto.com\/index.php\/wp-json\/wp\/v2\/media?parent=164049"}],"wp:term":[{"taxonomy":"category","embeddable":true,"href":"http:\/\/cordobadirecto.com\/index.php\/wp-json\/wp\/v2\/categories?post=164049"},{"taxonomy":"post_tag","embeddable":true,"href":"http:\/\/cordobadirecto.com\/index.php\/wp-json\/wp\/v2\/tags?post=164049"}],"curies":[{"name":"wp","href":"https:\/\/api.w.org\/{rel}","templated":true}]}}