{"id":164051,"date":"2025-03-30T19:22:30","date_gmt":"2025-03-30T19:22:30","guid":{"rendered":"https:\/\/www.ole.com.ar\/autos\/suspendio-carrera-final-tc-turismo-carretera-neuquen-paso_0_Xp6CwpNDfO.html"},"modified":"2025-03-30T19:22:30","modified_gmt":"2025-03-30T19:22:30","slug":"se-suspendio-la-final-del-tc-en-neuquen-que-paso","status":"publish","type":"post","link":"http:\/\/cordobadirecto.com\/index.php\/2025\/03\/30\/se-suspendio-la-final-del-tc-en-neuquen-que-paso\/","title":{"rendered":"Se suspendi\u00f3 la final del TC en Neuqu\u00e9n: \u00bfqu\u00e9 pas\u00f3?"},"content":{"rendered":"<p><span class=\"createDate\">30\/03\/2025 16:22hs.<\/span><time class=\"modificatedDate\" datetime=\"2025-03-30T17:15:02-03:00\"> Actualizado al 30\/03\/2025 17:15hs.<\/time><\/p>\n<div id=\"storyBody\">\n<div class=\"custom-text \" readability=\"44\">\n<p>A lo largo del domingo, <strong>hubo varios aperitivos para los hinchas en Neuqu\u00e9n<\/strong>. Las series del TC, tan entretenidas como pol\u00e9micas (Aguirre fue excluido por una maniobra con Werner); la segunda carrera del Turismo Carretera 2000, la categor\u00eda que promete rivalizar con el TC2000; la actividad de la F\u00f3rmula 2 Argentina, que se aleja de los turismos y ofrece algo distinto, pero faltaba lo mejor: <strong>la final de la categor\u00eda m\u00e1s antigua del mundo<\/strong>, la raz\u00f3n por la que miles de fierreros asistieron al circuito. Pactado para las 14.00hs, el evento se fue pateando por las condiciones clim\u00e1ticas hasta que la ACTC, sin m\u00e1s remedio, <strong>dijo basta y lo dio por terminado<\/strong>.<\/p>\n<\/div>\n<div class=\"custom-text \" readability=\"41\">\n<p>La jornada hab\u00eda arrancado con normalidad, pero a medida que transcurr\u00eda se ve\u00eda que las banderas no ondeaban sino que se manten\u00edan firmes por un viento incesante, que la tierra se levantaba obstruyendo la visibilidad y, en definitiva, <strong>que las m\u00e1quinas no podr\u00edan correr<\/strong>. Tanto los pilotos como la asociaci\u00f3n tuvieron la intenci\u00f3n de esperar y de que se terminara celebrando la final, pero las r\u00e1fagas de alrededor de 70km\/h lo impidieron. <strong>&#8220;Debido a las condiciones clim\u00e1ticas se da por concluida la competencia&#8221;<\/strong>, resolvi\u00f3 la ACTC.<\/p>\n<\/div>\n<div class=\"custom-text \" readability=\"40\">\n<p>La carrera no fue postergada sino que fue suspendida de manera permanente. De acuerdo al art\u00edculo 46 del reglamento deportivo, <strong>no se otorgar\u00e1n unidades<\/strong> debido a que se disput\u00f3 menos de un 20% del evento (en este caso, ni siquiera llegaron a largar), aunque <strong>&#8220;s\u00ed les van a otorgar los de las series y a aquel que hizo la pole position&#8221;<\/strong>, como indic\u00f3 Roberto Saibene, comisario deportivo de la ACTC.<\/p>\n<\/div>\n<div class=\"custom-text \" readability=\"38\">\n<p>En cuanto a la suspensi\u00f3n, Saibene explic\u00f3: &#8220;<strong>La pista no estaba en condiciones<\/strong> y se decidi\u00f3 en conjunto con la comisi\u00f3n directiva suspender la actividad porque no se pod\u00eda correr. Tenemos informaci\u00f3n precisa desde el aeropuerto de Buenos Aires que indica que <strong>esta condici\u00f3n se va a extender hasta las 22.00hs<\/strong>&#8220;. Otro que opin\u00f3, y que se marchar\u00e1 de Neuqu\u00e9n con la tranquilidad de haber sumado puntos fuertes (fue el que m\u00e1s consigui\u00f3 entre la pole y su victoria en la primera bater\u00eda), fue <strong>Agust\u00edn Canapino<\/strong>.<\/p>\n<\/div>\n<div class=\"custom-text \" readability=\"40\">\n<p>&#8220;Es una decisi\u00f3n de la categor\u00eda por la seguridad de todos. <strong>Es una pena que no le podamos dar al p\u00fablico el espect\u00e1culo que se merec\u00eda<\/strong>. A los que nos tocaba largar adelante nos vemos perjudicados, pero eso queda a un lado. Lo m\u00e1s importante es la seguridad de todos. <strong>El clima es incontrolable<\/strong>&#8220;, marc\u00f3 el tetracampe\u00f3n de TC, que al igual que el resto de la grilla volver\u00e1 a acelerar en Toay, La Pampa, el 20 de abril.<\/p>\n<\/div>\n<div class=\"sc-e7b891c4-0 ifHnQL image-embed\"><img alt=\"El p\u00fablico del Turismo Carretera se qued\u00f3 con las ganas de la carrera en Neuqu\u00e9n. (Prensa ACTC \/ TC)\" loading=\"lazy\" width=\"720\" height=\"100\" decoding=\"async\" data-nimg=\"1\" src=\"http:\/\/cordobadirecto.com\/wp-content\/uploads\/2025\/03\/se-suspendio-la-final-del-tc-en-neuquen-que-paso.jpg\"><span class=\"epigraphe\">El p\u00fablico del Turismo Carretera se qued\u00f3 con las ganas de la carrera en Neuqu\u00e9n. (Prensa ACTC \/ TC)<\/span><\/div>\n<p><h2><strong>As\u00ed terminaron las series del TC en Neuqu\u00e9n<\/strong><\/h2>\n<\/p>\n<p><h3>Serie 1<\/h3>\n<\/p>\n<div class=\"custom-text \">\n<ol>\n<li>A. Canapino<\/li>\n<li>Rossi<\/li>\n<li>M. Canapino<\/li>\n<li>Quijada<\/li>\n<li>Di Palma<\/li>\n<li>Trosset<\/li>\n<li>Scialchi<\/li>\n<li>Craparo<\/li>\n<li>Ledesma<\/li>\n<li>Ebarl\u00edn<\/li>\n<li>Cotignola<\/li>\n<li>Ferrante<\/li>\n<li>Alaux<\/li>\n<li>De Carlo<\/li>\n<li>Iribarne<\/li>\n<li>Werner<\/li>\n<li>Jalaf<\/li>\n<\/ol>\n<\/div>\n<p><h3>Serie 2<\/h3>\n<\/p>\n<div class=\"custom-text \">\n<ol>\n<li>Mangoni<\/li>\n<li>Urcera<\/li>\n<li>Agrelo<\/li>\n<li>Trucco<\/li>\n<li>Fritzler<\/li>\n<li>Olmedo<\/li>\n<li>Risatti<\/li>\n<li>Benvenuti<\/li>\n<li>\u00c1lvarez<\/li>\n<li>Chapur<\/li>\n<li>Catal\u00e1n Magni<\/li>\n<li>T. Mart\u00ednez<\/li>\n<li>Azar<\/li>\n<li>V\u00e1zquez<\/li>\n<li>Impiombato<\/li>\n<li>Candela<\/li>\n<li>Teti<\/li>\n<li>Landa<\/li>\n<\/ol>\n<\/div>\n<p><h3>Serie 3<\/h3>\n<\/p>\n<div class=\"custom-text \">\n<ol>\n<li>Lambiris<\/li>\n<li>Santero<\/li>\n<li>Castellano<\/li>\n<li>Bonelli<\/li>\n<li>De Benedictis<\/li>\n<li>Fa\u00edn<\/li>\n<li>De la Iglesia<\/li>\n<li>Serrano<\/li>\n<li>Jakos<\/li>\n<li>Fontana<\/li>\n<li>Ciantini<\/li>\n<li>Palazzo<\/li>\n<li>Ardusso<\/li>\n<li>Abella<\/li>\n<li>Domenech<\/li>\n<li>Todino<\/li>\n<li>A. Mart\u00ednez<\/li>\n<li>Spataro<\/li>\n<\/ol>\n<\/div>\n<div class=\"sc-e7b891c4-0 ifHnQL image-embed\"><img alt=\"El Turismo Carretera pas\u00f3 por Neuqu\u00e9n. (Prensa ACTC \/ TC)\" loading=\"lazy\" width=\"720\" height=\"100\" decoding=\"async\" data-nimg=\"1\" src=\"http:\/\/cordobadirecto.com\/wp-content\/uploads\/2025\/03\/se-suspendio-la-final-del-tc-en-neuquen-que-paso-1.jpg\"><span class=\"epigraphe\">El Turismo Carretera pas\u00f3 por Neuqu\u00e9n. (Prensa ACTC \/ TC)<\/span><\/div>\n<div class=\"sc-a7166897-0 eoLsBE\" readability=\"6.5\">\n<section readability=\"3\"><picture><img alt=\"El ambicioso objetivo de Yuki Tsunoda: &quot;S\u00e9 que ser\u00e1 dif\u00edcil, pero...&quot;\" loading=\"lazy\" width=\"290\" height=\"290\" decoding=\"async\" data-nimg=\"1\" src=\"http:\/\/cordobadirecto.com\/wp-content\/uploads\/2025\/03\/se-suspendio-la-final-del-tc-en-neuquen-que-paso-2.jpg\"><\/picture>\n<p><span>Mir\u00e1 tambi\u00e9n<\/span><\/p>\n<hr>\n<h3>El ambicioso objetivo de Yuki Tsunoda: &#8220;S\u00e9 que ser\u00e1 dif\u00edcil, pero&#8230;&#8221;<\/h3>\n<\/p>\n<\/section>\n<\/div>\n<div class=\"sc-a7166897-0 eoLsBE\" readability=\"6\">\n<section readability=\"2\"><picture><img alt=\"La pica en Red Bull que gener\u00f3 Franco Colapinto y denunci\u00f3 un ex F\u00f3rmula 1\" loading=\"lazy\" width=\"290\" height=\"290\" decoding=\"async\" data-nimg=\"1\" src=\"http:\/\/cordobadirecto.com\/wp-content\/uploads\/2025\/03\/se-suspendio-la-final-del-tc-en-neuquen-que-paso-3.jpg\"><\/picture>\n<p><span>Mir\u00e1 tambi\u00e9n<\/span><\/p>\n<hr>\n<h3>La pica en Red Bull que gener\u00f3 Franco Colapinto y denunci\u00f3 un ex F\u00f3rmula 1<\/h3>\n<\/p>\n<\/section>\n<\/div>\n<div class=\"sc-a7166897-0 eoLsBE\" readability=\"6.5\">\n<section readability=\"3\"><picture><img alt=\"Qu\u00e9 es el Turismo Carretera 2000, la categor\u00eda que rivalizar\u00e1 con el TC2000\" loading=\"lazy\" width=\"290\" height=\"290\" decoding=\"async\" data-nimg=\"1\" src=\"http:\/\/cordobadirecto.com\/wp-content\/uploads\/2025\/03\/se-suspendio-la-final-del-tc-en-neuquen-que-paso-4.jpg\"><\/picture>\n<p><span>Mir\u00e1 tambi\u00e9n<\/span><\/p>\n<hr>\n<h3>Qu\u00e9 es el Turismo Carretera 2000, la categor\u00eda que rivalizar\u00e1 con el TC2000<\/h3>\n<\/p>\n<\/section>\n<\/div>\n<div class=\"sc-a7166897-0 eoLsBE\" readability=\"6\">\n<section readability=\"2\"><picture><img alt=\"Qu\u00e9 dijo Liam Lawson tras haber sido despojado de su asiento en Red Bull\" loading=\"lazy\" width=\"290\" height=\"290\" decoding=\"async\" data-nimg=\"1\" src=\"http:\/\/cordobadirecto.com\/wp-content\/uploads\/2025\/03\/se-suspendio-la-final-del-tc-en-neuquen-que-paso-5.jpg\"><\/picture>\n<p><span>Mir\u00e1 tambi\u00e9n<\/span><\/p>\n<hr>\n<h3>Qu\u00e9 dijo Liam Lawson tras haber sido despojado de su asiento en Red Bull<\/h3>\n<\/p>\n<\/section>\n<\/div>\n<div class=\"sc-a7166897-0 eoLsBE\" readability=\"6\">\n<section readability=\"2\"><picture><img alt=\"\u00bfRed Bull prepara una sorpresa tras haber anunciado a Tsunoda?\" loading=\"lazy\" width=\"290\" height=\"290\" decoding=\"async\" data-nimg=\"1\" src=\"http:\/\/cordobadirecto.com\/wp-content\/uploads\/2025\/03\/se-suspendio-la-final-del-tc-en-neuquen-que-paso-6.jpg\"><\/picture>\n<p><span>Mir\u00e1 tambi\u00e9n<\/span><\/p>\n<hr>\n<h3>\u00bfRed Bull prepara una sorpresa tras haber anunciado a Tsunoda?<\/h3>\n<\/p>\n<\/section>\n<\/div>\n<\/div>\n","protected":false},"excerpt":{"rendered":"<p>30\/03\/2025 16:22hs. Actualizado al 30\/03\/2025 17:15hs. A lo largo del domingo, hubo varios aperitivos para los hinchas en Neuqu\u00e9n. Las series del TC, tan entretenidas como pol\u00e9micas (Aguirre fue excluido por una maniobra con Werner); la segunda carrera del Turismo Carretera 2000, la categor\u00eda que promete rivalizar con el TC2000; la actividad de la F\u00f3rmula [&hellip;]<\/p>\n","protected":false},"author":1,"featured_media":164052,"comment_status":"closed","ping_status":"closed","sticky":false,"template":"","format":"standard","meta":[],"categories":[21],"tags":[],"_links":{"self":[{"href":"http:\/\/cordobadirecto.com\/index.php\/wp-json\/wp\/v2\/posts\/164051"}],"collection":[{"href":"http:\/\/cordobadirecto.com\/index.php\/wp-json\/wp\/v2\/posts"}],"about":[{"href":"http:\/\/cordobadirecto.com\/index.php\/wp-json\/wp\/v2\/types\/post"}],"author":[{"embeddable":true,"href":"http:\/\/cordobadirecto.com\/index.php\/wp-json\/wp\/v2\/users\/1"}],"replies":[{"embeddable":true,"href":"http:\/\/cordobadirecto.com\/index.php\/wp-json\/wp\/v2\/comments?post=164051"}],"version-history":[{"count":0,"href":"http:\/\/cordobadirecto.com\/index.php\/wp-json\/wp\/v2\/posts\/164051\/revisions"}],"wp:featuredmedia":[{"embeddable":true,"href":"http:\/\/cordobadirecto.com\/index.php\/wp-json\/wp\/v2\/media\/164052"}],"wp:attachment":[{"href":"http:\/\/cordobadirecto.com\/index.php\/wp-json\/wp\/v2\/media?parent=164051"}],"wp:term":[{"taxonomy":"category","embeddable":true,"href":"http:\/\/cordobadirecto.com\/index.php\/wp-json\/wp\/v2\/categories?post=164051"},{"taxonomy":"post_tag","embeddable":true,"href":"http:\/\/cordobadirecto.com\/index.php\/wp-json\/wp\/v2\/tags?post=164051"}],"curies":[{"name":"wp","href":"https:\/\/api.w.org\/{rel}","templated":true}]}}