{"id":164061,"date":"2025-03-31T21:40:12","date_gmt":"2025-03-31T21:40:12","guid":{"rendered":"https:\/\/cordoba.gob.ar\/?p=76359"},"modified":"2025-03-31T21:40:12","modified_gmt":"2025-03-31T21:40:12","slug":"43-anos-de-la-guerra-de-malvinas-cordoba-rendira-honor-a-los-veteranos-con-la-tradicional-vigilia","status":"publish","type":"post","link":"http:\/\/cordobadirecto.com\/index.php\/2025\/03\/31\/43-anos-de-la-guerra-de-malvinas-cordoba-rendira-honor-a-los-veteranos-con-la-tradicional-vigilia\/","title":{"rendered":"43 a\u00f1os de la Guerra de Malvinas: C\u00f3rdoba rendir\u00e1 honor a los veteranos con la tradicional vigilia"},"content":{"rendered":"<div><img src=\"http:\/\/cordobadirecto.com\/wp-content\/uploads\/2025\/03\/43-anos-de-la-guerra-de-malvinas-cordoba-rendira-honor-a-los-veteranos-con-la-tradicional-vigilia.jpg\" class=\"ff-og-image-inserted\"><\/div>\n<ul>\n<li data-renderer-start-pos=\"105\"><strong>Desde las 21 horas en la Plaza de la Intendencia-H\u00e9roes de Malvinas.<\/strong><\/li>\n<li data-renderer-start-pos=\"177\"><strong>El cierre de los espect\u00e1culos culturales estar\u00e1 a cargo del \u201cIndio\u201d Lucio Rojas.<\/strong><\/li>\n<li data-renderer-start-pos=\"280\"><strong>El artista Ariel Ocampo realizar\u00e1 un trabajo art\u00edstico en vivo durante la v\u00edspera.<\/strong><\/li>\n<\/ul>\n<hr>\n<p data-renderer-start-pos=\"358\">En el marco de la conmemoraci\u00f3n del 43\u00b0 aniversario de la Guerra de Malvinas, la Municipalidad de C\u00f3rdoba junto al Gobierno de la Provincia de C\u00f3rdoba invitan a las y los vecinos a participar de las actividades que se llevar\u00e1n a cabo el martes 1 de abril.<\/p>\n<p data-renderer-start-pos=\"615\">A las 21 horas se dar\u00e1 inicio a la tradicional vigilia junto a veteranos de Malvinas en la Plaza de la Intendencia-H\u00e9roes de Malvinas.<\/p>\n<p data-renderer-start-pos=\"751\">La agenda de la conmemoraci\u00f3n incluye propuestas culturales para toda la familia con los shows de Nicol\u00e1s Villa, Facundo Toro, Antonella Oddi, la danza de Aimara Rodr\u00edguez y la actuaci\u00f3n especial de \u201cIndio\u201d Lucio Rojas.<\/p>\n<p data-renderer-start-pos=\"972\">Durante las presentaciones, el artista pl\u00e1stico Ariel Ocampo pintar\u00e1 una imagen alusiva en un lienzo de grandes dimensiones (2 metros x 2 metros).<\/p>\n<p data-renderer-start-pos=\"1120\">La antesala al 2 de abril tambi\u00e9n contar\u00e1 con la participaci\u00f3n de Carlos \u201cBocha\u201d Houriet, quien relatar\u00e1 la llegada al D\u00eda del Veterano y de los Ca\u00eddos en la Guerra de Malvinas.<\/p>\n<p data-renderer-start-pos=\"1299\">A la medianoche, se entonar\u00e1n las estrofas del Himno Nacional Argentino y la Marcha de Malvinas interpretadas por la banda \u201cBoquer\u00f3n\u201d del Regimiento de Infanter\u00eda Paracaidistas 2 \u201cGeneral Balcarce\u201d.<\/p>\n<p data-renderer-start-pos=\"1499\">Adem\u00e1s, se les servir\u00e1 a los vecinos y vecinas el tradicional chocolate caliente.<\/p>\n<p data-renderer-start-pos=\"1582\"><strong data-renderer-mark=\"true\">2 de abril: D\u00eda del Veterano y de los Ca\u00eddos en la Guerra de Malvinas<\/strong><\/p>\n<p data-renderer-start-pos=\"1653\">La conmemoraci\u00f3n del 2 de Abril como el D\u00eda del Veterano y de los Ca\u00eddos en la guerra de Malvinas fue establecido por la ley 25.370, sancionada por el Congreso Nacional el 22 de noviembre del 2000. Esta ley tambi\u00e9n lo design\u00f3 como feriado nacional.<\/p>\n","protected":false},"excerpt":{"rendered":"<p>Desde las 21 horas en la Plaza de la Intendencia-H\u00e9roes de Malvinas. El cierre de los espect\u00e1culos culturales estar\u00e1 a cargo del \u201cIndio\u201d Lucio Rojas. El artista Ariel Ocampo realizar\u00e1 un trabajo art\u00edstico en vivo durante la v\u00edspera. En el marco de la conmemoraci\u00f3n del 43\u00b0 aniversario de la Guerra de Malvinas, la Municipalidad de [&hellip;]<\/p>\n","protected":false},"author":1,"featured_media":164062,"comment_status":"closed","ping_status":"closed","sticky":false,"template":"","format":"standard","meta":[],"categories":[44],"tags":[],"_links":{"self":[{"href":"http:\/\/cordobadirecto.com\/index.php\/wp-json\/wp\/v2\/posts\/164061"}],"collection":[{"href":"http:\/\/cordobadirecto.com\/index.php\/wp-json\/wp\/v2\/posts"}],"about":[{"href":"http:\/\/cordobadirecto.com\/index.php\/wp-json\/wp\/v2\/types\/post"}],"author":[{"embeddable":true,"href":"http:\/\/cordobadirecto.com\/index.php\/wp-json\/wp\/v2\/users\/1"}],"replies":[{"embeddable":true,"href":"http:\/\/cordobadirecto.com\/index.php\/wp-json\/wp\/v2\/comments?post=164061"}],"version-history":[{"count":0,"href":"http:\/\/cordobadirecto.com\/index.php\/wp-json\/wp\/v2\/posts\/164061\/revisions"}],"wp:featuredmedia":[{"embeddable":true,"href":"http:\/\/cordobadirecto.com\/index.php\/wp-json\/wp\/v2\/media\/164062"}],"wp:attachment":[{"href":"http:\/\/cordobadirecto.com\/index.php\/wp-json\/wp\/v2\/media?parent=164061"}],"wp:term":[{"taxonomy":"category","embeddable":true,"href":"http:\/\/cordobadirecto.com\/index.php\/wp-json\/wp\/v2\/categories?post=164061"},{"taxonomy":"post_tag","embeddable":true,"href":"http:\/\/cordobadirecto.com\/index.php\/wp-json\/wp\/v2\/tags?post=164061"}],"curies":[{"name":"wp","href":"https:\/\/api.w.org\/{rel}","templated":true}]}}