{"id":164063,"date":"2025-03-31T21:25:35","date_gmt":"2025-03-31T21:25:35","guid":{"rendered":"https:\/\/cordoba.gob.ar\/?p=76338"},"modified":"2025-03-31T21:25:35","modified_gmt":"2025-03-31T21:25:35","slug":"passerini-lanzo-la-cuarta-edicion-del-programa-de-educacion-ambiental-que-ya-llego-a-mas-de-37-mil-estudiantes-de-100-escuelas","status":"publish","type":"post","link":"http:\/\/cordobadirecto.com\/index.php\/2025\/03\/31\/passerini-lanzo-la-cuarta-edicion-del-programa-de-educacion-ambiental-que-ya-llego-a-mas-de-37-mil-estudiantes-de-100-escuelas\/","title":{"rendered":"Passerini lanz\u00f3 la cuarta edici\u00f3n del programa de educaci\u00f3n ambiental que ya lleg\u00f3 a m\u00e1s de 37 mil estudiantes de 100 escuelas"},"content":{"rendered":"<div><img src=\"http:\/\/cordobadirecto.com\/wp-content\/uploads\/2025\/03\/passerini-lanzo-la-cuarta-edicion-del-programa-de-educacion-ambiental-que-ya-llego-a-mas-de-37-mil-estudiantes-de-100-escuelas.jpg\" class=\"ff-og-image-inserted\"><\/div>\n<ul>\n<li data-prosemirror-content-type=\"node\" data-prosemirror-node-name=\"paragraph\" data-prosemirror-node-block=\"true\"><strong>Desde este lunes, las escuelas de la ciudad podr\u00e1n inscribirse gratuitamente para participar de los proyectos del programa \u201cEscuelas Verdes\u201d.<\/strong><\/li>\n<\/ul>\n<hr>\n<p data-prosemirror-content-type=\"node\" data-prosemirror-node-name=\"paragraph\" data-prosemirror-node-block=\"true\">El intendente Daniel Passerini encabez\u00f3 el lanzamiento de la edici\u00f3n 2025 de Escuelas Verdes: un programa de la Municipalidad de C\u00f3rdoba que lleva la educaci\u00f3n ambiental a las escuelas de la ciudad.<\/p>\n<p data-prosemirror-content-type=\"node\" data-prosemirror-node-name=\"paragraph\" data-prosemirror-node-block=\"true\">Es la cuarta edici\u00f3n del programa iniciado en 2022 que invita a los niveles inicial, primario y secundario, tanto del sector p\u00fablico como el privado, a participar en los proyectos.<\/p>\n<p data-prosemirror-content-type=\"node\" data-prosemirror-node-name=\"paragraph\" data-prosemirror-node-block=\"true\">M\u00e1s de 37 mil estudiantes de 100 escuelas ya se formaron para cuidar el ambiente y fomentar el compromiso socioambiental.<\/p>\n<p data-prosemirror-content-type=\"node\" data-prosemirror-node-name=\"paragraph\" data-prosemirror-node-block=\"true\">\u201cEl motor de transformaci\u00f3n de una comunidad est\u00e1 en las instituciones educativas. Desde all\u00ed queremos acompa\u00f1ar, comprometernos y marcar un camino para recorrer juntos. El cambio clim\u00e1tico no nos debe preocupar; nos debe ocupar\u201d, asegur\u00f3 Passerini frente a los alumnos y alumnas de la escuela Francisco Vidal, al norte de la ciudad.<\/p>\n<p data-prosemirror-content-type=\"node\" data-prosemirror-node-name=\"paragraph\" data-prosemirror-node-block=\"true\">\u201cHoy tenemos que reafirmar que el ambiente es importante. Ante el negacionismo, no nos queda opci\u00f3n que trabajar con m\u00e1s \u00edmpetu, con m\u00e1s fuerza, educ\u00e1ndonos\u201d, remarc\u00f3 por su parte el secretario de Ambiente Sustentable y Econom\u00eda Circular, Jorge Folloni.<\/p>\n<p data-prosemirror-content-type=\"node\" data-prosemirror-node-name=\"paragraph\" data-prosemirror-node-block=\"true\">La acci\u00f3n es impulsada por la Universidad Libre del Ambiente (ULA), con la participaci\u00f3n de la Direcci\u00f3n de Higiene Urbana, las empresas de recolecci\u00f3n de residuos LAM, Lusa y Urbacor, y la empresa de energ\u00eda EPEC.<\/p>\n<p data-prosemirror-content-type=\"node\" data-prosemirror-node-name=\"paragraph\" data-prosemirror-node-block=\"true\">\u201cEste programa no solo impacta en las aulas, sino en toda la comunidad. Cada escuela que participa se convierte en un par de transformaci\u00f3n. Cada uno de los estudiantes replica la informaci\u00f3n que reciben y se convierten en agentes de cambio, generando esa informaci\u00f3n en sus padres, sus amigos, familia, en sus hogares\u201d, subray\u00f3 la directora de la ULA, Daniela Morales Leanza.<\/p>\n<p data-prosemirror-content-type=\"node\" data-prosemirror-node-name=\"paragraph\" data-prosemirror-node-block=\"true\">Tambi\u00e9n fueron parte del lanzamiento la secretaria de Educaci\u00f3n, Alicia La Terza; el director de Higiene Urbana, Cristian Rold\u00e1n; el director del Instituto de Protecci\u00f3n Ambiental y Animal, Daniel Cardozo; y la directora de la escuela Francisco Vidal, Andrea Cleppe.<\/p>\n<p data-prosemirror-content-type=\"node\" data-prosemirror-node-name=\"paragraph\" data-prosemirror-node-block=\"true\"><strong data-prosemirror-content-type=\"mark\" data-prosemirror-mark-name=\"strong\">C\u00f3mo ser\u00e1 el programa este a\u00f1o<\/strong><\/p>\n<p data-prosemirror-content-type=\"node\" data-prosemirror-node-name=\"paragraph\" data-prosemirror-node-block=\"true\">Para 2025, el programa Escuelas Verdes se organizar\u00e1 dentro de seis proyectos:<\/p>\n<ul class=\"ak-ul\" data-prosemirror-content-type=\"node\" data-prosemirror-node-name=\"bulletList\" data-prosemirror-node-block=\"true\" readability=\"2\">\n<li data-prosemirror-content-type=\"node\" data-prosemirror-node-name=\"listItem\" data-prosemirror-node-block=\"true\" readability=\"-1\">\n<p data-prosemirror-content-type=\"node\" data-prosemirror-node-name=\"paragraph\" data-prosemirror-node-block=\"true\">Promoci\u00f3n de la Ciudadan\u00eda Ambiental<\/p>\n<\/li>\n<li data-prosemirror-content-type=\"node\" data-prosemirror-node-name=\"listItem\" data-prosemirror-node-block=\"true\" readability=\"-1\">\n<p data-prosemirror-content-type=\"node\" data-prosemirror-node-name=\"paragraph\" data-prosemirror-node-block=\"true\">Adaptaci\u00f3n al Cambio Clim\u00e1tico<\/p>\n<\/li>\n<li data-prosemirror-content-type=\"node\" data-prosemirror-node-name=\"listItem\" data-prosemirror-node-block=\"true\" readability=\"-1\">\n<p data-prosemirror-content-type=\"node\" data-prosemirror-node-name=\"paragraph\" data-prosemirror-node-block=\"true\">Gesti\u00f3n de Residuos y Compostaje<\/p>\n<\/li>\n<li data-prosemirror-content-type=\"node\" data-prosemirror-node-name=\"listItem\" data-prosemirror-node-block=\"true\">\n<p data-prosemirror-content-type=\"node\" data-prosemirror-node-name=\"paragraph\" data-prosemirror-node-block=\"true\">Huertas Agroecol\u00f3gicas<\/p>\n<\/li>\n<li data-prosemirror-content-type=\"node\" data-prosemirror-node-name=\"listItem\" data-prosemirror-node-block=\"true\" readability=\"-1\">\n<p data-prosemirror-content-type=\"node\" data-prosemirror-node-name=\"paragraph\" data-prosemirror-node-block=\"true\">Diversidad Biol\u00f3gica y Salud<\/p>\n<\/li>\n<li data-prosemirror-content-type=\"node\" data-prosemirror-node-name=\"listItem\" data-prosemirror-node-block=\"true\" readability=\"-1\">\n<p data-prosemirror-content-type=\"node\" data-prosemirror-node-name=\"paragraph\" data-prosemirror-node-block=\"true\">El Ambiente desde la Cultura<\/p>\n<\/li>\n<\/ul>\n<p data-prosemirror-content-type=\"node\" data-prosemirror-node-name=\"paragraph\" data-prosemirror-node-block=\"true\">Las inscripciones se encuentran abiertas en la <a href=\"https:\/\/ambiente.cordoba.gob.ar\/ula\/\">web de la ULA<\/a>.<\/p>\n<p data-prosemirror-content-type=\"node\" data-prosemirror-node-name=\"paragraph\" data-prosemirror-node-block=\"true\">La participaci\u00f3n es gratuita. Las escuelas deber\u00e1n completar un formulario en el que designen a una persona responsable de estar en contacto con la coordinaci\u00f3n del programa y elegir uno de los seis proyectos a llevar a cabo.<\/p>\n<p data-prosemirror-content-type=\"node\" data-prosemirror-node-name=\"paragraph\" data-prosemirror-node-block=\"true\">En sucesivas oportunidades, podr\u00e1n ir completando los dem\u00e1s proyectos. Las instituciones que concluyan los seis, ser\u00e1n certificadas como \u201cescuelas verdes distinguidas\u201d.<\/p>\n<p data-prosemirror-content-type=\"node\" data-prosemirror-node-name=\"paragraph\" data-prosemirror-node-block=\"true\"><strong data-prosemirror-content-type=\"mark\" data-prosemirror-mark-name=\"strong\">C\u00f3mo se trabajan los proyectos<\/strong><\/p>\n<p data-prosemirror-content-type=\"node\" data-prosemirror-node-name=\"paragraph\" data-prosemirror-node-block=\"true\">El programa se fundamenta en una serie de ODS destinados a mejorar las condiciones de vida en las ciudades y comunidades, asegurar la responsabilidad en el consumo y generar energ\u00eda asequible y no contaminante, entre otros.<\/p>\n<p data-prosemirror-content-type=\"node\" data-prosemirror-node-name=\"paragraph\" data-prosemirror-node-block=\"true\">Se desarrollar\u00e1 a trav\u00e9s de una serie de capacitaciones y actividades pr\u00e1cticas con el objetivo de formar una conciencia ambiental y la adopci\u00f3n de pr\u00e1cticas y h\u00e1bitos que contribuyan a la construcci\u00f3n de una ciudad sostenible.<\/p>\n<p data-prosemirror-content-type=\"node\" data-prosemirror-node-name=\"paragraph\" data-prosemirror-node-block=\"true\">El proyecto \u201cPromoci\u00f3n de la Ciudadan\u00eda Ambiental\u201d se desarrollar\u00e1 a trav\u00e9s de un Taller de Ciudadan\u00eda Ambiental en el que los estudiantes podr\u00e1n participar de una simulaci\u00f3n de gobierno, mercado y relaciones sociales, as\u00ed como tambi\u00e9n participar de Charlas Debate sobre temas espec\u00edficos de inter\u00e9s ambiental.<\/p>\n<p data-prosemirror-content-type=\"node\" data-prosemirror-node-name=\"paragraph\" data-prosemirror-node-block=\"true\">El proyecto \u201cAdaptaci\u00f3n al cambio clim\u00e1tico\u201d tendr\u00e1 un Taller de Acci\u00f3n Clim\u00e1tica para planificar una acci\u00f3n de adaptaci\u00f3n al cambio clim\u00e1tico en la escuela, el barrio o los hogares de los alumnos y alumnas.<\/p>\n<p data-prosemirror-content-type=\"node\" data-prosemirror-node-name=\"paragraph\" data-prosemirror-node-block=\"true\">El proyecto \u201cGesti\u00f3n de residuos y compostaje\u201d propone que la comunidad educativa dise\u00f1e y ponga en pr\u00e1ctica un plan de gesti\u00f3n de residuos escolar, en el marco de la Econom\u00eda Circular.<\/p>\n<p data-prosemirror-content-type=\"node\" data-prosemirror-node-name=\"paragraph\" data-prosemirror-node-block=\"true\">El proyecto \u201cHuertas Agroecol\u00f3gicas\u201d aborda contenidos sobre las distintas etapas de una huerta y los beneficios de la producci\u00f3n de alimentos sanos y nutritivos, a trav\u00e9s capacitaciones, y concluye con el armado de una huerta en la escuela.<\/p>\n<p data-prosemirror-content-type=\"node\" data-prosemirror-node-name=\"paragraph\" data-prosemirror-node-block=\"true\">El proyecto \u201cDiversidad Biol\u00f3gica y Salud\u201d destaca la importancia de la preservaci\u00f3n de la biodiversidad, especies nativas, arbolado urbano y calidad de vida de las personas, mediante una serie de charlas en las escuelas.<\/p>\n<p data-prosemirror-content-type=\"node\" data-prosemirror-node-name=\"paragraph\" data-prosemirror-node-block=\"true\">El proyecto \u201cEl Ambiente desde la Cultura\u201d busca interpelar a los ni\u00f1os, ni\u00f1as y adolescentes a trav\u00e9s del cine, el dibujo, la escritura y el teatro, mediante actividades que despierten su inter\u00e9s en su v\u00ednculo con estas formas art\u00edsticas.<\/p>\n","protected":false},"excerpt":{"rendered":"<p>Desde este lunes, las escuelas de la ciudad podr\u00e1n inscribirse gratuitamente para participar de los proyectos del programa \u201cEscuelas Verdes\u201d. El intendente Daniel Passerini encabez\u00f3 el lanzamiento de la edici\u00f3n 2025 de Escuelas Verdes: un programa de la Municipalidad de C\u00f3rdoba que lleva la educaci\u00f3n ambiental a las escuelas de la ciudad. Es la cuarta [&hellip;]<\/p>\n","protected":false},"author":1,"featured_media":164064,"comment_status":"closed","ping_status":"closed","sticky":false,"template":"","format":"standard","meta":[],"categories":[44],"tags":[],"_links":{"self":[{"href":"http:\/\/cordobadirecto.com\/index.php\/wp-json\/wp\/v2\/posts\/164063"}],"collection":[{"href":"http:\/\/cordobadirecto.com\/index.php\/wp-json\/wp\/v2\/posts"}],"about":[{"href":"http:\/\/cordobadirecto.com\/index.php\/wp-json\/wp\/v2\/types\/post"}],"author":[{"embeddable":true,"href":"http:\/\/cordobadirecto.com\/index.php\/wp-json\/wp\/v2\/users\/1"}],"replies":[{"embeddable":true,"href":"http:\/\/cordobadirecto.com\/index.php\/wp-json\/wp\/v2\/comments?post=164063"}],"version-history":[{"count":0,"href":"http:\/\/cordobadirecto.com\/index.php\/wp-json\/wp\/v2\/posts\/164063\/revisions"}],"wp:featuredmedia":[{"embeddable":true,"href":"http:\/\/cordobadirecto.com\/index.php\/wp-json\/wp\/v2\/media\/164064"}],"wp:attachment":[{"href":"http:\/\/cordobadirecto.com\/index.php\/wp-json\/wp\/v2\/media?parent=164063"}],"wp:term":[{"taxonomy":"category","embeddable":true,"href":"http:\/\/cordobadirecto.com\/index.php\/wp-json\/wp\/v2\/categories?post=164063"},{"taxonomy":"post_tag","embeddable":true,"href":"http:\/\/cordobadirecto.com\/index.php\/wp-json\/wp\/v2\/tags?post=164063"}],"curies":[{"name":"wp","href":"https:\/\/api.w.org\/{rel}","templated":true}]}}